{"id":505602,"date":"2025-11-01T23:34:26","date_gmt":"2025-11-01T23:34:26","guid":{"rendered":"https:\/\/www.europesays.com\/fr\/505602\/"},"modified":"2025-11-01T23:34:26","modified_gmt":"2025-11-01T23:34:26","slug":"qui-est-leleve-immunise-ce-samedi-1er-novembre","status":"publish","type":"post","link":"https:\/\/www.europesays.com\/fr\/505602\/","title":{"rendered":"Qui est l&rsquo;\u00e9l\u00e8ve immunis\u00e9 ce samedi 1er novembre ?"},"content":{"rendered":"<p class=\"articleContent-meta\">\n        Hier \u00e0 22:17 &#8211; par             Doriane Kiniali<\/p>\n<p>                    Tweeter<\/p>\n<p>                    Partager sur Facebook<\/p>\n<p>                        <img decoding=\"async\" src=\"https:\/\/www.europesays.com\/fr\/wp-content\/uploads\/2025\/11\/star-academy-2025-ce-qu-il-faut-savoir-sur-la-nouvelle-saison.jpg\" alt=\"Player Video\" class=\"player-applyRatio poster exclude-seedtag\"\/><\/p>\n<p>Comme \u00e0 chaque prime depuis le d\u00e9but de la saison, un acad\u00e9micien parmi les trois meilleurs de la semaine a d\u00e9croch\u00e9 l&rsquo;immunit\u00e9. Plus t\u00f4t cette semaine, les professeurs de la Star Academy ont d\u00e9sign\u00e9 Victor, Ambre et Sarah comme \u00e9tant les \u00e9l\u00e8ves qui ont le mieux r\u00e9ussi leurs \u00e9valuations. Mais lequel d&rsquo;entre eux a obtenu l&rsquo;immunit\u00e9 ce samedi 1\u1d49\u02b3 novembre ?<\/p>\n<p>Ce samedi 1\u1d49\u02b3 novembre, TF1 retransmettait le troisi\u00e8me prime de la Star Academy qui se d\u00e9roule, comme \u00e0 l&rsquo;accoutum\u00e9e, dans le studio 217 de la Plaine Saint-Denis. Une soir\u00e9e durant laquelle <a href=\"https:\/\/www.programme.tv\/news\/emissions-tv\/265722-star-academy-2025-michael-goldman-devoile-l-enorme-programme-de-la-semaine-en-presence-de-charlotte-cardin-et-ed-sheeran\/\" rel=\"nofollow noopener\" target=\"_blank\">Ed Sheeran et Charlotte Cardin, le parrain et la marraine de la saison, ont \u00e9t\u00e9 mis \u00e0 l&rsquo;honneur<\/a>. Victor, Anouk et Jeanne ont en effet eu le privil\u00e8ge de partager la sc\u00e8ne avec la chanteuse canadienne, <a href=\"https:\/\/www.programme.tv\/news\/emissions-tv\/265781-tu-n-as-pas-le-droit-charlotte-cardin-star-academy-devoile-une-consigne-imposee-par-la-production-lors-des-evaluations\/\" rel=\"nofollow noopener\" target=\"_blank\">venue plus t\u00f4t dans la semaine \u00e0 l&rsquo;occasion des \u00e9valuations<\/a>. Ils ont interpr\u00e9t\u00e9 le tube Feel Good, tandis que L\u00e9ane a montr\u00e9 l&rsquo;\u00e9tendue de sa voix sur le titre Tant pis pour elle. Quant au musicien britannique, <a href=\"https:\/\/www.programme.tv\/news\/emissions-tv\/265821-star-academy-qui-sont-les-trois-eleves-qui-chanteront-avec-ed-sheeran\/\" rel=\"nofollow noopener\" target=\"_blank\">il a chant\u00e9 son tube Azizam aux c\u00f4t\u00e9s de Th\u00e9o P<\/a>., puis <a href=\"https:\/\/www.programme.tv\/news\/emissions-tv\/265832-soyez-a-la-hauteur-fanny-delaigue-star-academy-met-en-garde-leo-et-lily-avant-leur-duo-avec-ed-sheeran\/\" rel=\"nofollow noopener\" target=\"_blank\">son titre Sapphire avec L\u00e9o et Lily<\/a>. Le laur\u00e9at de 4 Grammy Awards a ensuite \u00e9t\u00e9 rejoint par sa cons\u0153ur et par les \u00e9l\u00e8ves pour une coll\u00e9giale sur son hit Shape of You.<\/p>\n<p>                                <b>Star Academy <\/b><b>: on conna\u00eet le nom de l&rsquo;\u00e9l\u00e8ve immunis\u00e9 du prime du samedi 1er novembre<\/b><\/p>\n<p>En plus de la venue de Charlotte Cardin et Ed Sheeran, mais aussi du girl band am\u00e9ricain Katseye, le troisi\u00e8me prime de la Star Academy a aussi \u00e9t\u00e9 marqu\u00e9 par la battle du top 3. Plus t\u00f4t dans la semaine, Michael Goldman a d\u00e9barqu\u00e9 au ch\u00e2teau de Dammarie-les-Lys pour annoncer le nom des acad\u00e9miciens qui avaient brillamment r\u00e9ussi leurs \u00e9valuations. Et <a href=\"https:\/\/www.programme.tv\/news\/emissions-tv\/265822-star-academy-qui-sont-les-eleves-du-top-3-de-la-semaine-ce-jeudi-30-octobre\/\" rel=\"nofollow noopener\" target=\"_blank\">ces derniers n&rsquo;\u00e9taient autres que Sarah, Victor et Ambre<\/a>, qui ont tout donn\u00e9 durant la soir\u00e9e pour d\u00e9crocher l&rsquo;immunit\u00e9. Pour se d\u00e9marquer, les apprentis chanteurs ont chant\u00e9 J&rsquo;avoue de Linh. Apr\u00e8s quelques minutes de suspense,<b> les t\u00e9l\u00e9spectateurs ont appris que c&rsquo;\u00e9tait Ambre qui a d\u00e9croch\u00e9 le pr\u00e9cieux s\u00e9same lui permettant de ne pas se faire nominer<\/b>.<\/p>\n<p>                <b>Star Academy <\/b><b>: apr\u00e8s Mehdi, qui est le deuxi\u00e8me \u00e9limin\u00e9 de la saison ? <\/b><\/p>\n<p>Le troisi\u00e8me prime de la Star Academy va s&rsquo;achever avec le d\u00e9part d&rsquo;un deuxi\u00e8me candidat. Noah et Lenny faisaient partie <a href=\"https:\/\/www.programme.tv\/news\/emissions-tv\/265790-star-academy-qui-sont-les-trois-eleves-nomines-ce-mercredi-29-octobre\/\" rel=\"nofollow noopener\" target=\"_blank\">des nomin\u00e9s de la semaine<\/a>, tout comme Ema. Avant de conna\u00eetre leur sort, la jeune acad\u00e9micienne d\u00e9fendra sa place en interpr\u00e9tant J&rsquo;y crois encore de Lara Fabian, tandis que les gar\u00e7ons chanteront Un homme de J\u00e9r\u00e9my Fr\u00e9rot et Longtemps d&rsquo;Amir.<\/p>\n<p>Article \u00e9crit avec la collaboration de 6M\u00e9dias<\/p>\n<p>Rejoignez-nous sur Google News !<\/p>\n<p class=\"articleContent-pushTagline\">Abonnez-vous \u00e0 <a href=\"https:\/\/news.google.com\/publications\/CAAiEJwr-IZFXDFoZD1ePbkC_VcqFAgKIhCcK_iGRVwxaGQ9Xj25Av1X\" rel=\"nofollow noopener\" target=\"_blank\">T\u00e9l\u00e9 2 semaines sur Google News<\/a> pour ne manquer aucune info !<\/p>\n","protected":false},"excerpt":{"rendered":"Hier \u00e0 22:17 &#8211; par Doriane Kiniali Tweeter Partager sur Facebook Comme \u00e0 chaque prime depuis le d\u00e9but&hellip;\n","protected":false},"author":2,"featured_media":505603,"comment_status":"","ping_status":"","sticky":false,"template":"","format":"standard","meta":{"footnotes":""},"categories":[1356],"tags":[58,59,1011,27,5095,252,199,2175,1364],"class_list":{"0":"post-505602","1":"post","2":"type-post","3":"status-publish","4":"format-standard","5":"has-post-thumbnail","7":"category-television","8":"tag-divertissement","9":"tag-entertainment","10":"tag-fr","11":"tag-france","12":"tag-star-academy","13":"tag-television","14":"tag-tf1","15":"tag-tl-story","16":"tag-tv"},"share_on_mastodon":{"url":"https:\/\/pubeurope.com\/@fr\/115477064774003107","error":""},"_links":{"self":[{"href":"https:\/\/www.europesays.com\/fr\/wp-json\/wp\/v2\/posts\/505602","targetHints":{"allow":["GET"]}}],"collection":[{"href":"https:\/\/www.europesays.com\/fr\/wp-json\/wp\/v2\/posts"}],"about":[{"href":"https:\/\/www.europesays.com\/fr\/wp-json\/wp\/v2\/types\/post"}],"author":[{"embeddable":true,"href":"https:\/\/www.europesays.com\/fr\/wp-json\/wp\/v2\/users\/2"}],"replies":[{"embeddable":true,"href":"https:\/\/www.europesays.com\/fr\/wp-json\/wp\/v2\/comments?post=505602"}],"version-history":[{"count":0,"href":"https:\/\/www.europesays.com\/fr\/wp-json\/wp\/v2\/posts\/505602\/revisions"}],"wp:featuredmedia":[{"embeddable":true,"href":"https:\/\/www.europesays.com\/fr\/wp-json\/wp\/v2\/media\/505603"}],"wp:attachment":[{"href":"https:\/\/www.europesays.com\/fr\/wp-json\/wp\/v2\/media?parent=505602"}],"wp:term":[{"taxonomy":"category","embeddable":true,"href":"https:\/\/www.europesays.com\/fr\/wp-json\/wp\/v2\/categories?post=505602"},{"taxonomy":"post_tag","embeddable":true,"href":"https:\/\/www.europesays.com\/fr\/wp-json\/wp\/v2\/tags?post=505602"}],"curies":[{"name":"wp","href":"https:\/\/api.w.org\/{rel}","templated":true}]}}