{"id":505604,"date":"2025-11-01T23:35:15","date_gmt":"2025-11-01T23:35:15","guid":{"rendered":"https:\/\/www.europesays.com\/fr\/505604\/"},"modified":"2025-11-01T23:35:15","modified_gmt":"2025-11-01T23:35:15","slug":"mariah-carey-lance-la-saison-de-noel-2025","status":"publish","type":"post","link":"https:\/\/www.europesays.com\/fr\/505604\/","title":{"rendered":"Mariah Carey lance la saison de No\u00ebl 2025"},"content":{"rendered":"<p>C&rsquo;est SON moment de l&rsquo;ann\u00e9e. La reine de No\u00ebl lance officiellement la saison 2025 ce samedi 1er novembre. <a href=\"https:\/\/www.laprovence.com\/article\/elles-co\/3436475\/mariah-carey-alcoolique-et-depressive.html\" target=\"_blank\" rel=\"noopener\">Mariah Carey<\/a> d\u00e9cr\u00e8te en effet qu&rsquo;il est d\u00e9sormais temps d&rsquo;\u00e9couter en boucle la chanson qui lui rapporte un maximum de royalties : \u00ab\u00a0<a href=\"https:\/\/www.laprovence.com\/article\/sortie-loisirs\/10152596060258\/all-i-want-for-christmas-is-you-de-mariah-carey-detronee-par-une-autre-chanson-de-noel\" target=\"_blank\" rel=\"noopener\">All I Want for Christmas is You<\/a>\u00ab\u00a0.<\/p>\n<p>Halloween bient\u00f4t plus qu&rsquo;un lointain souvenir<\/p>\n<p>2025 ne d\u00e9rogera pas \u00e0 la tradition, \u00e0 en croire la vid\u00e9o publi\u00e9e par la chanteuse sur les r\u00e9seaux sociaux, o\u00f9 elle annonce qu&rsquo;il \u00ab\u00a0est l&rsquo;heure\u00a0\u00bb (le fameux \u00ab\u00a0It&rsquo;s Time !!!\u00a0\u00bb) de lancer les festivit\u00e9s de fin d&rsquo;ann\u00e9e. Dans cette m\u00eame vid\u00e9o, on peut voir la star de 56 ans appara\u00eetre d\u00e9guis\u00e9e en ange pour <a href=\"https:\/\/www.laprovence.com\/article\/sortie-loisirs\/8022019862590714\/halloween-fete-de-la-courge-olivade-que-faire-en-provence-ce-week-end-des-31-octobre-1er-et-2-novembre\" target=\"_blank\" rel=\"noopener\">Halloween<\/a>, puis se transformer en <a href=\"https:\/\/www.laprovence.com\/article\/edition-marseille\/5628588\/la-mere-noel-des-petits-togolais.html\" target=\"_blank\" rel=\"noopener\">M\u00e8re No\u00ebl.<\/a><\/p>\n<p>Mariah Carey a d\u00e9clin\u00e9 sa chanson en livre pour enfants, s\u00e9rie, films d&rsquo;animation&#8230; Qu&rsquo;on aime ou pas <a href=\"https:\/\/www.laprovence.com\/article\/societe\/50442735708471\/a-peine-ses-80-ans-fetes-le-secours-populaire-de-greasque-met-le-cap-sur-noel\" target=\"_blank\" rel=\"noopener\">No\u00ebl<\/a>, impossible de passer \u00e0 c\u00f4t\u00e9.<\/p>\n","protected":false},"excerpt":{"rendered":"C&rsquo;est SON moment de l&rsquo;ann\u00e9e. La reine de No\u00ebl lance officiellement la saison 2025 ce samedi 1er novembre.&hellip;\n","protected":false},"author":2,"featured_media":505605,"comment_status":"","ping_status":"","sticky":false,"template":"","format":"standard","meta":{"footnotes":""},"categories":[1355],"tags":[17,62706,58,59,1011,27,26583,9447,62705,1361,873,15830,3242,104,62704],"class_list":{"0":"post-505604","1":"post","2":"type-post","3":"status-publish","4":"format-standard","5":"has-post-thumbnail","7":"category-musique","8":"tag-17","9":"tag-carey","10":"tag-divertissement","11":"tag-entertainment","12":"tag-fr","13":"tag-france","14":"tag-its","15":"tag-lance","16":"tag-mariah","17":"tag-music","18":"tag-musique","19":"tag-noel","20":"tag-saison","21":"tag-societe","22":"tag-time"},"share_on_mastodon":{"url":"https:\/\/pubeurope.com\/@fr\/115477068117222916","error":""},"_links":{"self":[{"href":"https:\/\/www.europesays.com\/fr\/wp-json\/wp\/v2\/posts\/505604","targetHints":{"allow":["GET"]}}],"collection":[{"href":"https:\/\/www.europesays.com\/fr\/wp-json\/wp\/v2\/posts"}],"about":[{"href":"https:\/\/www.europesays.com\/fr\/wp-json\/wp\/v2\/types\/post"}],"author":[{"embeddable":true,"href":"https:\/\/www.europesays.com\/fr\/wp-json\/wp\/v2\/users\/2"}],"replies":[{"embeddable":true,"href":"https:\/\/www.europesays.com\/fr\/wp-json\/wp\/v2\/comments?post=505604"}],"version-history":[{"count":0,"href":"https:\/\/www.europesays.com\/fr\/wp-json\/wp\/v2\/posts\/505604\/revisions"}],"wp:featuredmedia":[{"embeddable":true,"href":"https:\/\/www.europesays.com\/fr\/wp-json\/wp\/v2\/media\/505605"}],"wp:attachment":[{"href":"https:\/\/www.europesays.com\/fr\/wp-json\/wp\/v2\/media?parent=505604"}],"wp:term":[{"taxonomy":"category","embeddable":true,"href":"https:\/\/www.europesays.com\/fr\/wp-json\/wp\/v2\/categories?post=505604"},{"taxonomy":"post_tag","embeddable":true,"href":"https:\/\/www.europesays.com\/fr\/wp-json\/wp\/v2\/tags?post=505604"}],"curies":[{"name":"wp","href":"https:\/\/api.w.org\/{rel}","templated":true}]}}