{"id":505611,"date":"2025-11-01T23:39:11","date_gmt":"2025-11-01T23:39:11","guid":{"rendered":"https:\/\/www.europesays.com\/fr\/505611\/"},"modified":"2025-11-01T23:39:11","modified_gmt":"2025-11-01T23:39:11","slug":"il-reste-encore-des-places-2","status":"publish","type":"post","link":"https:\/\/www.europesays.com\/fr\/505611\/","title":{"rendered":"il reste encore des places"},"content":{"rendered":"<p>            Par<br \/>\n        <strong><br \/>\n            <a href=\"https:\/\/actu.fr\/auteur\/aurelien-burban\" title=\"Consulter tous les articles de Aur\u00e9lien Burban\" rel=\"nofollow noopener\" target=\"_blank\">Aur\u00e9lien Burban<\/a><br \/>\n        <\/strong><\/p>\n<p>        Publi\u00e9 le<\/p>\n<p>            1 nov. 2025 \u00e0 16h21<br \/>\n        ; mis \u00e0 jour le 1 nov. 2025 \u00e0 17h17    <\/p>\n<p>Succ\u00e8s assur\u00e9 pour cette bo\u00eete de nuit en <a href=\"https:\/\/actu.fr\/pays-de-la-loire\/sarthe_72\" rel=\"nofollow noopener\" target=\"_blank\">Sarthe\u2009<\/a>! Samedi 15\u00a0novembre 2025, le c\u00e9l\u00e8bre chanteur <b>Gims<\/b> se produira au <a href=\"https:\/\/actu.fr\/pays-de-la-loire\/la-chapelle-d-aligne_72061\/apres-un-bon-demarrage-les-patrons-de-cette-boite-de-nuit-de-sarthe-ont-encore-des-projets_63154683.html\" rel=\"nofollow noopener\" target=\"_blank\">Dream Club, anciennement l\u2019Aqualimba<\/a>, \u00e0 La <a href=\"https:\/\/actu.fr\/pays-de-la-loire\/la-chapelle-d-aligne_72061\" rel=\"nofollow noopener\" target=\"_blank\">Chapelle d\u2019Align\u00e9<\/a>, entre La Fl\u00e8che et Sabl\u00e9-sur-Sarthe.<\/p>\n<p>Gims se produit dans une discoth\u00e8que en Sarthe : les places seront ch\u00e8res<\/p>\n<p class=\" wall-content\">Qui dit artiste exceptionnel, dit prix exceptionnel\u2009! D\u2019habitude, pour entrer dans cette discoth\u00e8que et danser, il faut d\u00e9bourser 10\u00a0\u20ac avec une consommation offerte.<\/p>\n<p>    <a href=\"https:\/\/www.facebook.com\/plugins\/post.php?href=https%3A%2F%2Fwww.facebook.com%2Fpermalink.php%3Fstory_fbid%3Dpfbid024EJEEuUEz1WhC4cBgzpDRGNbr17TW4QaFwwYTqrwBexJwe9QLjPAUBGNmbZdG5uwl%26id%3D61564320793878&amp;show_text=true&amp;width=350\" title=\"Ouvrie le lien\" rel=\"nofollow noopener\" target=\"_blank\">Cliquez ici pour visualiser le contenu<\/a><\/p>\n<p class=\" wall-content\">Cette fois, ce sera plus cher\u2009! Pour assister \u00e0 ce showcase, <b>comptez sur une entr\u00e9e \u00e0 39,99\u00a0\u20ac<\/b> si vous r\u00e9servez sur internet via ce <a href=\"https:\/\/shotgun.live\/fr\/events\/gims-en-showcase-au-dream-club?fbclid=IwY2xjawNy-CBleHRuA2FlbQIxMABicmlkETFFdVVqVDI1bWdMZWtxc3l5AR7ewv5wv2-AfN2oLVhAW_RO-MvHEROLpF7W6_XJv6HZJ1ewVq28x024E-z4DA_aem_U19y9n8VOeEUGseaEIS0kg\" rel=\"nofollow noopener\" target=\"_blank\">lien<\/a>.<\/p>\n<p class=\" wall-content\">Il faut r\u00e9server au plus vite car \u00ab\u00a0d\u00e9j\u00e0 800 places sur 1 200 sont vendus\u00a0\u00bb affirme l\u2019un des cog\u00e9rants.<\/p>\n<p>Vid\u00e9os : en ce moment sur ActuUn \u00e9v\u00e8nement interg\u00e9n\u00e9rationnel au plus proche de l\u2019artiste<\/p>\n<p class=\" wall-content\">\u00ab\u00a0Certains ont cru \u00e0 une blague et on a re\u00e7u beaucoup d\u2019appels pour savoir si c\u2019\u00e9tait vrai !\u00a0\u00bb Car le chanteur se produira en aftershow apr\u00e8s <a href=\"https:\/\/actu.fr\/normandie\/alencon_61001\/organisatrice-du-concert-de-gims-a-alencon-cette-entreprise-normande-veut-exploiter-le-potentiel-danova_63353140.html\" rel=\"nofollow noopener\" target=\"_blank\">son concert \u00e0 Alen\u00e7on<\/a>.<\/p>\n<p>Votre r\u00e9gion, votre actu !<\/p>\n<p>Recevez chaque jour les infos qui comptent pour vous.<\/p>\n<p>\t<a href=\"https:\/\/actu.fr\/newsletter\" class=\"ac-btn ac-btn--corner ac-btn--medium ac-btn--blue800\" rel=\"nofollow noopener\" target=\"_blank\">S&rsquo;incrire<\/a><\/p>\n<p class=\" wall-content\">Mais surtout, Gims est connu de toutes les g\u00e9n\u00e9rations. \u00ab\u00a0Des personnes de 40 ou 50 ans nous appellent pour savoir s\u2019il est possible de venir. On leur indique qu\u2019on ouvre toutes les salles, dont une qui passe de la musique des ann\u00e9es 80-90-2000.\u00a0\u00bb\u00a0<\/p>\n<p class=\" wall-content\">Le Dream Club n\u2019est pas une salle de <a href=\"https:\/\/actu.fr\/loisirs-culture\/concert\" rel=\"nofollow noopener\" target=\"_blank\">concert<\/a>, donc \u00ab\u00a0les clients seront au plus proche de l\u2019artiste\u00a0\u00bb.<\/p>\n<p>Dream Club, lieu-dit Les Dagueneti\u00e8res \u00e0 La Chapelle d\u2019Align\u00e9. Entr\u00e9e autoris\u00e9e \u00e0 partir de 17\u00a0ans, accompagn\u00e9 d\u2019un majeur obligatoirement. Ouverture des portes \u00e0 23\u2009h.\u00a0Infos et r\u00e9servations au 06\u200952\u200944\u200933\u200969.<\/p>\n<p class=\" wall-content\">Personnalisez votre actualit\u00e9 en ajoutant vos villes et m\u00e9dias en favori avec <a href=\"https:\/\/moncompte.actu.fr\" title=\"D\u00e9couvez Mon Actu\" rel=\"nofollow noopener\" data-trk=\"{&quot;cta&quot;:{&quot;action&quot;:&quot;https:\\\/\\\/moncompte.actu.fr&quot;,&quot;category&quot;:&quot;mon compte&quot;,&quot;from&quot;:&quot;article footer&quot;,&quot;name&quot;:&quot;Mon actu&quot;,&quot;type&quot;:&quot;cta&quot;}}\" target=\"_blank\">Mon Actu<\/a>.<\/p>\n","protected":false},"excerpt":{"rendered":"Par Aur\u00e9lien Burban Publi\u00e9 le 1 nov. 2025 \u00e0 16h21 ; mis \u00e0 jour le 1 nov. 2025&hellip;\n","protected":false},"author":2,"featured_media":505612,"comment_status":"","ping_status":"","sticky":false,"template":"","format":"standard","meta":{"footnotes":""},"categories":[8],"tags":[1063,58,59,1011,27,1652,873],"class_list":{"0":"post-505611","1":"post","2":"type-post","3":"status-publish","4":"format-standard","5":"has-post-thumbnail","7":"category-divertissement","8":"tag-animations","9":"tag-divertissement","10":"tag-entertainment","11":"tag-fr","12":"tag-france","13":"tag-loisirs-culture","14":"tag-musique"},"share_on_mastodon":{"url":"https:\/\/pubeurope.com\/@fr\/115477083973574453","error":""},"_links":{"self":[{"href":"https:\/\/www.europesays.com\/fr\/wp-json\/wp\/v2\/posts\/505611","targetHints":{"allow":["GET"]}}],"collection":[{"href":"https:\/\/www.europesays.com\/fr\/wp-json\/wp\/v2\/posts"}],"about":[{"href":"https:\/\/www.europesays.com\/fr\/wp-json\/wp\/v2\/types\/post"}],"author":[{"embeddable":true,"href":"https:\/\/www.europesays.com\/fr\/wp-json\/wp\/v2\/users\/2"}],"replies":[{"embeddable":true,"href":"https:\/\/www.europesays.com\/fr\/wp-json\/wp\/v2\/comments?post=505611"}],"version-history":[{"count":0,"href":"https:\/\/www.europesays.com\/fr\/wp-json\/wp\/v2\/posts\/505611\/revisions"}],"wp:featuredmedia":[{"embeddable":true,"href":"https:\/\/www.europesays.com\/fr\/wp-json\/wp\/v2\/media\/505612"}],"wp:attachment":[{"href":"https:\/\/www.europesays.com\/fr\/wp-json\/wp\/v2\/media?parent=505611"}],"wp:term":[{"taxonomy":"category","embeddable":true,"href":"https:\/\/www.europesays.com\/fr\/wp-json\/wp\/v2\/categories?post=505611"},{"taxonomy":"post_tag","embeddable":true,"href":"https:\/\/www.europesays.com\/fr\/wp-json\/wp\/v2\/tags?post=505611"}],"curies":[{"name":"wp","href":"https:\/\/api.w.org\/{rel}","templated":true}]}}