{"id":505613,"date":"2025-11-01T23:40:15","date_gmt":"2025-11-01T23:40:15","guid":{"rendered":"https:\/\/www.europesays.com\/fr\/505613\/"},"modified":"2025-11-01T23:40:15","modified_gmt":"2025-11-01T23:40:15","slug":"pour-le-pre-black-friday-ce-geant-tv-samsung-mini-led-de-75-pouces-soffre-une-belle-remise-chez-boulanger","status":"publish","type":"post","link":"https:\/\/www.europesays.com\/fr\/505613\/","title":{"rendered":"Pour le pr\u00e9-Black Friday, ce g\u00e9ant TV Samsung Mini LED de 75 pouces s&rsquo;offre une belle remise chez Boulanger"},"content":{"rendered":"<p>La Samsung TV Mini LED NeoQLED TQ75QN77F offre une qualit\u00e9 d\u2019image \u00e9poustouflante, mais aussi un excellent son gr\u00e2ce \u00e0 l\u2019Adaptive Sound. En cette p\u00e9riode de pr\u00e9-Black Friday, Boulanger baisse le prix de la TV Mini LED Neo QLED de Samsung passant de 1299 euros \u00e0 1199 euros. <\/p>\n<p><a href=\"https:\/\/images.frandroid.com\/wp-content\/uploads\/2025\/10\/lg-65qned86a-black-friday-frandroid-1-1.jpg\" target=\"_blank\" class=\"article-content__figure\" rel=\"noopener\"><img fetchpriority=\"high\" decoding=\"async\" loading=\"eager\" width=\"1200\" height=\"675\" src=\"https:\/\/www.europesays.com\/fr\/wp-content\/uploads\/2025\/11\/lg-65qned86a-black-friday-frandroid-1-1.jpg\" alt=\"TV Mini Led SAMSUNG NeoQLED Black Friday 2025\" class=\"wp-image-2851065 wp-image wp-image\"  \/><\/a><\/p>\n<p>La Samsung TV Mini Led NeoQLED TQ75QN77F sortie en 2025 s\u2019affiche comme un petit bijou de technologie. Entre son processeur NQ4 AI Gen2 et la pr\u00e9sence de l\u2019Adaptive Sound, elle sait allier qualit\u00e9 visuelle et sonore pour une exp\u00e9rience immersive. \u00c0 l\u2019occasion du <a href=\"https:\/\/www.frandroid.com\/bons-plans\/2849105_cest-le-black-friday-en-avance-voici-les-meilleures-offres-tech-en-direct\" target=\"_blank\" rel=\"noopener\">pr\u00e9-Black Friday<\/a>, Boulanger offre <a href=\"https:\/\/shop.frandroid.com\/uzdau834\" target=\"_blank\" rel=\"noreferrer noopener affiliate nofollow\" data-gtm=\"{&quot;event&quot;:&quot;afficlic&quot;,&quot;nom_marchand&quot;:&quot;boulanger&quot;,&quot;nom_produit&quot;:&quot;inconnu&quot;,&quot;categorie_produit&quot;:&quot;inconnu&quot;,&quot;module_produit&quot;:&quot;editolink&quot;,&quot;position_marchand&quot;:0,&quot;texte&quot;:&quot;un-remise-de-8-sur-ce-televiseur&quot;,&quot;offer_url&quot;:&quot;https:\/\/shop.frandroid.com\/uzdau834&quot;,&quot;zone&quot;:&quot;contenu-page&quot;}\">une remise de 8 % sur ce t\u00e9l\u00e9viseur<\/a>. Il passe ainsi de 1299 euros \u00e0 1199 euros.<\/p>\n<p>Pourquoi choisir cette TV Mini LED de Samsung\u00a0?<\/p>\n<ul class=\"wp-block-list\">\n<li>Le processeur\u00a0NQ4 AI Gen2 pour une qualit\u00e9 exceptionnelle m\u00eame pour les sc\u00e8nes les plus sombres<\/li>\n<li>Un taux de rafra\u00eechissement de 144 Hz qui saura convenir aux gamers<\/li>\n<li>La pr\u00e9sence de l\u2019Adaptive Sound pour une qualit\u00e9 sonore accrue<\/li>\n<\/ul>\n<p>Chez Boulanger, ce t\u00e9l\u00e9viseur de Samsung est \u00e0 retrouver au prix de 1199 euros contre 1299 euros en temps normal.<\/p>\n<p>Une qualit\u00e9 visuelle et sonore \u00e0 la pointe de la technologie<\/p>\n<p>Si cette TV Mini LED NeoQLED TQ75QN77F de Samsung mesure 75 pouces (189cm), son point fort est, sans aucun doute, la pr\u00e9sence de ce processeur NQ4 AI Gen 2 qui optimise chaque d\u00e9tail pour offrir une qualit\u00e9 d\u2019image optimale peu importe qu\u2019il s\u2019agisse d\u2019une sc\u00e8ne lumineuse ou sombre. La pr\u00e9sence du Color Booster Pro vient enrichir la palette de couleurs de ce t\u00e9l\u00e9viseur pour offrir des images plus vivantes tandis que le HDR10+ vient renforcer les contrastes.<\/p>\n<p>Niveau sonore, ce t\u00e9l\u00e9viseur n\u2019est pas en reste puisque l\u2019Adaptive Sound est pr\u00e9sent. Il analyse chaque sc\u00e8ne en temps r\u00e9el afin de rendre les dialogues plus audibles sans que les spectateurs n\u2019aient besoin de toucher au volume g\u00e9n\u00e9ral de la t\u00e9l\u00e9vision.<\/p>\n<p>Enfin pour ceux qui souhaitent s\u2019offrir une exp\u00e9rience vid\u00e9oludique sur grand \u00e9cran, ce t\u00e9l\u00e9viseur offre un taux de rafra\u00eechissement de 144 Hz pour des sessions de jeu sans aucun ralentissement. <\/p>\n<p>Une exp\u00e9rience connect\u00e9e<\/p>\n<p>Gr\u00e2ce \u00e0 la pr\u00e9sence de l\u2019interface One UI 2025, ce t\u00e9l\u00e9viseur permet une navigation fluide entre les diff\u00e9rentes applications pr\u00e9sentes. De quoi passer des plateformes de streaming aux jeux vid\u00e9o propos\u00e9s dans le Gaming Hub sans aucune difficult\u00e9.<\/p>\n<p>Pour renforcer cette accessibilit\u00e9, cette TV Mini LED NeoQLED TQ75QN77F emporte \u00e9galement les assistants vocaux Bixby et Alexa pour permettre un contr\u00f4le via la voix, mais aussi la possibilit\u00e9 de diffuser du contenu depuis votre t\u00e9l\u00e9phone vers le t\u00e9l\u00e9viseur gr\u00e2ce au AirPlay int\u00e9gr\u00e9 ou le mirroring bidirectionnel.<\/p>\n<p>Pour finir, niveau connectique, elle embarque quatre ports <a href=\"https:\/\/www.frandroid.com\/produits-android\/tv-connectee-produits\/1162521_hdmi-2-1-dolby-hdr-vrr-allm-444-10-bits-tout-comprendre-au-nouveau-jargon-de-la-tv\" target=\"_blank\" rel=\"noopener\">HDMI 2.1,<\/a> deux ports USB, mais aussi un port Ethernet. Pour l\u2019audio, il est possible de la connecter \u00e0 une barre de son en num\u00e9rique ou de se servir du Bluetooth pour y connecter un casque ou une enceinte.<\/p>\n<p>Pour en savoir plus sur les meilleurs t\u00e9l\u00e9viseurs du moment, n\u2019h\u00e9sitez pas \u00e0 jeter un \u0153il \u00e0 <a href=\"https:\/\/www.frandroid.com\/guide-dachat\/guides-dachat-tv\/508152_quelle-television-4k-choisir-la-selection-de-la-redaction\" target=\"_blank\" rel=\"noreferrer noopener\">notre guide consacr\u00e9.<\/a><\/p>\n<p>Black Friday 2025 : pour ne rien rater des offres en avant-premi\u00e8re<\/p>\n<p>Le v\u00e9ritable Black Friday ne commencera que le 28 novembre prochain, mais les e-commer\u00e7ants ont d\u00e9j\u00e0 partag\u00e9 des offres en avance. Une aubaine si vous voulez anticiper vos achats de fin d\u2019ann\u00e9e. <\/p>\n<p>Si vous n\u2019avez pas trouv\u00e9 votre bonheur dans les s\u00e9lections pr\u00e9c\u00e9demment cit\u00e9es, voici ce qu\u2019il vous reste \u00e0 faire : <\/p>\n<ul class=\"wp-block-list\">\n<li>Suivez notre compte X\u00a0<a href=\"https:\/\/twitter.com\/FrandroidPromos\" target=\"_blank\" rel=\"noreferrer noopener\">@FrandroidPromos<\/a> uniquement d\u00e9di\u00e9 aux bons plans (pensez \u00e0 activer la cloche pour recevoir les notifications en temps r\u00e9el)<\/li>\n<li><a href=\"https:\/\/whatsapp.com\/channel\/0029VabYxm5LI8YhSlD8xc05\" target=\"_blank\" rel=\"noreferrer noopener\">Rejoignez notre canal WhatsApp<\/a> pour recevoir une fois par jour un condens\u00e9 des meilleures offres<\/li>\n<li>T\u00e9l\u00e9chargez notre <a href=\"https:\/\/www.frandroid.com\/telecharger\/apps\/frandroid\" target=\"_blank\" rel=\"noreferrer noopener\">application Frandroid<\/a> (disponible sur iOS et Android) pour activer les notifications de la cat\u00e9gorie \u00ab Bons Plans \u00bb et ainsi recevoir en temps r\u00e9el les nouveaux articles li\u00e9s aux Black Friday 2025<\/li>\n<li>Abonnez-vous \u00e0 notre newsletter pour \u00eatre s\u00fbr de recevoir les offres en avant-premi\u00e8re (pas plus d\u2019un mail par jour, d\u00e9sinscription en 1 clic, aucune diffusion \u00e0 des tiers) :<\/li>\n<\/ul>\n<p class=\"newsletter-form__title is-size-6 is-size-7-mobile is-uppercase has-text-good-deals has-text-weight-semibold mb-4 px-5\">Frandroid Bons plans<\/p>\n<p class=\"has-text-centered-tablet newsletter-form__subtitle is-size-4 has-text-weight-bold has-text-primary column is-9-tablet is-10-mobile\">\n                C\u2019est enregistr\u00e9 ! Surveillez votre bo\u00eete aux lettres, vous allez entendre parler de nous\u00a0!\n            <\/p>\n<p class=\"newsletter-form__subtitle is-size-4 has-text-weight-bold has-text-gradient-pink\">Ne manquez aucun bon plan avec notre newsletter<\/p>\n<p class=\"is-size-7\">\n                Les donn\u00e9es transmises par le biais de ce formulaire sont destin\u00e9es \u00e0 Humanoid,<br \/>\n                soci\u00e9t\u00e9 \u00e9ditrice du site Frandroid en sa qualit\u00e9 de responsable de traitement.<br \/>\n                Elles ne seront en aucun cas c\u00e9d\u00e9es \u00e0 des tiers. Ces donn\u00e9es sont trait\u00e9es sous r\u00e9serve d\u2019obtention de<br \/>\n                votre consentement pour vous envoyer par e-mail des actualit\u00e9s et informations relatives aux contenus<br \/>\n                \u00e9ditoriaux publi\u00e9s sur Frandroid. Vous pouvez vous opposer \u00e0 tout moment \u00e0 ces e-mails<br \/>\n                en cliquant sur les liens de d\u00e9sinscriptions pr\u00e9sents dans chacun d\u2019eux. Pour plus d\u2019informations, vous<br \/>\n                pouvez consulter l\u2019int\u00e9gralit\u00e9 de notre <a href=\"https:\/\/www.frandroid.com\/politique-donnees-personnelles\" target=\"_blank\" rel=\"noopener\"><br \/>\n                politique de traitement de vos donn\u00e9es personnelles<\/a>.<br \/>\n                Vous disposez d\u2019un droit d\u2019acc\u00e8s, de rectification, d\u2019effacement, de limitation, de portabilit\u00e9 et<br \/>\n                d\u2019opposition pour motif l\u00e9gitime aux donn\u00e9es personnelles vous concernant. Pour exercer l\u2019un de ces droits,<br \/>\n                merci d\u2019effectuer votre demande via notre <a href=\"https:\/\/www.frandroid.com\/contact\/#RGPD\" target=\"_blank\" rel=\"noopener\">formulaire<br \/>\n                de demandes d\u2019exercices de droits d\u00e9di\u00e9<\/a>.\n            <\/p>\n<p>            <script async src=\"https:\/\/platform.twitter.com\/widgets.js\" charset=\"utf-8\"><\/script><\/p>\n","protected":false},"excerpt":{"rendered":"La Samsung TV Mini LED NeoQLED TQ75QN77F offre une qualit\u00e9 d\u2019image \u00e9poustouflante, mais aussi un excellent son gr\u00e2ce&hellip;\n","protected":false},"author":2,"featured_media":505614,"comment_status":"","ping_status":"","sticky":false,"template":"","format":"standard","meta":{"footnotes":""},"categories":[7],"tags":[62374,3042,1011,27,43,40,41,39,42,44],"class_list":{"0":"post-505613","1":"post","2":"type-post","3":"status-publish","4":"format-standard","5":"has-post-thumbnail","7":"category-sciences-et-technologies","8":"tag-black-friday-2025","9":"tag-bons-plans-boulanger","10":"tag-fr","11":"tag-france","12":"tag-science","13":"tag-science-and-technology","14":"tag-sciences","15":"tag-sciences-et-technologies","16":"tag-technologies","17":"tag-technology"},"share_on_mastodon":{"url":"https:\/\/pubeurope.com\/@fr\/115477088274634339","error":""},"_links":{"self":[{"href":"https:\/\/www.europesays.com\/fr\/wp-json\/wp\/v2\/posts\/505613","targetHints":{"allow":["GET"]}}],"collection":[{"href":"https:\/\/www.europesays.com\/fr\/wp-json\/wp\/v2\/posts"}],"about":[{"href":"https:\/\/www.europesays.com\/fr\/wp-json\/wp\/v2\/types\/post"}],"author":[{"embeddable":true,"href":"https:\/\/www.europesays.com\/fr\/wp-json\/wp\/v2\/users\/2"}],"replies":[{"embeddable":true,"href":"https:\/\/www.europesays.com\/fr\/wp-json\/wp\/v2\/comments?post=505613"}],"version-history":[{"count":0,"href":"https:\/\/www.europesays.com\/fr\/wp-json\/wp\/v2\/posts\/505613\/revisions"}],"wp:featuredmedia":[{"embeddable":true,"href":"https:\/\/www.europesays.com\/fr\/wp-json\/wp\/v2\/media\/505614"}],"wp:attachment":[{"href":"https:\/\/www.europesays.com\/fr\/wp-json\/wp\/v2\/media?parent=505613"}],"wp:term":[{"taxonomy":"category","embeddable":true,"href":"https:\/\/www.europesays.com\/fr\/wp-json\/wp\/v2\/categories?post=505613"},{"taxonomy":"post_tag","embeddable":true,"href":"https:\/\/www.europesays.com\/fr\/wp-json\/wp\/v2\/tags?post=505613"}],"curies":[{"name":"wp","href":"https:\/\/api.w.org\/{rel}","templated":true}]}}