{"id":505617,"date":"2025-11-01T23:42:10","date_gmt":"2025-11-01T23:42:10","guid":{"rendered":"https:\/\/www.europesays.com\/fr\/505617\/"},"modified":"2025-11-01T23:42:10","modified_gmt":"2025-11-01T23:42:10","slug":"donald-trump-menace-le-nigeria-dune-action-militaire-pour-faire-cesser-les-meurtres-de-chretiens","status":"publish","type":"post","link":"https:\/\/www.europesays.com\/fr\/505617\/","title":{"rendered":"Donald Trump menace le Nigeria d\u2019une action militaire pour faire cesser \u00ab\u00a0les meurtres de chr\u00e9tiens\u00a0\u00bb"},"content":{"rendered":"<p>La campagne pour d\u00e9crocher <a href=\"https:\/\/www.20minutes.fr\/monde\/etats-unis\/4177913-20251009-prix-nobel-paix-2025-pourquoi-donald-trump-aucune-chance-avoir-annee\" class=\"c-link c-link--is-underlined\" target=\"_blank\" rel=\"noopener\">le prix Nobel de la paix<\/a> est termin\u00e9e\u2026 Donald Trump a menac\u00e9 samedi le Nigeria d\u2019une action militaire. Le pr\u00e9sident am\u00e9ricain somme le pays le plus peupl\u00e9 d\u2019Afrique d\u2019arr\u00eater ce qu\u2019il consid\u00e8re comme des \u00ab\u00a0<a href=\"https:\/\/www.20minutes.fr\/monde\/2660259-20191126-etats-unis-trump-choisi-dieu-affirme-ministres\" class=\"c-link c-link--is-underlined\" target=\"_blank\" rel=\"noopener\">meurtres de chr\u00e9tiens<\/a>\u00a0\u00bb par des \u00ab\u00a0terroristes islamistes\u00a0\u00bb.<\/p>\n<\/p>\n<p>\u00ab\u00a0Si le gouvernement nig\u00e9rian continue de tol\u00e9rer les meurtres de chr\u00e9tiens, les Etats-Unis cesseront imm\u00e9diatement toute aide au Nigeria, et pourraient tr\u00e8s bien aller dans ce pays d\u00e9sormais d\u00e9shonor\u00e9 en d\u00e9fouraillant \u00e0 tout-va, pour an\u00e9antir compl\u00e8tement les terroristes islamistes qui commettent ces atrocit\u00e9s horribles. J\u2019ordonne au minist\u00e8re de la Guerre de se pr\u00e9parer \u00e0 une \u00e9ventuelle action\u00a0\u00bb, a \u00e9crit le pr\u00e9sident am\u00e9ricain sur sa plateforme Truth Social.<\/p>\n<p>Des accusations r\u00e9currentes<\/p>\n<p>Les autorit\u00e9s nig\u00e9rianes d\u00e9mentent les accusations de pers\u00e9cution des chr\u00e9tiens dans le pays.<\/p>\n<p>Cette accusation de la part de Donald Trump n\u2019est pas la premi\u00e8re du genre concernant un pays africain. L\u2019an dernier il avait accus\u00e9 l\u2019Afrique du Sud de cacher <a href=\"https:\/\/www.20minutes.fr\/monde\/etats-unis\/4154769-20250521-etats-unis-trump-piege-president-sud-africain-video-controversee-pretendu-genocide-blanc\" class=\"c-link c-link--is-underlined\" target=\"_blank\" rel=\"noopener\">des meurtres et expropriations<\/a> d\u2019agriculteurs blancs et chr\u00e9tiens. Aucune de ces accusations n\u2019\u00e9tait fond\u00e9e et toutes ont \u00e9t\u00e9 invalid\u00e9es par plusieurs institutions.<\/p>\n","protected":false},"excerpt":{"rendered":"La campagne pour d\u00e9crocher le prix Nobel de la paix est termin\u00e9e\u2026 Donald Trump a menac\u00e9 samedi le&hellip;\n","protected":false},"author":2,"featured_media":505618,"comment_status":"","ping_status":"","sticky":false,"template":"","format":"standard","meta":{"footnotes":""},"categories":[5],"tags":[47,11,879,5594,75,73,1011,27,14,74,12,4778,28],"class_list":{"0":"post-505617","1":"post","2":"type-post","3":"status-publish","4":"format-standard","5":"has-post-thumbnail","7":"category-international","8":"tag-actualite","9":"tag-actualites","10":"tag-afrique","11":"tag-afrique-du-sud","12":"tag-donald-trump","13":"tag-etats-unis","14":"tag-fr","15":"tag-france","16":"tag-international","17":"tag-monde","18":"tag-news","19":"tag-nigeria","20":"tag-world"},"share_on_mastodon":{"url":"https:\/\/pubeurope.com\/@fr\/115477095632907026","error":""},"_links":{"self":[{"href":"https:\/\/www.europesays.com\/fr\/wp-json\/wp\/v2\/posts\/505617","targetHints":{"allow":["GET"]}}],"collection":[{"href":"https:\/\/www.europesays.com\/fr\/wp-json\/wp\/v2\/posts"}],"about":[{"href":"https:\/\/www.europesays.com\/fr\/wp-json\/wp\/v2\/types\/post"}],"author":[{"embeddable":true,"href":"https:\/\/www.europesays.com\/fr\/wp-json\/wp\/v2\/users\/2"}],"replies":[{"embeddable":true,"href":"https:\/\/www.europesays.com\/fr\/wp-json\/wp\/v2\/comments?post=505617"}],"version-history":[{"count":0,"href":"https:\/\/www.europesays.com\/fr\/wp-json\/wp\/v2\/posts\/505617\/revisions"}],"wp:featuredmedia":[{"embeddable":true,"href":"https:\/\/www.europesays.com\/fr\/wp-json\/wp\/v2\/media\/505618"}],"wp:attachment":[{"href":"https:\/\/www.europesays.com\/fr\/wp-json\/wp\/v2\/media?parent=505617"}],"wp:term":[{"taxonomy":"category","embeddable":true,"href":"https:\/\/www.europesays.com\/fr\/wp-json\/wp\/v2\/categories?post=505617"},{"taxonomy":"post_tag","embeddable":true,"href":"https:\/\/www.europesays.com\/fr\/wp-json\/wp\/v2\/tags?post=505617"}],"curies":[{"name":"wp","href":"https:\/\/api.w.org\/{rel}","templated":true}]}}