{"id":505626,"date":"2025-11-01T23:50:22","date_gmt":"2025-11-01T23:50:22","guid":{"rendered":"https:\/\/www.europesays.com\/fr\/505626\/"},"modified":"2025-11-01T23:50:22","modified_gmt":"2025-11-01T23:50:22","slug":"basket-strasbourg-sluc-nancy-la-sig-en-formation-serree","status":"publish","type":"post","link":"https:\/\/www.europesays.com\/fr\/505626\/","title":{"rendered":"Basket. Strasbourg &#8211; SLUC Nancy\u00a0: la SIG en formation serr\u00e9e"},"content":{"rendered":"<p>\u00a0<\/p>\n<p>Strasbourg &#8211; SLUC<\/p>\n<p>Ce samedi (18 h 10)<\/p>\n<p>Avec une masse salariale en l\u00e9g\u00e8re baisse cette saison (1,8\u00a0million d\u2019euros\u00a0; -4\u00a0%), Strasbourg et son entra\u00eeneur letton Janis Gailitis ont construit une \u00e9quipe relativement jeune et inexp\u00e9riment\u00e9e. C\u2019est notamment le cas des deux int\u00e9rieurs \u00e9trangers, l\u2019Am\u00e9ricain Ben Gregg (22 ans) et le Nig\u00e9rian Nelly Joseph (23 ans), les deux rookies de la raquette alsacienne. Il faut dire qu\u2019en mati\u00e8re de \u00ab\u00a0bouteille\u00a0\u00bb, le meneur US Marcus Keene (30 ans), de retour \u00e0 la SIG, a de quoi faire dans les valises.<\/p>\n<p>Avec une rotation plus resserr\u00e9e, la formation strasbourgeoise s\u2019appuie largement sur sa main-d\u2019\u0153uvre \u00e9trang\u00e8re pour alimenter la marque. L\u2019ailier Gabe Brown (17 points), Marcus Keene (15 points) et l\u2019arri\u00e8re Mike Davies Jr (14,4 points) constituent un trio offensif qui p\u00e8se plus de 46 points de moyenne par match.<\/p>\n<p>Apr\u00e8s avoir encha\u00een\u00e9 trois succ\u00e8s cons\u00e9cutifs (contre Le Portel, \u00e0 Gravelines, puis face \u00e0 Nanterre), la SIG s\u2019\u00e9tait inclin\u00e9e de peu \u00e0 Dijon, lors de la derni\u00e8re journ\u00e9e (95-89). Mais elle a retrouv\u00e9 le chemin de la victoire, ce mardi en Coupe de France (16e e finale), sur le parquet du pensionnaire de N1 Orchies (66-73).<\/p>\n","protected":false},"excerpt":{"rendered":"\u00a0 Strasbourg &#8211; SLUC Ce samedi (18 h 10) Avec une masse salariale en l\u00e9g\u00e8re baisse cette saison&hellip;\n","protected":false},"author":2,"featured_media":505627,"comment_status":"","ping_status":"","sticky":false,"template":"","format":"standard","meta":{"footnotes":""},"categories":[9635],"tags":[1111,11,1791,1704,1777,674,107,1701,1011,27,775,1702,1703,12,25,11567,517,1700],"class_list":{"0":"post-505626","1":"post","2":"type-post","3":"status-publish","4":"format-standard","5":"has-post-thumbnail","7":"category-nancy","8":"tag-actu","9":"tag-actualites","10":"tag-basket-ball","11":"tag-edition-nancy-et-agglomeration","12":"tag-eu","13":"tag-europe","14":"tag-fil-info","15":"tag-fil-info-sport","16":"tag-fr","17":"tag-france","18":"tag-grand-est","19":"tag-nancy","20":"tag-nancy-ville-54b","21":"tag-news","22":"tag-republique-francaise","23":"tag-sluc","24":"tag-sport","25":"tag-sport-lorrain"},"share_on_mastodon":{"url":"https:\/\/pubeurope.com\/@fr\/115477127016006487","error":""},"_links":{"self":[{"href":"https:\/\/www.europesays.com\/fr\/wp-json\/wp\/v2\/posts\/505626","targetHints":{"allow":["GET"]}}],"collection":[{"href":"https:\/\/www.europesays.com\/fr\/wp-json\/wp\/v2\/posts"}],"about":[{"href":"https:\/\/www.europesays.com\/fr\/wp-json\/wp\/v2\/types\/post"}],"author":[{"embeddable":true,"href":"https:\/\/www.europesays.com\/fr\/wp-json\/wp\/v2\/users\/2"}],"replies":[{"embeddable":true,"href":"https:\/\/www.europesays.com\/fr\/wp-json\/wp\/v2\/comments?post=505626"}],"version-history":[{"count":0,"href":"https:\/\/www.europesays.com\/fr\/wp-json\/wp\/v2\/posts\/505626\/revisions"}],"wp:featuredmedia":[{"embeddable":true,"href":"https:\/\/www.europesays.com\/fr\/wp-json\/wp\/v2\/media\/505627"}],"wp:attachment":[{"href":"https:\/\/www.europesays.com\/fr\/wp-json\/wp\/v2\/media?parent=505626"}],"wp:term":[{"taxonomy":"category","embeddable":true,"href":"https:\/\/www.europesays.com\/fr\/wp-json\/wp\/v2\/categories?post=505626"},{"taxonomy":"post_tag","embeddable":true,"href":"https:\/\/www.europesays.com\/fr\/wp-json\/wp\/v2\/tags?post=505626"}],"curies":[{"name":"wp","href":"https:\/\/api.w.org\/{rel}","templated":true}]}}