{"id":505633,"date":"2025-11-01T23:56:31","date_gmt":"2025-11-01T23:56:31","guid":{"rendered":"https:\/\/www.europesays.com\/fr\/505633\/"},"modified":"2025-11-01T23:56:31","modified_gmt":"2025-11-01T23:56:31","slug":"a-la-mi-temps-le-fc-rouen-repond-a-villefranche","status":"publish","type":"post","link":"https:\/\/www.europesays.com\/fr\/505633\/","title":{"rendered":"\u00c0 la mi-temps, le FC Rouen r\u00e9pond \u00e0 Villefranche"},"content":{"rendered":"<p>Un match \u00e0 ne pas manquer pour les locaux. Le FC Rouen re\u00e7oit actuellement le FC Villefranche-Beaujolais dans le cadre de la douzi\u00e8me journ\u00e9e de National. Un match de cl\u00f4ture qui voit le leader \u00eatre tenu en \u00e9chec sur sa pelouse. Babacar Leye a ouvert le score d\u00e8s la 19\u00e8me minute de jeu pour les visiteurs, alors que Charles Abi a remis les compteurs \u00e0 z\u00e9ro juste avant la mi-temps.\u00a0<\/p>\n<p>Le FCR s\u2019est fait peur<\/p>\n<p>La rencontre va d\u00e9marrer sur un tout petit rythme. Il faut attendre la douzi\u00e8me minute de jeu pour assister \u00e0 la premi\u00e8re frayeur sur la pelouse du stade Robert Diochon. Le FC Villefranche-Beaujolais attaque mais Bouzamoucha est solide pour tacler in extremis devant Nagera dans la surface rouennaise. \u00c0 la 19\u00e8me minute, les Tigres vont ouvrir le score. Sur un centre magnifique de Hamza Sba\u00ef, Babacar Leye reprend en une touche et permet au FCVB d\u2019ouvrir le score.\u00a0<\/p>\n<p>Le FC Rouen va tenter de revenir, petit \u00e0 petit, dans le jeu. \u00c0 la 34\u00e8me minute de jeu, Ba-Sy remonte tout le terrain et tire \u00e0 l&rsquo;entr\u00e9e de la surface mais bute sur le gardien de but adverse. Les Diables Rouges mettent la pression sur leurs invit\u00e9s et vont parvenir \u00e0 \u00e9galiser juste avant la mi-temps sur une r\u00e9alisation de Charles Abi. Dans la foul\u00e9e, Cl\u00e9ment Bassin va se retrouver seul dans les six m\u00e8tres mais va, contre toute-attente, manquer le cadre. Quelle occasion pour les locaux.\u00a0<\/p>\n<p>Partagez cette info avec vos amis et vos proches en cliquant ici<br \/>Pour r\u00e9sumer<\/p>\n<p>Un match \u00e0 ne pas manquer pour les locaux. Le FC Rouen re\u00e7oit actuellement le FC Villefranche-Beaujolais dans le cadre de la douzi\u00e8me journ\u00e9e de National. Un match de cl\u00f4ture qui voit le leader \u00eatre tenu en \u00e9chec sur sa pelouse. Babacar Leye a ouvert le score d\u00e8s la 19\u00e8me minute de jeu pour les visiteurs, alors que Charles Abi a remis les compteurs \u00e0 z\u00e9ro juste avant la mi-temps.\u00a0<\/p>\n<p> <img decoding=\"async\" width=\"76\" height=\"76\" loading=\"lazy\" src=\"https:\/\/static.wui.fr\/images_v3\/avatar-footnational.png\" alt=\"Youcef Ghalaza-Boudra\"\/><\/p>\n","protected":false},"excerpt":{"rendered":"Un match \u00e0 ne pas manquer pour les locaux. Le FC Rouen re\u00e7oit actuellement le FC Villefranche-Beaujolais dans&hellip;\n","protected":false},"author":2,"featured_media":505634,"comment_status":"","ping_status":"","sticky":false,"template":"","format":"standard","meta":{"footnotes":""},"categories":[9587],"tags":[1111,11,1777,674,1011,27,59645,12,5161,25,9590],"class_list":{"0":"post-505633","1":"post","2":"type-post","3":"status-publish","4":"format-standard","5":"has-post-thumbnail","7":"category-rouen","8":"tag-actu","9":"tag-actualites","10":"tag-eu","11":"tag-europe","12":"tag-fr","13":"tag-france","14":"tag-national-actus","15":"tag-news","16":"tag-normandie","17":"tag-republique-francaise","18":"tag-rouen"},"share_on_mastodon":{"url":"https:\/\/pubeurope.com\/@fr\/115477151239138049","error":""},"_links":{"self":[{"href":"https:\/\/www.europesays.com\/fr\/wp-json\/wp\/v2\/posts\/505633","targetHints":{"allow":["GET"]}}],"collection":[{"href":"https:\/\/www.europesays.com\/fr\/wp-json\/wp\/v2\/posts"}],"about":[{"href":"https:\/\/www.europesays.com\/fr\/wp-json\/wp\/v2\/types\/post"}],"author":[{"embeddable":true,"href":"https:\/\/www.europesays.com\/fr\/wp-json\/wp\/v2\/users\/2"}],"replies":[{"embeddable":true,"href":"https:\/\/www.europesays.com\/fr\/wp-json\/wp\/v2\/comments?post=505633"}],"version-history":[{"count":0,"href":"https:\/\/www.europesays.com\/fr\/wp-json\/wp\/v2\/posts\/505633\/revisions"}],"wp:featuredmedia":[{"embeddable":true,"href":"https:\/\/www.europesays.com\/fr\/wp-json\/wp\/v2\/media\/505634"}],"wp:attachment":[{"href":"https:\/\/www.europesays.com\/fr\/wp-json\/wp\/v2\/media?parent=505633"}],"wp:term":[{"taxonomy":"category","embeddable":true,"href":"https:\/\/www.europesays.com\/fr\/wp-json\/wp\/v2\/categories?post=505633"},{"taxonomy":"post_tag","embeddable":true,"href":"https:\/\/www.europesays.com\/fr\/wp-json\/wp\/v2\/tags?post=505633"}],"curies":[{"name":"wp","href":"https:\/\/api.w.org\/{rel}","templated":true}]}}