{"id":505638,"date":"2025-11-02T00:02:16","date_gmt":"2025-11-02T00:02:16","guid":{"rendered":"https:\/\/www.europesays.com\/fr\/505638\/"},"modified":"2025-11-02T00:02:16","modified_gmt":"2025-11-02T00:02:16","slug":"incendie-dans-un-appartement-a-rennes-trois-personnes-intoxiquees-un-pompier-blesse","status":"publish","type":"post","link":"https:\/\/www.europesays.com\/fr\/505638\/","title":{"rendered":"Incendie dans un appartement \u00e0 Rennes\u00a0: trois personnes intoxiqu\u00e9es, un pompier bless\u00e9"},"content":{"rendered":"<p>Pr\u00e8s de 80\u00a0personnes ont \u00e9t\u00e9 \u00e9vacu\u00e9es d\u2019un immeuble du quartier Beauregard \u00e0 Rennes, ce samedi 1er\u00a0novembre 2025. Les pompiers ont \u00e9t\u00e9 alert\u00e9s vers 21\u00a0h alors qu\u2019un incendie s\u2019\u00e9tait d\u00e9clar\u00e9 dans un appartement au cinqui\u00e8me \u00e9tage du 8,\u00a0avenue Germaine-Dulac.<\/p>\n<p>Le feu s\u2019est d\u00e9clench\u00e9 dans la chambre de l\u2019appartement mais l\u2019origine du sinistre reste \u00e0 d\u00e9terminer. Les trois personnes qui se trouvaient dans le logement ont pu s\u2019en extraire. Elles ont \u00e9t\u00e9 intoxiqu\u00e9es par les fum\u00e9es et l\u2019une d\u2019entre elles, une femme de 49\u00a0ans, a \u00e9t\u00e9 transf\u00e9r\u00e9e au CHU.<\/p>\n<p>Un pompier bless\u00e9<\/p>\n<p>Par ailleurs, un pompier a \u00e9t\u00e9 l\u00e9g\u00e8rement br\u00fbl\u00e9 lors de l\u2019\u00e9vacuation apr\u00e8s une rupture d\u2019eau. Au total, une trentaine de pompiers ont \u00e9t\u00e9 mobilis\u00e9s.<\/p>\n<p>\u00c0 22\u00a0h\u00a030, le feu \u00e9tait ma\u00eetris\u00e9 et plusieurs habitants de l\u2019immeuble commen\u00e7aient \u00e0 regagner leur logement. L\u2019appartement d\u2019o\u00f9 le feu est parti est d\u00e9truit mais le reste de l\u2019immeuble n\u2019a pas \u00e9t\u00e9 touch\u00e9.<\/p>\n<p>\u00a0<\/p>\n","protected":false},"excerpt":{"rendered":"Pr\u00e8s de 80\u00a0personnes ont \u00e9t\u00e9 \u00e9vacu\u00e9es d\u2019un immeuble du quartier Beauregard \u00e0 Rennes, ce samedi 1er\u00a0novembre 2025. Les&hellip;\n","protected":false},"author":2,"featured_media":505639,"comment_status":"","ping_status":"","sticky":false,"template":"","format":"standard","meta":{"footnotes":""},"categories":[2821],"tags":[1111,11,9071,3916,829,1777,674,1011,27,1310,62707,12,3744,4775,3086,584,25],"class_list":{"0":"post-505638","1":"post","2":"type-post","3":"status-publish","4":"format-standard","5":"has-post-thumbnail","7":"category-rennes","8":"tag-actu","9":"tag-actualites","10":"tag-appartement","11":"tag-blesse","12":"tag-bretagne","13":"tag-eu","14":"tag-europe","15":"tag-fr","16":"tag-france","17":"tag-incendie","18":"tag-intoxiquees","19":"tag-news","20":"tag-personnes","21":"tag-pompier","22":"tag-redon","23":"tag-rennes","24":"tag-republique-francaise"},"share_on_mastodon":{"url":"https:\/\/pubeurope.com\/@fr\/115477174777673054","error":""},"_links":{"self":[{"href":"https:\/\/www.europesays.com\/fr\/wp-json\/wp\/v2\/posts\/505638","targetHints":{"allow":["GET"]}}],"collection":[{"href":"https:\/\/www.europesays.com\/fr\/wp-json\/wp\/v2\/posts"}],"about":[{"href":"https:\/\/www.europesays.com\/fr\/wp-json\/wp\/v2\/types\/post"}],"author":[{"embeddable":true,"href":"https:\/\/www.europesays.com\/fr\/wp-json\/wp\/v2\/users\/2"}],"replies":[{"embeddable":true,"href":"https:\/\/www.europesays.com\/fr\/wp-json\/wp\/v2\/comments?post=505638"}],"version-history":[{"count":0,"href":"https:\/\/www.europesays.com\/fr\/wp-json\/wp\/v2\/posts\/505638\/revisions"}],"wp:featuredmedia":[{"embeddable":true,"href":"https:\/\/www.europesays.com\/fr\/wp-json\/wp\/v2\/media\/505639"}],"wp:attachment":[{"href":"https:\/\/www.europesays.com\/fr\/wp-json\/wp\/v2\/media?parent=505638"}],"wp:term":[{"taxonomy":"category","embeddable":true,"href":"https:\/\/www.europesays.com\/fr\/wp-json\/wp\/v2\/categories?post=505638"},{"taxonomy":"post_tag","embeddable":true,"href":"https:\/\/www.europesays.com\/fr\/wp-json\/wp\/v2\/tags?post=505638"}],"curies":[{"name":"wp","href":"https:\/\/api.w.org\/{rel}","templated":true}]}}