{"id":50564,"date":"2025-04-25T01:24:15","date_gmt":"2025-04-25T01:24:15","guid":{"rendered":"https:\/\/www.europesays.com\/fr\/50564\/"},"modified":"2025-04-25T01:24:15","modified_gmt":"2025-04-25T01:24:15","slug":"allemagne-le-gouvernement-sattend-a-une-stagnation-en-2025-24-04-2025-a-1937","status":"publish","type":"post","link":"https:\/\/www.europesays.com\/fr\/50564\/","title":{"rendered":"Allemagne: le gouvernement s&rsquo;attend \u00e0 une stagnation en 2025 &#8211; 24\/04\/2025 \u00e0 19:37"},"content":{"rendered":"<p>        <img fetchpriority=\"high\" decoding=\"async\" src=\"https:\/\/www.europesays.com\/fr\/wp-content\/uploads\/2025\/04\/16f106cf77d7f7cf13d8227c8fda2e2b-760x425.jpg\" alt=\"Le ministre allemand de l'Economie Robert Habeck pr\u00e9sente les pr\u00e9visions de printemps du gouvernement le 24 avril 2025 \u00e0 Berlin ( AFP \/ TOBIAS SCHWARZ )\" loading=\"eager\" width=\"760\" height=\"425\" style=\"max-width: 100%!important; height: auto;\"\/><\/p>\n<p class=\"c-image-news__legend\">Le ministre allemand de l&rsquo;Economie Robert Habeck pr\u00e9sente les pr\u00e9visions de printemps du gouvernement le 24 avril 2025 \u00e0 Berlin ( AFP \/ TOBIAS SCHWARZ )<\/p>\n<p>\n L&rsquo;\u00e9conomie allemande devrait conna\u00eetre une stagnation en 2025 apr\u00e8s deux ann\u00e9es de r\u00e9cession, a annonc\u00e9 jeudi le gouvernement, qui a abaiss\u00e9 ses projections de croissance au moment o\u00f9 le pays affronte la guerre commerciale de Donald Trump.\n<\/p>\n<p>\n En janvier, le vice-chancelier Robert Habeck tablait encore sur un redressement de l&rsquo;\u00e9conomie allemande de 0,3%, apr\u00e8s un recul du PIB de 0,2% en 2024 et de 0,3% en 2023.\n<\/p>\n<p>\n Mais \u00ab\u00a0la politique commerciale des \u00c9tats-Unis, la menace et l&rsquo;imposition de droits de douane affectent directement l&rsquo;\u00e9conomie allemande, tr\u00e8s orient\u00e9e vers l&rsquo;exportation\u00a0\u00bb, a comment\u00e9 jeudi le ministre de l&rsquo;Economie et du Climat lors d&rsquo;une conf\u00e9rence de presse pour pr\u00e9senter les pr\u00e9visions de printemps du gouvernement.\n<\/p>\n<p>\n La projection de croissance pour 2026 a aussi \u00e9t\u00e9 abaiss\u00e9e jeudi, de 1,1% \u00e0 1,0%.\n<\/p>\n<p>\n Les choix des Etats-Unis, premier partenaire commercial de l&rsquo;Allemagne, devraient ainsi co\u00fbter \u00e0 cette derni\u00e8re 0,25 voire 0,5 point de pourcentage de croissance en 2025, selon le ministre du parti des Verts.\n<\/p>\n<p>\n Celui-ci a aussi tir\u00e9 les le\u00e7ons de son mandat, entam\u00e9 en 2021, avant la passation de pouvoir pr\u00e9vue le 6 mai avec le futur chancelier conservateur Friedrich Merz \u00e0 la t\u00eate d&rsquo;une coalition avec les sociaux-d\u00e9mocrates.\n<\/p>\n<p>\n \u00ab\u00a0Nous sommes confront\u00e9s \u00e0 un bouleversement fondamental \u2014 je dirais m\u00eame un changement de paradigme \u2014 des fondements \u00e9conomiques. Nous l\u2019avons appris \u00e0 la dure\u00a0\u00bb, a-t-il ajout\u00e9, faisant r\u00e9f\u00e9rence \u00e0 la crise \u00e9nerg\u00e9tique d\u00e9clench\u00e9e par l&rsquo;invasion russe en Ukraine.\n<\/p>\n<p>\n L&rsquo;Allemagne, qui a d\u00fb se sevrer rapidement du gaz russe bon march\u00e9 pr\u00e9cieux pour l&rsquo;industrie, ne doit \u00ab\u00a0plus jamais tomber dans une telle d\u00e9pendance vis-\u00e0-vis d&rsquo;un \u00c9tat ou d&rsquo;un fournisseur\u00a0\u00bb, a-t-il aussi mis en garde, notamment dans les secteurs des batteries et pharmaceutique.\n<\/p>\n<p>\n La premi\u00e8re \u00e9conomie europ\u00e9enne devrait avoir l\u00e9g\u00e8rement progress\u00e9 au premier trimestre 2025, a indiqu\u00e9 de son c\u00f4t\u00e9 la Banque centrale allemande dans son bulletin mensuel jeudi. Mais elle s&rsquo;attend \u00e0 un nouveau revers dans le trimestre en cours.\n<\/p>\n<p>\n Les effets du gigantesque plan d&rsquo;investissement de plusieurs centaines de milliards d&rsquo;euros annonc\u00e9 par le futur gouvernement pour les ann\u00e9es \u00e0 venir, afin de muscler la d\u00e9fense et moderniser les infrastructures, ne se feront sentir qu&rsquo;avec retard, a aussi pr\u00e9venu la Bundesbank.<\/p>\n","protected":false},"excerpt":{"rendered":"Le ministre allemand de l&rsquo;Economie Robert Habeck pr\u00e9sente les pr\u00e9visions de printemps du gouvernement le 24 avril 2025&hellip;\n","protected":false},"author":2,"featured_media":50565,"comment_status":"","ping_status":"","sticky":false,"template":"","format":"standard","meta":{"footnotes":""},"categories":[1587],"tags":[400,11,672,398,408,1804,405,1805,1803,1777,674,1801,403,402,399,404,12,1802,401,406,407],"class_list":{"0":"post-50564","1":"post","2":"type-post","3":"status-publish","4":"format-standard","5":"has-post-thumbnail","7":"category-allemagne","8":"tag-action-cac-40","9":"tag-actualites","10":"tag-allemagne","11":"tag-bourse-de-paris","12":"tag-boursorama","13":"tag-bundesrepublik-deutschland","14":"tag-cotations","15":"tag-de","16":"tag-deutschland","17":"tag-eu","18":"tag-europe","19":"tag-germany","20":"tag-indices-devises","21":"tag-investir","22":"tag-investissement","23":"tag-marche-boursier","24":"tag-news","25":"tag-republique-federale-dallemagne","26":"tag-sicav","27":"tag-trackers","28":"tag-warrants"},"share_on_mastodon":{"url":"https:\/\/pubeurope.com\/@fr\/114395995384464594","error":""},"_links":{"self":[{"href":"https:\/\/www.europesays.com\/fr\/wp-json\/wp\/v2\/posts\/50564","targetHints":{"allow":["GET"]}}],"collection":[{"href":"https:\/\/www.europesays.com\/fr\/wp-json\/wp\/v2\/posts"}],"about":[{"href":"https:\/\/www.europesays.com\/fr\/wp-json\/wp\/v2\/types\/post"}],"author":[{"embeddable":true,"href":"https:\/\/www.europesays.com\/fr\/wp-json\/wp\/v2\/users\/2"}],"replies":[{"embeddable":true,"href":"https:\/\/www.europesays.com\/fr\/wp-json\/wp\/v2\/comments?post=50564"}],"version-history":[{"count":0,"href":"https:\/\/www.europesays.com\/fr\/wp-json\/wp\/v2\/posts\/50564\/revisions"}],"wp:featuredmedia":[{"embeddable":true,"href":"https:\/\/www.europesays.com\/fr\/wp-json\/wp\/v2\/media\/50565"}],"wp:attachment":[{"href":"https:\/\/www.europesays.com\/fr\/wp-json\/wp\/v2\/media?parent=50564"}],"wp:term":[{"taxonomy":"category","embeddable":true,"href":"https:\/\/www.europesays.com\/fr\/wp-json\/wp\/v2\/categories?post=50564"},{"taxonomy":"post_tag","embeddable":true,"href":"https:\/\/www.europesays.com\/fr\/wp-json\/wp\/v2\/tags?post=50564"}],"curies":[{"name":"wp","href":"https:\/\/api.w.org\/{rel}","templated":true}]}}