{"id":505642,"date":"2025-11-02T00:04:13","date_gmt":"2025-11-02T00:04:13","guid":{"rendered":"https:\/\/www.europesays.com\/fr\/505642\/"},"modified":"2025-11-02T00:04:13","modified_gmt":"2025-11-02T00:04:13","slug":"polo-elite-face-a-strasbourg-le-cercle-des-nageurs-de-marseille-passe-par-un-trou-de-souris","status":"publish","type":"post","link":"https:\/\/www.europesays.com\/fr\/505642\/","title":{"rendered":"polo &#8211; Elite : face \u00e0 Strasbourg, le Cercle des Nageurs de Marseille passe par un trou de souris"},"content":{"rendered":"<p>CN Marseille 18 &#8211; Strasbourg 17<\/p>\n<p><strong>Bassin Pierre-Garsau. Les quart-temps\u00a0: 4-3, 6-4, 4-2, 4-8. Mi-temps\u00a0: 10-7. CN Marseille\u00a0: Hovhannisyan (11 arr\u00eats), Zindo &#8211; Larumbe, Vanpeperstraete, De Nardi, Nagy (3), Vernoux (cap. 4, dt 1 s.p.), Drasovic (2), Bouet (2), Marion-Vernoux (1), De Reviers, Canovas (2), Kalogeropoulos (2 dt 1 s.p.), Zindo, Gbadamassi (2). 18 exclusions temporaires, 1 d\u00e9finitive (Bouet). Entra\u00eeneur\u00a0: Milos Scepanovic assist\u00e9 de Marc Amardeilh et Quentin Chipotel. Strasbourg\u00a0: Fontani (8 arr\u00eats), Dutet &#8211; Shonia, Mehdi, Mehdi, Valletta, Furman (3), Vitrant (3), Gardasevic (6), Denux (1), Jovanovic, Rubashvili (2), Kujacic (1), Mas (1). 13 exclusions temporaires, 2 d\u00e9finitives (Mehdi, Kujacic). Entra\u00eeneur\u00a0: Olivier Chandieu.<\/strong>&#13;\n<\/p>\n<p>Parfois, le sort d&rsquo;un match ne tient pas \u00e0 grand-chose. Un arr\u00eat d&rsquo;Arshak Hovhannisyan et un but, tout en puissance de <a href=\"https:\/\/www.laprovence.com\/article\/sports\/51623060693909\/mondiaux-thomas-vernoux-le-mbappe-du-water-polo-est-marseillais\" target=\"_blank\" rel=\"noopener\">Thomas Vernoux <\/a>\u00e0 la derni\u00e8re seconde de la rencontre. Oppos\u00e9 \u00e0 Strasbourg, leader du championnat (avec deux matches de plus), le Cercle des Nageurs n&rsquo;est pas pass\u00e9 loin de la correctionnelle dans son bassin Pierre-Garsau. Un sommet du championnat de France disput\u00e9 sur un faux rythme o\u00f9 tout s&rsquo;est emball\u00e9 sur la fin. Pourtant, jusqu&rsquo;au dernier quart-temps, jamais les Alsaciens n&rsquo;ont sembl\u00e9 repr\u00e9senter une grande menace.<\/p>\n<p>Certes, les joueurs d&rsquo;Olivier Chandieu n&rsquo;ont jamais \u00e9t\u00e9 ridicules, ni \u00e9t\u00e9 d\u00e9croch\u00e9s au tableau d&rsquo;affichage. Mais on se disait que, comme \u00e0 son habitude, le Cercle des Nageurs de Marseille allait finir par acc\u00e9l\u00e9rer pour prendre la mesure de son adversaire.<\/p>\n<p>Bodegas et Crousillat bless\u00e9s<\/p>\n<p>N\u00e9anmoins,<a href=\"https:\/\/www.laprovence.com\/article\/sports\/8018869464659814\/water-polo-le-cnm-prend-la-tete-de-son-groupe-en-ligue-des-champions\" target=\"_blank\" rel=\"noopener\"> la performance majuscule <\/a>r\u00e9alis\u00e9e cette semaine en Catalogne face \u00e0 Barceloneta (11-12) pour la deuxi\u00e8me journ\u00e9e de la Ligue des champions a laiss\u00e9 des traces dans les organismes marseillais.<\/p>\n<p>Bless\u00e9 au muscle pectoral, <a href=\"https:\/\/www.laprovence.com\/article\/sports\/2622679214696514\/water-polo-pro-a-michael-bodegas-un-cador-toujours-aussi-enthousiaste\" target=\"_blank\" rel=\"noopener\">Micha\u00ebl Bodegas<\/a> \u00e9tait absent de la feuille de match. \u00ab\u00a0J&rsquo;avais le choix entre me faire op\u00e9rer et observer une p\u00e9riode de six mois de repos, ce qui signifiait pour moi la fin de ma carri\u00e8re ou ne pas me faire op\u00e9rer et en avoir pour au moins trois mois d&rsquo;arr\u00eat, confie-t-il. J&rsquo;ai choisi cette option, en esp\u00e9rant ce soit suffisant.\u00a0\u00bb<\/p>\n<p>Micha\u00ebl Bodegas n&rsquo;a pas \u00e9t\u00e9 seul \u00e0 manquer ce rendez-vous. Le capitaine du Cercle des Nageurs de Marseille <a href=\"https:\/\/www.laprovence.com\/article\/sports\/1430993442550114\/water-polo-ugo-crousillat-le-seul-poloiste-francais-deja-etoile\" target=\"_blank\" rel=\"noopener\">Ugo Crousillat <\/a>devait bien disputer cette rencontre, mais il a ressenti une g\u00eane \u00e0 l&rsquo;\u00e9paule dans la matin\u00e9e et le staff n&rsquo;a voulu prendre aucun risque. Si on y ajoute la mise au repos de l&rsquo;habituel gardien titulaire Petar Tesanovic, c&rsquo;est sans au moins trois de ses cadres que le Cercle des Nageurs de Marseille recevait le leader du championnat.<\/p>\n<p>Pourtant, cela suffisait pour garder les Alsaciens \u00e0 une distance respectable. Mais \u00e0 15-15 dans le dernier quart \u00e0 quatre minutes de la fin, les Strasbourgeois \u00e9taient en position de jouer un bien vilain tour aux Marseillais. Ils passaient m\u00eame pour la premi\u00e8re fois devant au tableau d&rsquo;affichage \u00e0 deux minutes de la fin.<\/p>\n<p>Mais la suite, on la conna\u00eet. Arshak Hovhannisyan effectuait un arr\u00eat d\u00e9cisif et Thomas Vernoux exp\u00e9diait un missile dans la cage de Fontani \u00e0 deux secondes du buzzer. Dans le match dans le match entre les deux meilleurs buteurs, Martin Gardasevic avec 6 nouvelles r\u00e9alisations, a pris le large au classement des buteurs sur son poursuivant imm\u00e9diat, Thomas Vernoux, qui en a inscrit 4. Maigre consolation, car Vernoux a marqu\u00e9 celui de la victoire&#8230;<\/p>\n","protected":false},"excerpt":{"rendered":"CN Marseille 18 &#8211; Strasbourg 17 Bassin Pierre-Garsau. Les quart-temps\u00a0: 4-3, 6-4, 4-2, 4-8. Mi-temps\u00a0: 10-7. CN Marseille\u00a0:&hellip;\n","protected":false},"author":2,"featured_media":505643,"comment_status":"","ping_status":"","sticky":false,"template":"","format":"standard","meta":{"footnotes":""},"categories":[2820],"tags":[17,1111,11,17553,154,1773,1777,674,2823,1011,27,775,17636,12,25,60,640,7488],"class_list":{"0":"post-505642","1":"post","2":"type-post","3":"status-publish","4":"format-standard","5":"has-post-thumbnail","7":"category-strasbourg","8":"tag-17","9":"tag-actu","10":"tag-actualites","11":"tag-cercle","12":"tag-des","13":"tag-elite","14":"tag-eu","15":"tag-europe","16":"tag-face","17":"tag-fr","18":"tag-france","19":"tag-grand-est","20":"tag-nageurs","21":"tag-news","22":"tag-republique-francaise","23":"tag-sports","24":"tag-strasbourg","25":"tag-water-polo"},"share_on_mastodon":{"url":"https:\/\/pubeurope.com\/@fr\/115477182098458407","error":""},"_links":{"self":[{"href":"https:\/\/www.europesays.com\/fr\/wp-json\/wp\/v2\/posts\/505642","targetHints":{"allow":["GET"]}}],"collection":[{"href":"https:\/\/www.europesays.com\/fr\/wp-json\/wp\/v2\/posts"}],"about":[{"href":"https:\/\/www.europesays.com\/fr\/wp-json\/wp\/v2\/types\/post"}],"author":[{"embeddable":true,"href":"https:\/\/www.europesays.com\/fr\/wp-json\/wp\/v2\/users\/2"}],"replies":[{"embeddable":true,"href":"https:\/\/www.europesays.com\/fr\/wp-json\/wp\/v2\/comments?post=505642"}],"version-history":[{"count":0,"href":"https:\/\/www.europesays.com\/fr\/wp-json\/wp\/v2\/posts\/505642\/revisions"}],"wp:featuredmedia":[{"embeddable":true,"href":"https:\/\/www.europesays.com\/fr\/wp-json\/wp\/v2\/media\/505643"}],"wp:attachment":[{"href":"https:\/\/www.europesays.com\/fr\/wp-json\/wp\/v2\/media?parent=505642"}],"wp:term":[{"taxonomy":"category","embeddable":true,"href":"https:\/\/www.europesays.com\/fr\/wp-json\/wp\/v2\/categories?post=505642"},{"taxonomy":"post_tag","embeddable":true,"href":"https:\/\/www.europesays.com\/fr\/wp-json\/wp\/v2\/tags?post=505642"}],"curies":[{"name":"wp","href":"https:\/\/api.w.org\/{rel}","templated":true}]}}