{"id":505659,"date":"2025-11-02T00:16:12","date_gmt":"2025-11-02T00:16:12","guid":{"rendered":"https:\/\/www.europesays.com\/fr\/505659\/"},"modified":"2025-11-02T00:16:12","modified_gmt":"2025-11-02T00:16:12","slug":"de-saint-charles-a-saint-pierre-lhistoire-du-plus-grand-cimetiere-de-marseille","status":"publish","type":"post","link":"https:\/\/www.europesays.com\/fr\/505659\/","title":{"rendered":"De Saint-Charles \u00e0 Saint-Pierre, l\u2019histoire du plus grand cimeti\u00e8re de Marseille"},"content":{"rendered":"<p>La danseuse Gaby Deslys, le c\u00e9l\u00e8bre parrain de la mafia marseillaise Tany Zampa, l\u2019ancien maire b\u00e2tisseur Gaston Defferre ou l\u2019\u00e9crivain Edmond Rostand\u2026 Tous reposent au c\u0153ur du cimeti\u00e8re Saint-Pierre. Ici se c\u00f4toient les tombes de soldats morts au combat, de riches commer\u00e7ants marseillais, d\u2019artistes et de grandes familles tomb\u00e9es dans l\u2019oubli. Mis en service en\u00a01863, le cimeti\u00e8re Saint-Pierre est aujourd\u2019hui le plus grand de Marseille et le troisi\u00e8me de France avec ces 63 hectares.<\/p>\n<p>Nich\u00e9 au c\u0153ur du quartier de La Timone (5e), il remplace celui de Saint-Charles (1er). \u00c0 l\u2019Est, des tombeaux anciens. \u00c0 l\u2019ouest, des tombes plus modernes. Sur les pin\u00e8des, celles des riches familles c\u00f4toient celles des artistes comme le sculpteur Louis Botinelly, \u00e0 l\u2019origine du monument aux morts de Ch\u00e2teau-Gombert et de la Belle-de-Mai.<\/p>\n<p>Des d\u00e9funts d\u00e9plac\u00e9s et un cimeti\u00e8re agrandi<\/p>\n<p>\u00c0 l\u2019\u00e9poque, la population augmente et le cimeti\u00e8re est, tr\u00e8s vite, satur\u00e9. \u00c0 partir du XVIIIe\u00a0si\u00e8cle, les inhumations \u00e0 l\u2019int\u00e9rieur des villes ne sont plus autoris\u00e9es. \u00ab\u00a0Marseille choisit de l\u2019implanter ici, \u00e0 Saint-Pierre. \u00c0 l\u2019\u00e9poque, ce quartier \u00e9tait un village, totalement isol\u00e9 et peu urbanis\u00e9\u00a0\u00bb, explique Giada Vigato, guide t&#8230;<\/p>\n","protected":false},"excerpt":{"rendered":"La danseuse Gaby Deslys, le c\u00e9l\u00e8bre parrain de la mafia marseillaise Tany Zampa, l\u2019ancien maire b\u00e2tisseur Gaston Defferre&hellip;\n","protected":false},"author":2,"featured_media":505660,"comment_status":"","ping_status":"","sticky":false,"template":"","format":"standard","meta":{"footnotes":""},"categories":[2814],"tags":[17,1111,11,6313,1777,674,1011,27,2515,23058,884,12,378,882,16,25,1178,29403],"class_list":{"0":"post-505659","1":"post","2":"type-post","3":"status-publish","4":"format-standard","5":"has-post-thumbnail","7":"category-marseille","8":"tag-17","9":"tag-actu","10":"tag-actualites","11":"tag-cimetiere","12":"tag-eu","13":"tag-europe","14":"tag-fr","15":"tag-france","16":"tag-grand","17":"tag-lhistoire","18":"tag-marseille","19":"tag-news","20":"tag-plus","21":"tag-provence-alpes-cote-dazur","22":"tag-region","23":"tag-republique-francaise","24":"tag-saint-charles","25":"tag-saint-pierre"},"share_on_mastodon":{"url":"https:\/\/pubeurope.com\/@fr\/115477229293887116","error":""},"_links":{"self":[{"href":"https:\/\/www.europesays.com\/fr\/wp-json\/wp\/v2\/posts\/505659","targetHints":{"allow":["GET"]}}],"collection":[{"href":"https:\/\/www.europesays.com\/fr\/wp-json\/wp\/v2\/posts"}],"about":[{"href":"https:\/\/www.europesays.com\/fr\/wp-json\/wp\/v2\/types\/post"}],"author":[{"embeddable":true,"href":"https:\/\/www.europesays.com\/fr\/wp-json\/wp\/v2\/users\/2"}],"replies":[{"embeddable":true,"href":"https:\/\/www.europesays.com\/fr\/wp-json\/wp\/v2\/comments?post=505659"}],"version-history":[{"count":0,"href":"https:\/\/www.europesays.com\/fr\/wp-json\/wp\/v2\/posts\/505659\/revisions"}],"wp:featuredmedia":[{"embeddable":true,"href":"https:\/\/www.europesays.com\/fr\/wp-json\/wp\/v2\/media\/505660"}],"wp:attachment":[{"href":"https:\/\/www.europesays.com\/fr\/wp-json\/wp\/v2\/media?parent=505659"}],"wp:term":[{"taxonomy":"category","embeddable":true,"href":"https:\/\/www.europesays.com\/fr\/wp-json\/wp\/v2\/categories?post=505659"},{"taxonomy":"post_tag","embeddable":true,"href":"https:\/\/www.europesays.com\/fr\/wp-json\/wp\/v2\/tags?post=505659"}],"curies":[{"name":"wp","href":"https:\/\/api.w.org\/{rel}","templated":true}]}}