{"id":505663,"date":"2025-11-02T00:18:31","date_gmt":"2025-11-02T00:18:31","guid":{"rendered":"https:\/\/www.europesays.com\/fr\/505663\/"},"modified":"2025-11-02T00:18:31","modified_gmt":"2025-11-02T00:18:31","slug":"la-garde-a-vue-des-suspects-prolongee","status":"publish","type":"post","link":"https:\/\/www.europesays.com\/fr\/505663\/","title":{"rendered":"la garde \u00e0 vue des suspects prolong\u00e9e"},"content":{"rendered":"<p itemprop=\"description\"><strong>C&rsquo;\u00e9tait attendu.<\/strong><\/p>\n<p>Alors que le procureur de la R\u00e9publique de Lyon Thierry Dran donnera une conf\u00e9rence de presse lundi apr\u00e8s-midi, la garde \u00e0 vue des suspects du braquage d&rsquo;un laboratoire sp\u00e9cialis\u00e9 dans les m\u00e9taux pr\u00e9cieux dans le 7e arrondissement de Lyon a \u00e9t\u00e9 prolong\u00e9e.<\/p>\n<p>Ces cinq individus interpell\u00e9s le jour-m\u00eame \u00e0 V\u00e9nissieux vont donc continuer \u00e0 s&rsquo;expliquer tout le week-end sur leur tentative rat\u00e9e de mettre la main sur un important butin estim\u00e9 \u00e0 18 millions d&rsquo;euros selon certaines sources.<\/p>\n<p>Habill\u00e9s en policiers et lourdement arm\u00e9s, les malfaiteurs avaient attaqu\u00e9 \u00e0 l&rsquo;explosif \u00e0 la mi-journ\u00e9e les laboratoires Pourquery dans le parc de l&rsquo;Artillerie \u00e0 Gerland avant de prendre la fuite \u00e0 V\u00e9nissieux, en prenant soin de changer de v\u00e9hicule et de mettre le feu \u00e0 leur fourgon.<\/p>\n<blockquote class=\"instagram-media\" style=\"background: #FFF; border: 0; border-radius: 3px; box-shadow: 0 0 1px 0 rgba(0,0,0,0.5),0 1px 10px 0 rgba(0,0,0,0.15); margin: 1px; max-width: 540px; min-width: 326px; padding: 0; width: calc(100% - 2px);\" data-instgrm-captioned=\"\" data-instgrm-permalink=\"https:\/\/www.instagram.com\/reel\/DQcIEvaDKKL\/?utm_source=ig_embed&amp;utm_campaign=loading\" data-instgrm-version=\"14\"><p>&#13;<br \/>\n&#13;\n<\/p><\/blockquote>\n<p>Sauf que la BRI connaissait bien ce quintet de braqueurs et a facilement remont\u00e9 leur trace jusqu&rsquo;\u00e0 leur planque d\u00e9j\u00e0 connue des enqu\u00eateurs.<\/p>\n<p>Pour rappel, le laboratoire de m\u00e9taux pr\u00e9cieux n\u2019en est pas \u00e0 sa premi\u00e8re attaque. Le 15 mai dernier, un commando arm\u00e9 avait d\u00e9j\u00e0 tent\u00e9 de braquer ce m\u00eame \u00e9tablissement de l&rsquo;Artillerie avant de prendre la fuite apr\u00e8s avoir<a href=\"https:\/\/www.lyonmag.com\/article\/144044\/lyon-un-commando-arme-incendie-sa-voiture-a-gerland\" target=\"_blank\" rel=\"noopener\"> incendi\u00e9 une Porsche sur place<\/a>.<\/p>\n<p>\t\t  <script async src=\"\/\/www.instagram.com\/embed.js\"><\/script><\/p>\n","protected":false},"excerpt":{"rendered":"C&rsquo;\u00e9tait attendu. Alors que le procureur de la R\u00e9publique de Lyon Thierry Dran donnera une conf\u00e9rence de presse&hellip;\n","protected":false},"author":2,"featured_media":505664,"comment_status":"","ping_status":"","sticky":false,"template":"","format":"standard","meta":{"footnotes":""},"categories":[1889],"tags":[1111,11,2813,2190,2430,1109,251,1112,2811,1777,674,118,1011,27,1922,1110,1114,2428,2810,12,241,316,25,2812,517,800],"class_list":{"0":"post-505663","1":"post","2":"type-post","3":"status-publish","4":"format-standard","5":"has-post-thumbnail","7":"category-lyon","8":"tag-actu","9":"tag-actualites","10":"tag-article","11":"tag-asvel","12":"tag-auvergne-rhone-alpes","13":"tag-breves","14":"tag-culture","15":"tag-depeches","16":"tag-economique","17":"tag-eu","18":"tag-europe","19":"tag-faits-divers","20":"tag-fr","21":"tag-france","22":"tag-info","23":"tag-informations","24":"tag-infos","25":"tag-lyon","26":"tag-lyonmag","27":"tag-news","28":"tag-ol","29":"tag-politique","30":"tag-republique-francaise","31":"tag-sociale","32":"tag-sport","33":"tag-transports"},"share_on_mastodon":{"url":"https:\/\/pubeurope.com\/@fr\/115477237248900623","error":""},"_links":{"self":[{"href":"https:\/\/www.europesays.com\/fr\/wp-json\/wp\/v2\/posts\/505663","targetHints":{"allow":["GET"]}}],"collection":[{"href":"https:\/\/www.europesays.com\/fr\/wp-json\/wp\/v2\/posts"}],"about":[{"href":"https:\/\/www.europesays.com\/fr\/wp-json\/wp\/v2\/types\/post"}],"author":[{"embeddable":true,"href":"https:\/\/www.europesays.com\/fr\/wp-json\/wp\/v2\/users\/2"}],"replies":[{"embeddable":true,"href":"https:\/\/www.europesays.com\/fr\/wp-json\/wp\/v2\/comments?post=505663"}],"version-history":[{"count":0,"href":"https:\/\/www.europesays.com\/fr\/wp-json\/wp\/v2\/posts\/505663\/revisions"}],"wp:featuredmedia":[{"embeddable":true,"href":"https:\/\/www.europesays.com\/fr\/wp-json\/wp\/v2\/media\/505664"}],"wp:attachment":[{"href":"https:\/\/www.europesays.com\/fr\/wp-json\/wp\/v2\/media?parent=505663"}],"wp:term":[{"taxonomy":"category","embeddable":true,"href":"https:\/\/www.europesays.com\/fr\/wp-json\/wp\/v2\/categories?post=505663"},{"taxonomy":"post_tag","embeddable":true,"href":"https:\/\/www.europesays.com\/fr\/wp-json\/wp\/v2\/tags?post=505663"}],"curies":[{"name":"wp","href":"https:\/\/api.w.org\/{rel}","templated":true}]}}