{"id":505665,"date":"2025-11-02T00:19:27","date_gmt":"2025-11-02T00:19:27","guid":{"rendered":"https:\/\/www.europesays.com\/fr\/505665\/"},"modified":"2025-11-02T00:19:27","modified_gmt":"2025-11-02T00:19:27","slug":"lyon-un-homme-mis-en-examen-pour-association-de-malfaiteurs-terroriste-criminelle","status":"publish","type":"post","link":"https:\/\/www.europesays.com\/fr\/505665\/","title":{"rendered":"Lyon : un homme mis en examen pour association de malfaiteurs terroriste criminelle"},"content":{"rendered":"<p>Un homme de 20 ans, adh\u00e9rent pr\u00e9sum\u00e9 \u00e0 l&rsquo;id\u00e9ologie djihadiste, a \u00e9t\u00e9 interpell\u00e9 mercredi 26 octobre \u00e0 Lyon, a annonc\u00e9 le parquet national antiterroriste (PNAT). Il a depuis \u00e9t\u00e9 mis en examen pour association de malfaiteurs terroriste criminelle et financement d&rsquo;entreprise terroriste, avant d&rsquo;\u00eatre plac\u00e9 en d\u00e9tention provisoire.<\/p>\n<p>Un homme de 20 ans mis en examen \u00e0 <b>Lyon <\/b>pour association de malfaiteurs terroriste criminelle et financement d&rsquo;entreprise terroriste.<\/p>\n<p>Selon les premiers \u00e9l\u00e9ments de l&rsquo;enqu\u00eate rapport\u00e9s par l&rsquo;AFP, l&rsquo;homme, d&rsquo;origine afghane, aurait \u00e9t\u00e9 en lien avec l&rsquo;\u00c9tat islamique au Khorasan (EIK), une branche de Daech implant\u00e9e en Asie centrale consid\u00e9r\u00e9e comme particuli\u00e8rement active et dangereuse.\u00a0<\/p>\n<p>Le suspect a \u00e9t\u00e9 arr\u00eat\u00e9 au <b>centre de r\u00e9tention administrative<\/b> de Lyon, \u00e0 <b>Colombier-Saugnieu<\/b>, mercredi 29 octobre, pr\u00e9cise <a class=\"url\" href=\"https:\/\/www.leparisien.fr\/faits-divers\/un-afghan-de-20-ans-soupconne-detre-un-relais-en-france-dune-branche-active-et-meurtriere-de-daech-arrete-a-lyon-01-11-2025-O6IHMI2DFJGXDEM4LVGPGUW4K4.php\" target=\"_blank\" rel=\"noopener\">Le Parisien<\/a>, \u00e0 l&rsquo;origine de l&rsquo;information.<\/p>\n<p>L&rsquo;homme arr\u00eat\u00e9 \u00e0 Lyon suspect\u00e9 de propagande terroriste et envoi de fonds<\/p>\n<p>Le parquet national antiterroriste indique qu&rsquo;il est \u00ab\u00a0manifestement adh\u00e9rent \u00e0 l&rsquo;id\u00e9ologie djihadiste.\u00a0\u00bb\u00a0<\/p>\n<p>Il est aussi soup\u00e7onn\u00e9 d&rsquo;avoir particip\u00e9 \u00e0 l&rsquo;envoi de fonds ainsi qu&rsquo;\u00e0 des activit\u00e9s de traduction et de diffusion de la propagande de cette organisation terroriste.<\/p>\n<p>L&rsquo;EIK, branche r\u00e9gionale de Daech, a revendiqu\u00e9 plusieurs attentats meurtriers ces derni\u00e8res ann\u00e9es notamment en Russie, au Pakistan et en Iran.\u00a0<\/p>\n<p>Une enqu\u00eate ouverte par le parquet national antiterroriste sur l&rsquo;homme arr\u00eat\u00e9 \u00e0 Lyon\u00a0<\/p>\n<p>Le ministre de l&rsquo;Int\u00e9rieur <b>G\u00e9rald Darmanin<\/b> avait estim\u00e9 en d\u00e9but d&rsquo;ann\u00e9e que cette organisation repr\u00e9sentait \u00ab\u00a0la menace principale\u00a0\u00bb sur le sol fran\u00e7ais.<\/p>\n<p>L&rsquo;enqu\u00eate se poursuit sous la direction du parquet national antiterroriste.<\/p>\n<p><img loading=\"lazy\" decoding=\"async\" src=\"https:\/\/www.europesays.com\/fr\/wp-content\/uploads\/2025\/11\/1762042766_397_img\" width=\"350\" height=\"200\" border=\"0\" title=\"Quatre des six minibus de l'AS Saint-Priest d\u00c3\u00a9truits par les flammes suite \u00c3\u00a0 un incendie volontaire.\"\/><\/p>\n<p>\u25baFaits divers<\/p>\n<p style=\"font-size: 22px;\"><b>Pr\u00e8s de Lyon : six minibus de l&rsquo;AS Saint-Priest incendi\u00e9s pendant la soir\u00e9e d&rsquo;Halloween<\/b><\/p>\n<p>Six minibus du club de l&rsquo;AS Saint-Priest (N2) ont&#8230;<\/p>\n<p><\/p>\n","protected":false},"excerpt":{"rendered":"Un homme de 20 ans, adh\u00e9rent pr\u00e9sum\u00e9 \u00e0 l&rsquo;id\u00e9ologie djihadiste, a \u00e9t\u00e9 interpell\u00e9 mercredi 26 octobre \u00e0 Lyon,&hellip;\n","protected":false},"author":2,"featured_media":480958,"comment_status":"","ping_status":"","sticky":false,"template":"","format":"standard","meta":{"footnotes":""},"categories":[1889],"tags":[1111,11,2430,62709,23533,1777,674,1011,27,2428,12,33709,25,1254],"class_list":{"0":"post-505665","1":"post","2":"type-post","3":"status-publish","4":"format-standard","5":"has-post-thumbnail","7":"category-lyon","8":"tag-actu","9":"tag-actualites","10":"tag-auvergne-rhone-alpes","11":"tag-centre-rtention-administrative-lyon","12":"tag-colombier-saugnieu","13":"tag-eu","14":"tag-europe","15":"tag-fr","16":"tag-france","17":"tag-lyon","18":"tag-news","19":"tag-parquet-national-antiterroriste","20":"tag-republique-francaise","21":"tag-terrorisme"},"share_on_mastodon":{"url":"https:\/\/pubeurope.com\/@fr\/115477241684451293","error":""},"_links":{"self":[{"href":"https:\/\/www.europesays.com\/fr\/wp-json\/wp\/v2\/posts\/505665","targetHints":{"allow":["GET"]}}],"collection":[{"href":"https:\/\/www.europesays.com\/fr\/wp-json\/wp\/v2\/posts"}],"about":[{"href":"https:\/\/www.europesays.com\/fr\/wp-json\/wp\/v2\/types\/post"}],"author":[{"embeddable":true,"href":"https:\/\/www.europesays.com\/fr\/wp-json\/wp\/v2\/users\/2"}],"replies":[{"embeddable":true,"href":"https:\/\/www.europesays.com\/fr\/wp-json\/wp\/v2\/comments?post=505665"}],"version-history":[{"count":0,"href":"https:\/\/www.europesays.com\/fr\/wp-json\/wp\/v2\/posts\/505665\/revisions"}],"wp:featuredmedia":[{"embeddable":true,"href":"https:\/\/www.europesays.com\/fr\/wp-json\/wp\/v2\/media\/480958"}],"wp:attachment":[{"href":"https:\/\/www.europesays.com\/fr\/wp-json\/wp\/v2\/media?parent=505665"}],"wp:term":[{"taxonomy":"category","embeddable":true,"href":"https:\/\/www.europesays.com\/fr\/wp-json\/wp\/v2\/categories?post=505665"},{"taxonomy":"post_tag","embeddable":true,"href":"https:\/\/www.europesays.com\/fr\/wp-json\/wp\/v2\/tags?post=505665"}],"curies":[{"name":"wp","href":"https:\/\/api.w.org\/{rel}","templated":true}]}}