{"id":505676,"date":"2025-11-02T00:30:14","date_gmt":"2025-11-02T00:30:14","guid":{"rendered":"https:\/\/www.europesays.com\/fr\/505676\/"},"modified":"2025-11-02T00:30:14","modified_gmt":"2025-11-02T00:30:14","slug":"lattaque-dun-drone-ukrainien-endommage-le-port-russe-de-tuapse-et-provoque-un-incendie-selon-la-russie-02-11-2025-a-0054","status":"publish","type":"post","link":"https:\/\/www.europesays.com\/fr\/505676\/","title":{"rendered":"L&rsquo;attaque d&rsquo;un drone ukrainien endommage le port russe de Tuapse et provoque un incendie, selon la Russie &#8211; 02\/11\/2025 \u00e0 00:54"},"content":{"rendered":"<p>\n ((Traduction automatis\u00e9e par Reuters \u00e0 l&rsquo;aide de l&rsquo;apprentissage<br \/>\nautomatique et de l&rsquo;IA g\u00e9n\u00e9rative, veuillez vous r\u00e9f\u00e9rer \u00e0<br \/>\nl&rsquo;avertissement suivant: https:\/\/bit.ly\/rtrsauto))\n<\/p>\n<p>\n (Ajout de citations, de d\u00e9tails, de contexte dans les<br \/>\nparagraphes 2 \u00e0 7)\n<\/p>\n<p>\n Les installations portuaires de<br \/>\nTuapse, sur la mer Noire, qui abritent un important terminal<br \/>\np\u00e9trolier russe, ont \u00e9t\u00e9 endommag\u00e9es et incendi\u00e9es pendant la<br \/>\nnuit \u00e0 la suite d&rsquo;une attaque de drones ukrainiens, ont d\u00e9clar\u00e9<br \/>\nles autorit\u00e9s r\u00e9gionales dimanche.\n<\/p>\n<p>\n \u00ab\u00a0Une attaque de drones a \u00e9t\u00e9 repouss\u00e9e \u00e0 Tuapse\u00a0\u00bb, a d\u00e9clar\u00e9<br \/>\nl&rsquo;administration de la r\u00e9gion de Krasnodar, o\u00f9 se trouve Tuapse,<br \/>\nsur l&rsquo;application de messagerie Telegram.\n<\/p>\n<p>\n \u00ab\u00a0La chute de drones a endommag\u00e9 des infrastructures portuaires<br \/>\net d\u00e9clench\u00e9 un incendie. Aucune victime n&rsquo;a \u00e9t\u00e9 signal\u00e9e.\u00a0\u00bb<br \/>\nLa nature des infrastructures portuaires endommag\u00e9es n&rsquo;a pas \u00e9t\u00e9<br \/>\npr\u00e9cis\u00e9e dans l&rsquo;imm\u00e9diat.\n<\/p>\n<p>\n Le port abrite le terminal p\u00e9trolier de Tuapse et la raffinerie<br \/>\nde Tuapse, contr\u00f4l\u00e9e par Rosneft, qui ont tous deux \u00e9t\u00e9 pris<br \/>\npour cible par des drones ukrainiens \u00e0 plusieurs reprises<br \/>\ncette ann\u00e9e.\n<\/p>\n<p>\n Kyiv a intensifi\u00e9 ses frappes sur les raffineries, les d\u00e9p\u00f4ts<br \/>\net les ol\u00e9oducs russes afin de peser sur l&rsquo;approvisionnement en<br \/>\ncarburant, de perturber la logistique militaire et d&rsquo;augmenter<br \/>\nles co\u00fbts de la guerre, une campagne qu&rsquo;elle affirme \u00eatre une<br \/>\nriposte aux attaques russes sur le r\u00e9seau \u00e9lectrique ukrainien.\n<\/p>\n<p>\n L&rsquo;administration de Krasnodar a d\u00e9clar\u00e9 qu&rsquo;un immeuble<br \/>\nd&rsquo;habitation avait \u00e9t\u00e9 endommag\u00e9 par la chute de d\u00e9bris de<br \/>\ndrones dans le village de Sosnovyi, juste \u00e0 l&rsquo;ext\u00e9rieur de<br \/>\nTuapse. Aucun bless\u00e9 n&rsquo;a \u00e9t\u00e9 signal\u00e9.<\/p>\n","protected":false},"excerpt":{"rendered":"((Traduction automatis\u00e9e par Reuters \u00e0 l&rsquo;aide de l&rsquo;apprentissage automatique et de l&rsquo;IA g\u00e9n\u00e9rative, veuillez vous r\u00e9f\u00e9rer \u00e0 l&rsquo;avertissement&hellip;\n","protected":false},"author":2,"featured_media":8061,"comment_status":"","ping_status":"","sticky":false,"template":"","format":"standard","meta":{"footnotes":""},"categories":[1591],"tags":[400,11,398,408,405,1887,403,402,399,404,12,1885,1886,132,401,406,407],"class_list":{"0":"post-505676","1":"post","2":"type-post","3":"status-publish","4":"format-standard","5":"has-post-thumbnail","7":"category-russie","8":"tag-action-cac-40","9":"tag-actualites","10":"tag-bourse-de-paris","11":"tag-boursorama","12":"tag-cotations","13":"tag-federation-de-russie","14":"tag-indices-devises","15":"tag-investir","16":"tag-investissement","17":"tag-marche-boursier","18":"tag-news","19":"tag-russia","20":"tag-russian-federation","21":"tag-russie","22":"tag-sicav","23":"tag-trackers","24":"tag-warrants"},"share_on_mastodon":{"url":"https:\/\/pubeurope.com\/@fr\/115477284368983809","error":""},"_links":{"self":[{"href":"https:\/\/www.europesays.com\/fr\/wp-json\/wp\/v2\/posts\/505676","targetHints":{"allow":["GET"]}}],"collection":[{"href":"https:\/\/www.europesays.com\/fr\/wp-json\/wp\/v2\/posts"}],"about":[{"href":"https:\/\/www.europesays.com\/fr\/wp-json\/wp\/v2\/types\/post"}],"author":[{"embeddable":true,"href":"https:\/\/www.europesays.com\/fr\/wp-json\/wp\/v2\/users\/2"}],"replies":[{"embeddable":true,"href":"https:\/\/www.europesays.com\/fr\/wp-json\/wp\/v2\/comments?post=505676"}],"version-history":[{"count":0,"href":"https:\/\/www.europesays.com\/fr\/wp-json\/wp\/v2\/posts\/505676\/revisions"}],"wp:featuredmedia":[{"embeddable":true,"href":"https:\/\/www.europesays.com\/fr\/wp-json\/wp\/v2\/media\/8061"}],"wp:attachment":[{"href":"https:\/\/www.europesays.com\/fr\/wp-json\/wp\/v2\/media?parent=505676"}],"wp:term":[{"taxonomy":"category","embeddable":true,"href":"https:\/\/www.europesays.com\/fr\/wp-json\/wp\/v2\/categories?post=505676"},{"taxonomy":"post_tag","embeddable":true,"href":"https:\/\/www.europesays.com\/fr\/wp-json\/wp\/v2\/tags?post=505676"}],"curies":[{"name":"wp","href":"https:\/\/api.w.org\/{rel}","templated":true}]}}