{"id":505683,"date":"2025-11-02T00:34:24","date_gmt":"2025-11-02T00:34:24","guid":{"rendered":"https:\/\/www.europesays.com\/fr\/505683\/"},"modified":"2025-11-02T00:34:24","modified_gmt":"2025-11-02T00:34:24","slug":"france-allemagne-vers-une-convergence-des-systemes-politiques","status":"publish","type":"post","link":"https:\/\/www.europesays.com\/fr\/505683\/","title":{"rendered":"France &#8211; Allemagne : Vers une convergence des syst\u00e8mes politiques ?"},"content":{"rendered":"<p>\n        Conf\u00e9rence, rencontre, d\u00e9bat\n      <\/p>\n<p class=\"chapo mt-2 mb-4\">L\u2019universit\u00e9 Le Havre Normandie et l\u2019association Le Havre-Magdebourg vous invitent \u00e0 une conf\u00e9rence consacr\u00e9e aux convergences des syst\u00e8mes politiques fran\u00e7ais et allemand.<\/p>\n<p>                        <img decoding=\"async\" src=\"https:\/\/www.europesays.com\/fr\/wp-content\/uploads\/2025\/11\/cathedrale-de-magdebourg-c-romy-buhr-landeshauptstadt-magdeburg.jpg.webp\" alt=\"\" class=\"figure-img w-100\" loading=\"lazy\"\/><\/p>\n<p>                              Cath\u00e9drale de Magdebourg \/<br \/>\n                                            \u00a9 Romy Buhr &#8211; Landeshauptstadt Magdeburg<\/p>\n<p>Entr\u00e9e libre et gratuite<\/p>\n<p>Cette conf\u00e9rence propose un regard crois\u00e9 sur la situation politique en France et en Allemagne : d\u2019un c\u00f4t\u00e9, un syst\u00e8me pr\u00e9sidentiel majoritaire, de l\u2019autre, un r\u00e9gime parlementaire de coalition. Les deux pays semblent aujourd\u2019hui confront\u00e9s \u00e0 des enjeux similaires.<\/p>\n<p>La conf\u00e9rence mettra l&rsquo;accent sur les diff\u00e9rences de culture politique, notamment l\u2019apprentissage du compromis en France et la gestion de l\u2019extr\u00eame droite en Allemagne. Elle abordera \u00e9galement les effets de ces bouleversements sur les relations franco-allemandes.<\/p>\n<p>                    Infos pratiques<\/p>\n<p>La conf\u00e9rence se tiendra dans l\u2019amphith\u00e9\u00e2tre 7 de l\u2019universit\u00e9 Le Havre Normandie.<br \/>Conf\u00e9rence anim\u00e9e par Martin Baloge (docteur en science politique de l\u2019universit\u00e9 Paris 1 Panth\u00e9on-Sorbonne et enseignant-chercheur \u00e0 l\u2019universit\u00e9 catholique de Lille).<\/p>\n","protected":false},"excerpt":{"rendered":"Conf\u00e9rence, rencontre, d\u00e9bat L\u2019universit\u00e9 Le Havre Normandie et l\u2019association Le Havre-Magdebourg vous invitent \u00e0 une conf\u00e9rence consacr\u00e9e aux&hellip;\n","protected":false},"author":2,"featured_media":505684,"comment_status":"","ping_status":"","sticky":false,"template":"","format":"standard","meta":{"footnotes":""},"categories":[1587],"tags":[11,672,1804,1805,1803,1777,674,1801,12,1802],"class_list":{"0":"post-505683","1":"post","2":"type-post","3":"status-publish","4":"format-standard","5":"has-post-thumbnail","7":"category-allemagne","8":"tag-actualites","9":"tag-allemagne","10":"tag-bundesrepublik-deutschland","11":"tag-de","12":"tag-deutschland","13":"tag-eu","14":"tag-europe","15":"tag-germany","16":"tag-news","17":"tag-republique-federale-dallemagne"},"share_on_mastodon":{"url":"https:\/\/pubeurope.com\/@fr\/115477300463598264","error":""},"_links":{"self":[{"href":"https:\/\/www.europesays.com\/fr\/wp-json\/wp\/v2\/posts\/505683","targetHints":{"allow":["GET"]}}],"collection":[{"href":"https:\/\/www.europesays.com\/fr\/wp-json\/wp\/v2\/posts"}],"about":[{"href":"https:\/\/www.europesays.com\/fr\/wp-json\/wp\/v2\/types\/post"}],"author":[{"embeddable":true,"href":"https:\/\/www.europesays.com\/fr\/wp-json\/wp\/v2\/users\/2"}],"replies":[{"embeddable":true,"href":"https:\/\/www.europesays.com\/fr\/wp-json\/wp\/v2\/comments?post=505683"}],"version-history":[{"count":0,"href":"https:\/\/www.europesays.com\/fr\/wp-json\/wp\/v2\/posts\/505683\/revisions"}],"wp:featuredmedia":[{"embeddable":true,"href":"https:\/\/www.europesays.com\/fr\/wp-json\/wp\/v2\/media\/505684"}],"wp:attachment":[{"href":"https:\/\/www.europesays.com\/fr\/wp-json\/wp\/v2\/media?parent=505683"}],"wp:term":[{"taxonomy":"category","embeddable":true,"href":"https:\/\/www.europesays.com\/fr\/wp-json\/wp\/v2\/categories?post=505683"},{"taxonomy":"post_tag","embeddable":true,"href":"https:\/\/www.europesays.com\/fr\/wp-json\/wp\/v2\/tags?post=505683"}],"curies":[{"name":"wp","href":"https:\/\/api.w.org\/{rel}","templated":true}]}}