{"id":505685,"date":"2025-11-02T00:35:16","date_gmt":"2025-11-02T00:35:16","guid":{"rendered":"https:\/\/www.europesays.com\/fr\/505685\/"},"modified":"2025-11-02T00:35:16","modified_gmt":"2025-11-02T00:35:16","slug":"lavenir-de-la-randonnee-en-europe-webinaire-26-novembre-2025","status":"publish","type":"post","link":"https:\/\/www.europesays.com\/fr\/505685\/","title":{"rendered":"L\u2019avenir de la randonn\u00e9e en Europe &#8211; Webinaire \u201326 novembre 2025"},"content":{"rendered":"<p>Participez \u00e0 cette session pour d\u00e9couvrir comment la F\u00e9d\u00e9ration Europ\u00e9enne de la Randonn\u00e9e P\u00e9destre donne aux jeunes g\u00e9n\u00e9rations les moyens de fa\u00e7onner l\u2019avenir de la randonn\u00e9e \u00e0 travers le leadership, l\u2019innovation et la collaboration.\u00a0<\/p>\n<p> D\u00e9couvrez le Programme des Ambassadeurs Jeunes, les \u00e9changes Erasmus+ et la participation des jeunes aux projets de la FERP, tels que <a href=\"https:\/\/www.era-ewv-ferp.org\/fr\/path\/\" target=\"_blank\" rel=\"noopener\">PATH<\/a> et <a href=\"https:\/\/www.ffrandonnee.fr\/s-informer\/actualites\/a-vos-agendas-eurorando-2026-une-celebration-europeenne-unique-de-la-randonnee\" target=\"_blank\" rel=\"noopener\">Eurorando 2026<\/a>.\u00a0<\/p>\n<p>26 novembre 2025 | 16h00\u201317h00 CET | En ligne\u00a0<\/p>\n<p>La participation est gratuite, mais l&rsquo;inscription est n\u00e9cessaire.<br \/> \u00a0<br \/>Plus d\u2019informations et inscription sur : <a href=\"https:\/\/eur01.safelinks.protection.outlook.com\/?url=https%3A%2F%2Fera-ewv-ferp.us19.list-manage.com%2Ftrack%2Fclick%3Fu%3De254cc5dd233bd1609c3ed6ca%26id%3D1709118f9b%26e%3D47c57b4302&amp;data=05%7C02%7Cgpolimene%40ffrandonnee.fr%7Cf273d42a8b6940cf3a7708de18ae2e64%7C8b4c7ea5291345429f4bd8dd4dca0707%7C0%7C0%7C638975334593863065%7CUnknown%7CTWFpbGZsb3d8eyJFbXB0eU1hcGkiOnRydWUsIlYiOiIwLjAuMDAwMCIsIlAiOiJXaW4zMiIsIkFOIjoiTWFpbCIsIldUIjoyfQ%3D%3D%7C60000%7C%7C%7C&amp;sdata=KX7TIvW3LxV8VaFUtAUN1oBub%2FbASIhW78qSAyCPaWo%3D&amp;reserved=0\" target=\"_blank\" rel=\"noopener\">era-ewv-ferp.org\/event\/era-webinar\/<\/a>\u00a0<\/p>\n<p>\u00a9\u00a0Rido &#8211; Fotolia<\/p>\n","protected":false},"excerpt":{"rendered":"Participez \u00e0 cette session pour d\u00e9couvrir comment la F\u00e9d\u00e9ration Europ\u00e9enne de la Randonn\u00e9e P\u00e9destre donne aux jeunes g\u00e9n\u00e9rations&hellip;\n","protected":false},"author":2,"featured_media":505686,"comment_status":"","ping_status":"","sticky":false,"template":"","format":"standard","meta":{"footnotes":""},"categories":[1586],"tags":[11,28225,28226,28217,28218,1777,674,28216,28227,28228,1011,27,28211,28212,28215,28224,28219,28222,12,28213,28221,28220,25,28214,28223],"class_list":{"0":"post-505685","1":"post","2":"type-post","3":"status-publish","4":"format-standard","5":"has-post-thumbnail","7":"category-europe","8":"tag-actualites","9":"tag-animateur-de-randonnee","10":"tag-balisage","11":"tag-clubs-de-randonnee","12":"tag-disciplines-de-randonnee","13":"tag-eu","14":"tag-europe","15":"tag-federation-francaise-de-la-randonnee-pedestre","16":"tag-ffrandonnee","17":"tag-ffrp","18":"tag-fr","19":"tag-france","20":"tag-gr","21":"tag-grande-randonnee","22":"tag-itineraires-de-randonnee","23":"tag-itinerance","24":"tag-longe-cote","25":"tag-marche-nordique","26":"tag-news","27":"tag-promenade-et-randonnee","28":"tag-rando-challenge","29":"tag-raquette-a-neige","30":"tag-republique-francaise","31":"tag-topoguide","32":"tag-trek"},"share_on_mastodon":{"url":"https:\/\/pubeurope.com\/@fr\/115477304632079957","error":""},"_links":{"self":[{"href":"https:\/\/www.europesays.com\/fr\/wp-json\/wp\/v2\/posts\/505685","targetHints":{"allow":["GET"]}}],"collection":[{"href":"https:\/\/www.europesays.com\/fr\/wp-json\/wp\/v2\/posts"}],"about":[{"href":"https:\/\/www.europesays.com\/fr\/wp-json\/wp\/v2\/types\/post"}],"author":[{"embeddable":true,"href":"https:\/\/www.europesays.com\/fr\/wp-json\/wp\/v2\/users\/2"}],"replies":[{"embeddable":true,"href":"https:\/\/www.europesays.com\/fr\/wp-json\/wp\/v2\/comments?post=505685"}],"version-history":[{"count":0,"href":"https:\/\/www.europesays.com\/fr\/wp-json\/wp\/v2\/posts\/505685\/revisions"}],"wp:featuredmedia":[{"embeddable":true,"href":"https:\/\/www.europesays.com\/fr\/wp-json\/wp\/v2\/media\/505686"}],"wp:attachment":[{"href":"https:\/\/www.europesays.com\/fr\/wp-json\/wp\/v2\/media?parent=505685"}],"wp:term":[{"taxonomy":"category","embeddable":true,"href":"https:\/\/www.europesays.com\/fr\/wp-json\/wp\/v2\/categories?post=505685"},{"taxonomy":"post_tag","embeddable":true,"href":"https:\/\/www.europesays.com\/fr\/wp-json\/wp\/v2\/tags?post=505685"}],"curies":[{"name":"wp","href":"https:\/\/api.w.org\/{rel}","templated":true}]}}