{"id":505699,"date":"2025-11-02T00:43:11","date_gmt":"2025-11-02T00:43:11","guid":{"rendered":"https:\/\/www.europesays.com\/fr\/505699\/"},"modified":"2025-11-02T00:43:11","modified_gmt":"2025-11-02T00:43:11","slug":"atp-rolex-paris-masters-auger-aliassime-ne-fera-pas-de-complexe-contre-sinner-sports","status":"publish","type":"post","link":"https:\/\/www.europesays.com\/fr\/505699\/","title":{"rendered":"ATP &#8211; Rolex Paris Masters : Auger-Aliassime ne fera pas de complexe contre Sinner : Sports"},"content":{"rendered":"<p class=\"date\">\n                                                            Mathieu Warnier, Media365 : publi\u00e9 le samedi 01 novembre 2025 \u00e0 22h35\n                                                    <\/p>\n<p>Alors qu&rsquo;il a rendez-vous avec Jannik Sinner ce dimanche lors de la finale du Rolex Paris Masters, F\u00e9lix Auger-Aliassime a assur\u00e9 \u00eatre en capacit\u00e9 de r\u00e9pondre au d\u00e9fi pos\u00e9 par le num\u00e9ro 2 mondial.<\/p>\n<p>F\u00e9lix Auger-Aliassime attendait \u00e7a depuis un an et demi. Domin\u00e9 par Andrey Rublev lors de la finale de l&rsquo;\u00e9dition 2024 du Masters 1000 de Madrid, le Canadien va de nouveau jouer pour le titre dans un tournoi de cette cat\u00e9gorie gr\u00e2ce au <a href=\"https:\/\/sports.orange.fr\/tennis\/atp\/article\/atp-rolex-paris-masters-auger-aliassime-s-offre-bublik-et-se-qualifie-pour-la-finale-CNT000002lwqFt.html\" rel=\"nofollow noopener\" target=\"_blank\">succ\u00e8s en deux manches acquis ce samedi face \u00e0 Alexander Bublik<\/a>. Mais, cette fois, c&rsquo;est personne d&rsquo;autre que le num\u00e9ro 2 mondial Jannik Sinner qui sera face \u00e0 lui \u00e0 l&rsquo;occasion de la premi\u00e8re finale du Rolex Paris Masters disput\u00e9e \u00e0 la Paris La D\u00e9fense Arena. Lucide, le 10eme joueur au classement ATP a conc\u00e9d\u00e9 en conf\u00e9rence de presse que \u00ab\u00a0c&rsquo;est quand m\u00eame lui le favori\u00a0\u00bb pour leur troisi\u00e8me confrontation directe de l&rsquo;ann\u00e9e apr\u00e8s les succ\u00e8s de l&rsquo;Italien \u00e0 Cincinnati et \u00e0 Flushing Meadows.<\/p>\n<p>Auger-Aliassime : \u00ab\u00a0Il vous oblige \u00e0 \u00eatre tr\u00e8s disciplin\u00e9\u00a0\u00bb<\/p>\n<p>\u00ab\u00a0Nous avons fait un bon match en demi-finales de l&rsquo;US Open cet \u00e9t\u00e9, s&rsquo;est-il rem\u00e9mor\u00e9 dans des propos recueillis par le quotidien L&rsquo;Equipe. Je pense que c&rsquo;\u00e9tait du bon tennis, mais il a pris le meilleur.\u00a0\u00bb Malgr\u00e9 tout, F\u00e9lix Auger-Aliassime a affirm\u00e9 que \u00ab\u00a0c&rsquo;est toujours sympa de le jouer\u00a0\u00bb car \u00ab\u00a0il vous oblige \u00e0 \u00eatre tr\u00e8s disciplin\u00e9, tr\u00e8s tactique et tr\u00e8s pr\u00e9cis dans l&rsquo;ex\u00e9cution de vos coups\u00a0\u00bb. Le natif de Montr\u00e9al pense avoir la recette pour venir \u00e0 bout de Jannik Sinner, <a href=\"https:\/\/sports.orange.fr\/tennis\/atp\/article\/atp-rolex-paris-masters-sinner-corrige-zverev-et-rejoint-auger-aliassime-CNT000002lwrL7.html\" rel=\"nofollow noopener\" target=\"_blank\">qui a \u00e9trill\u00e9 Alexander Zverev lors de l&rsquo;autre demi-finale<\/a>. Il affirme ainsi qu&rsquo;il \u00ab\u00a0faut tout faire parfaitement\u00a0\u00bb et compte ne rien l\u00e2cher. \u00ab\u00a0Il faut jouer son meilleur tennis et ne rien donner, a-t-il ajout\u00e9. C&rsquo;est ce que je vais essayer de faire.\u00a0\u00bb Cette d\u00e9faite en quatre manches dans le dernier carr\u00e9 de l&rsquo;US Open, F\u00e9lix Auger-Aliassime compte en puiser des le\u00e7ons pour rivaliser avec le Transalpin ce dimanche.<\/p>\n<p>Sinner et Alcaraz \u00ab\u00a0pas injouables\u00a0\u00bb pour Auger-Aliassime<\/p>\n<p>\u00ab\u00a0A un moment du match, je l&rsquo;ai senti douter, a-t-il affirm\u00e9 face aux journalistes. Je sentais que je n&rsquo;\u00e9tais pas loin de faire tourner le match en ma faveur. Donc c&rsquo;\u00e9tait encourageant de voir \u00e7a.\u00a0\u00bb En tout cas, <a href=\"https:\/\/sports.orange.fr\/tennis\/us-open\/article\/us-open-h-sinner-rejoint-alcaraz-CNT000002kvqqL.html\" rel=\"nofollow noopener\" target=\"_blank\">cette performance en Grand Chelem<\/a> lui fait dire que tout n&rsquo;est pas perdu. \u00ab\u00a0Je me suis dit que ces gars, Jannik Sinner et Carlos Alcaraz, n&rsquo;\u00e9taient pas injouables, a conclu le Canadien. Ils sont forts, tr\u00e8s forts, oui. Parfois, ils deviennent injouables. Mais il y a des moyens de les perturber.\u00a0\u00bb Et l&rsquo;enjeu d&rsquo;une possible qualification pour le Masters de Turin pourrait donner des ailes \u00e0 \u00ab\u00a0FAA\u00a0\u00bb quand, de l&rsquo;autre c\u00f4t\u00e9 du filet, Jannik Sinner pourrait retrouver la premi\u00e8re place mondiale en cas de succ\u00e8s sur le court de la Paris La D\u00e9fense Arena.<\/p>\n","protected":false},"excerpt":{"rendered":"Mathieu Warnier, Media365 : publi\u00e9 le samedi 01 novembre 2025 \u00e0 22h35 Alors qu&rsquo;il a rendez-vous avec Jannik&hellip;\n","protected":false},"author":2,"featured_media":505700,"comment_status":"","ping_status":"","sticky":false,"template":"","format":"standard","meta":{"footnotes":""},"categories":[1415],"tags":[1011,27,60,1467],"class_list":{"0":"post-505699","1":"post","2":"type-post","3":"status-publish","4":"format-standard","5":"has-post-thumbnail","7":"category-tennis","8":"tag-fr","9":"tag-france","10":"tag-sports","11":"tag-tennis"},"share_on_mastodon":{"url":"https:\/\/pubeurope.com\/@fr\/115477335463229067","error":""},"_links":{"self":[{"href":"https:\/\/www.europesays.com\/fr\/wp-json\/wp\/v2\/posts\/505699","targetHints":{"allow":["GET"]}}],"collection":[{"href":"https:\/\/www.europesays.com\/fr\/wp-json\/wp\/v2\/posts"}],"about":[{"href":"https:\/\/www.europesays.com\/fr\/wp-json\/wp\/v2\/types\/post"}],"author":[{"embeddable":true,"href":"https:\/\/www.europesays.com\/fr\/wp-json\/wp\/v2\/users\/2"}],"replies":[{"embeddable":true,"href":"https:\/\/www.europesays.com\/fr\/wp-json\/wp\/v2\/comments?post=505699"}],"version-history":[{"count":0,"href":"https:\/\/www.europesays.com\/fr\/wp-json\/wp\/v2\/posts\/505699\/revisions"}],"wp:featuredmedia":[{"embeddable":true,"href":"https:\/\/www.europesays.com\/fr\/wp-json\/wp\/v2\/media\/505700"}],"wp:attachment":[{"href":"https:\/\/www.europesays.com\/fr\/wp-json\/wp\/v2\/media?parent=505699"}],"wp:term":[{"taxonomy":"category","embeddable":true,"href":"https:\/\/www.europesays.com\/fr\/wp-json\/wp\/v2\/categories?post=505699"},{"taxonomy":"post_tag","embeddable":true,"href":"https:\/\/www.europesays.com\/fr\/wp-json\/wp\/v2\/tags?post=505699"}],"curies":[{"name":"wp","href":"https:\/\/api.w.org\/{rel}","templated":true}]}}