{"id":505701,"date":"2025-11-02T00:47:19","date_gmt":"2025-11-02T00:47:19","guid":{"rendered":"https:\/\/www.europesays.com\/fr\/505701\/"},"modified":"2025-11-02T00:47:19","modified_gmt":"2025-11-02T00:47:19","slug":"une-n1-pour-wendy-bunea-actualite","status":"publish","type":"post","link":"https:\/\/www.europesays.com\/fr\/505701\/","title":{"rendered":"Une N1 pour Wendy Bunea &#8211; Actualit\u00e9"},"content":{"rendered":"<p style=\"text-align: justify;\">Apr\u00e8s le VC Ambertois, le CSM Puteaux, Hexagone-Corbas Lyon M\u00e9tropole et le VC Roannais, Wendy Bunea va conna\u00eetre un nouveau club en 2026. La Roumaine, install\u00e9e en Auvergne, s\u2019est engag\u00e9e pour la saison 2026 avec Megamo Vosges Team.<\/p>\n<p>Cette saison, sur la route, l\u2019athl\u00e8te de 19 ans a termin\u00e9 4e du Tour d&rsquo;Ambert Livradois Forez o\u00f9 elle a termin\u00e9 4e, 6 et 13e d\u2019\u00e9tapes, 7e d\u2019une \u00e9tape du Tour de l&rsquo;Orne f\u00e9minin, manche de la Coupe de France N2 termin\u00e9e \u00e0 la 12e place du g\u00e9n\u00e9ral, ou encore 10e d\u2019une \u00e9tape du Loire Ladies Tour. Elle est \u00e9galement une sp\u00e9cialiste de cyclo-cross.<\/p>\n<p>Retrouvez toutes les mutations <strong><a href=\"https:\/\/www.directvelo.com\/mutations\/2026#women-women_dn1\" target=\"_blank\" rel=\"noopener\">en cliquant ici<\/a>.<\/strong><\/p>\n","protected":false},"excerpt":{"rendered":"Apr\u00e8s le VC Ambertois, le CSM Puteaux, Hexagone-Corbas Lyon M\u00e9tropole et le VC Roannais, Wendy Bunea va conna\u00eetre&hellip;\n","protected":false},"author":2,"featured_media":505702,"comment_status":"","ping_status":"","sticky":false,"template":"","format":"standard","meta":{"footnotes":""},"categories":[1411],"tags":[834,828,836,829,837,827,83,826,824,823,1154,207,814,817,815,816,822,821,832,211,839,1011,27,820,818,819,835,831,830,833,838,60,212,208,825],"class_list":{"0":"post-505701","1":"post","2":"type-post","3":"status-publish","4":"format-standard","5":"has-post-thumbnail","7":"category-cyclisme","8":"tag-attaque","9":"tag-belgique","10":"tag-braquet","11":"tag-bretagne","12":"tag-chute","13":"tag-competition","14":"tag-coupe-de-france","15":"tag-coureur","16":"tag-course-cyclisme","17":"tag-course-cycliste","18":"tag-cycling","19":"tag-cyclisme","20":"tag-direct","21":"tag-direct-velo","22":"tag-directvelo","23":"tag-directvelo-com","24":"tag-epreuve","25":"tag-epreuve-cycliste","26":"tag-federation-francaise-de-cyclisme","27":"tag-ffc","28":"tag-flandres","29":"tag-fr","30":"tag-france","31":"tag-live","32":"tag-live-course","33":"tag-live-epreuve","34":"tag-peloton","35":"tag-radio-peloton","36":"tag-radio-tour","37":"tag-ravitaillement","38":"tag-relance","39":"tag-sports","40":"tag-uci","41":"tag-velo","42":"tag-velos"},"share_on_mastodon":{"url":"https:\/\/pubeurope.com\/@fr\/115477351222771467","error":""},"_links":{"self":[{"href":"https:\/\/www.europesays.com\/fr\/wp-json\/wp\/v2\/posts\/505701","targetHints":{"allow":["GET"]}}],"collection":[{"href":"https:\/\/www.europesays.com\/fr\/wp-json\/wp\/v2\/posts"}],"about":[{"href":"https:\/\/www.europesays.com\/fr\/wp-json\/wp\/v2\/types\/post"}],"author":[{"embeddable":true,"href":"https:\/\/www.europesays.com\/fr\/wp-json\/wp\/v2\/users\/2"}],"replies":[{"embeddable":true,"href":"https:\/\/www.europesays.com\/fr\/wp-json\/wp\/v2\/comments?post=505701"}],"version-history":[{"count":0,"href":"https:\/\/www.europesays.com\/fr\/wp-json\/wp\/v2\/posts\/505701\/revisions"}],"wp:featuredmedia":[{"embeddable":true,"href":"https:\/\/www.europesays.com\/fr\/wp-json\/wp\/v2\/media\/505702"}],"wp:attachment":[{"href":"https:\/\/www.europesays.com\/fr\/wp-json\/wp\/v2\/media?parent=505701"}],"wp:term":[{"taxonomy":"category","embeddable":true,"href":"https:\/\/www.europesays.com\/fr\/wp-json\/wp\/v2\/categories?post=505701"},{"taxonomy":"post_tag","embeddable":true,"href":"https:\/\/www.europesays.com\/fr\/wp-json\/wp\/v2\/tags?post=505701"}],"curies":[{"name":"wp","href":"https:\/\/api.w.org\/{rel}","templated":true}]}}