{"id":505703,"date":"2025-11-02T00:48:23","date_gmt":"2025-11-02T00:48:23","guid":{"rendered":"https:\/\/www.europesays.com\/fr\/505703\/"},"modified":"2025-11-02T00:48:23","modified_gmt":"2025-11-02T00:48:23","slug":"girondins-la-reaction-de-bruno-irles-apres-la-victoire-a-chauray-0-1","status":"publish","type":"post","link":"https:\/\/www.europesays.com\/fr\/505703\/","title":{"rendered":"Girondins : la r\u00e9action de Bruno Irl\u00e8s apr\u00e8s la victoire \u00e0 Chauray (0-1)"},"content":{"rendered":"<p><img decoding=\"async\" src=\"https:\/\/www.europesays.com\/fr\/wp-content\/uploads\/2025\/10\/671_5b7307d1a536570e49d9e3330e52f74b.jpg\" alt=\"Girondins : la r\u00e9action de Bruno Irl\u00e8s apr\u00e8s la victoire \u00e0 Chauray (0-1)\" class=\"img-responsive mt-3\"\/><\/p>\n<p class=\"text-center mb-3\" style=\"font-size: 14px\">\u00a9 Iconsport<\/p>\n<p>      <strong>Bruno Irl\u00e8s : \u201cOn a d\u00e9fendu ensemble, c\u2019est ce que je veux voir de mon \u00e9quipe\u201d<\/strong><\/p>\n<p style=\"text-align: justify;\">Avec cette sixi\u00e8me victoire cons\u00e9cutive, Bordeaux grimpe sur le podium et pr\u00e9pare d\u00e9j\u00e0 la r\u00e9ception de Locmin\u00e9.<\/p>\n<p style=\"text-align: justify;\">Bruno Irl\u00e8s sur la <a href=\"https:\/\/www.facebook.com\/reel\/1386782396787705\" target=\"_blank\" rel=\"noopener nofollow\">radio Forever<\/a> : \u00ab\u00a0On n&rsquo;arrive \u00e0 maintenir la dynamique, c&rsquo;est une bonne chose. Il y a 1-0 en marquant t\u00f4t, et on n&rsquo;arrive pas \u00e0 se mettre \u00e0 l&rsquo;abri. Je ne voulais pas que ressurgissent des d\u00e9mons de Granville. Sur la fin de match, Chauray a une situation o\u00f9 ils peuvent faire un hold-up pour arracher un match nul. J&rsquo;ai aim\u00e9, m\u00eame si on n&rsquo;a pas \u00e9t\u00e9 tr\u00e8s fringant ou tr\u00e8s incisif en deuxi\u00e8me, qu&rsquo;on travaille ensemble. On a d\u00e9fendu ensemble, on a montr\u00e9 du caract\u00e8re, c&rsquo;est ce que je cherche dans ce groupe. Tout n&rsquo;ira pas parfaitement, tout ne sera pas \u00e0 chaque fois tr\u00e8s beau. Quand les attaquants n&rsquo;arrivent pas, il faut qu&rsquo;ils participent \u00e0 l&rsquo;effort pour contenir une \u00e9quipe qui va faire mal \u00e0 beaucoup d&rsquo;autres.\u00a0\u00bb<\/p>\n<p><strong>L&rsquo;absence de Grillot expliqu\u00e9e<\/strong><\/p>\n<p style=\"text-align: justify;\">\u00ab\u00a0Hier soir, je devais anticiper l&rsquo;alerte musculaire de Jean Grillot. J\u2019ai pris la d\u00e9cision de le reposer ce matin. Le plan B \u00e9tait de positionner Tidyane Diagouraga en d\u00e9fense centrale. Je l\u2019ai averti \u00e0 midi. Il a \u00e9t\u00e9 recrut\u00e9 pour \u00e7a aussi. Je l\u2019ai fait travailler \u00e0 ce poste \u00e0 l&rsquo;entra\u00eenement. Je n&rsquo;ai pas eu de joueur aussi polyvalent depuis Val\u00e8re Germain qui pouvait jouer partout, il comprenait le foot. Tydiane fait partie de ses joueurs polyvalents. Je suis content, car il a fait son match.\u00a0\u00bb<\/p>\n<p><strong>Le physique de l\u2019\u00e9quipe au rendez-vous<\/strong><\/p>\n<p style=\"text-align: justify;\">\u00ab\u00a0M\u00eame si en deuxi\u00e8me p\u00e9riode, on a \u00e9t\u00e9 un peu moins dans les courses, il y avait un peu de fatigue, mais oui, dans le duel, on a r\u00e9pondu pr\u00e9sent. Les adversaires sont pr\u00eats. Vous avez un coach en face qui \u00e9tait pr\u00e9parateur physique (Fabrice Fontaine). Donc, je savais que l&rsquo;\u00e9quipe allait \u00eatre pr\u00eate physiquement. Et il fallait \u00eatre capable de r\u00e9pondre, les joueurs ont r\u00e9pondu.\u00a0\u00bb<\/p>\n<p><strong>Un effectif homog\u00e8ne<\/strong><\/p>\n<p style=\"text-align: justify;\">\u00ab\u00a0On voit que le groupe a su rester fort, malgr\u00e9 les absences importantes de Grillot et Villette, parce que ce sont des joueurs de l&rsquo;effectif. Ces 14-15 joueurs peuvent venir. Par exemple, Soufiane Bahassa, m\u00eame si ce n&rsquo;est pas forc\u00e9ment son poste, a compris de suite ce que je lui demandais. Ce n&rsquo;est pas non plus le mettre \u00e0 l&rsquo;aise \u00e0 rapport \u00e0 ses qualit\u00e9s. Mais il s&rsquo;int\u00e8gre vite et il r\u00e9pond au projet de jeu. En d\u00e9but de semaine, on travaillera ce qu&rsquo;on doit faire mieux avec de la vid\u00e9o, mais avant je vais les f\u00e9liciter. On doit \u00eatre capable de mettre ce deuxi\u00e8me but. Mais aucun joueur n&rsquo;a l\u00e2ch\u00e9 ce 442. C&rsquo;est gratifiant de voir cet \u00e9tat d&rsquo;esprit.\u00a0\u00bb<\/p>\n<p><strong>Le classement et Locmin\u00e9 samedi prochain<\/strong><\/p>\n<p style=\"text-align: justify;\">\u00ab\u00a0On garde notre dynamique et on reste dans le wagon de t\u00eate (3e, voir le classement). Locmin\u00e9 nous a battus deux fois la saison derni\u00e8re, j&rsquo;\u00e9tais l\u00e0 et je ne l&rsquo;oublie pas. On va travailler pour pr\u00e9parer ce nouveau match. Ils ont tenu en \u00e9chec Avranches ce samedi soir (1-1).\u00a0\u00bb<\/p>\n<p>\u00c0 lire &gt;&gt; <strong><a href=\"https:\/\/www.webgirondins.com\/actualite-girondins-n2-steve-shamal-offre-la-victoire-aux-girondins-de-bordeaux-qui-montent-sur-le-podium-131000\" target=\"_blank\" rel=\"noopener nofollow\">N2 : Steve Shamal offre la victoire aux Girondins de Bordeaux qui montent sur le podium<\/a><\/strong><\/p>\n<p>\u00c0 vous de voter :<strong><br \/><\/strong><\/p>\n<p>\u00a0<\/p>\n<p>\u00a0<\/p>\n<p style=\"text-align: justify;\">\u00a0<\/p>\n","protected":false},"excerpt":{"rendered":"\u00a9 Iconsport Bruno Irl\u00e8s : \u201cOn a d\u00e9fendu ensemble, c\u2019est ce que je veux voir de mon \u00e9quipe\u201d&hellip;\n","protected":false},"author":2,"featured_media":486693,"comment_status":"","ping_status":"","sticky":false,"template":"","format":"standard","meta":{"footnotes":""},"categories":[1410],"tags":[150,1997,3211,22484,2263,63,1011,27,1987,3212,3210,39938,19789,3400,60,1264],"class_list":{"0":"post-505703","1":"post","2":"type-post","3":"status-publish","4":"format-standard","5":"has-post-thumbnail","7":"category-football","8":"tag-apres","9":"tag-bordeaux","10":"tag-bruno","11":"tag-chauray","12":"tag-equipe","13":"tag-football","14":"tag-fr","15":"tag-france","16":"tag-girondins","17":"tag-irles","18":"tag-reaction","19":"tag-salue","20":"tag-serieux","21":"tag-solidarite","22":"tag-sports","23":"tag-victoire"},"share_on_mastodon":{"url":"https:\/\/pubeurope.com\/@fr\/115477356020958820","error":""},"_links":{"self":[{"href":"https:\/\/www.europesays.com\/fr\/wp-json\/wp\/v2\/posts\/505703","targetHints":{"allow":["GET"]}}],"collection":[{"href":"https:\/\/www.europesays.com\/fr\/wp-json\/wp\/v2\/posts"}],"about":[{"href":"https:\/\/www.europesays.com\/fr\/wp-json\/wp\/v2\/types\/post"}],"author":[{"embeddable":true,"href":"https:\/\/www.europesays.com\/fr\/wp-json\/wp\/v2\/users\/2"}],"replies":[{"embeddable":true,"href":"https:\/\/www.europesays.com\/fr\/wp-json\/wp\/v2\/comments?post=505703"}],"version-history":[{"count":0,"href":"https:\/\/www.europesays.com\/fr\/wp-json\/wp\/v2\/posts\/505703\/revisions"}],"wp:featuredmedia":[{"embeddable":true,"href":"https:\/\/www.europesays.com\/fr\/wp-json\/wp\/v2\/media\/486693"}],"wp:attachment":[{"href":"https:\/\/www.europesays.com\/fr\/wp-json\/wp\/v2\/media?parent=505703"}],"wp:term":[{"taxonomy":"category","embeddable":true,"href":"https:\/\/www.europesays.com\/fr\/wp-json\/wp\/v2\/categories?post=505703"},{"taxonomy":"post_tag","embeddable":true,"href":"https:\/\/www.europesays.com\/fr\/wp-json\/wp\/v2\/tags?post=505703"}],"curies":[{"name":"wp","href":"https:\/\/api.w.org\/{rel}","templated":true}]}}