{"id":505704,"date":"2025-11-02T00:49:11","date_gmt":"2025-11-02T00:49:11","guid":{"rendered":"https:\/\/www.europesays.com\/fr\/505704\/"},"modified":"2025-11-02T00:49:11","modified_gmt":"2025-11-02T00:49:11","slug":"deces-de-tcheky-karyo-acteur-a-la-longue-carriere-francaise-et-internationale","status":"publish","type":"post","link":"https:\/\/www.europesays.com\/fr\/505704\/","title":{"rendered":"D\u00e9c\u00e8s de Tch\u00e9ky Karyo, acteur \u00e0 la longue carri\u00e8re fran\u00e7aise et internationale"},"content":{"rendered":"<p class=\"mb-4 text-lg md:leading-8 break-words\">L&rsquo;acteur franco-turc Tch\u00e9ky Karyo, qui a jou\u00e9 dans environ 80 films dont les grands succ\u00e8s \u00ab\u00a0L&rsquo;Ours\u00a0\u00bb de Jean-Jacques Annaud et \u00ab\u00a0Nikita\u00a0\u00bb de Luc Besson, est d\u00e9c\u00e9d\u00e9 vendredi \u00e0 l&rsquo;\u00e2ge de 72 ans.<\/p>\n<p class=\"mb-4 text-lg md:leading-8 break-words\">\u00ab\u00a0Val\u00e9rie Keruzor\u00e9, son \u00e9pouse, et leurs enfants ont la douleur de faire part de la disparition de Tch\u00e9ky Karyo emport\u00e9 par un cancer ce vendredi 31 octobre\u00a0\u00bb, indique sa famille dans un communiqu\u00e9 transmis \u00e0 l&rsquo;AFP.<\/p>\n<p class=\"mb-4 text-lg md:leading-8 break-words\">Selon son agente, Elisabeth Tanner, l&rsquo;acteur \u00e0 la longue et prolifique carri\u00e8re en France comme \u00e0 l&rsquo;\u00e9tranger est d\u00e9c\u00e9d\u00e9 en Bretagne.<\/p>\n<p class=\"mb-4 text-lg md:leading-8 break-words\">N\u00e9 \u00e0 Istanbul en 1953, Tch\u00e9ky Karyo s&rsquo;\u00e9tait fait conna\u00eetre du grand public \u00e0 la fin des ann\u00e9es 1980 en tenant le premier r\u00f4le dans \u00ab\u00a0L&rsquo;Ours\u00a0\u00bb, grand succ\u00e8s en salles avec pr\u00e8s de neuf millions d&rsquo;entr\u00e9es, o\u00f9 il campait un chasseur de plantigrades pris de remords.<\/p>\n<p class=\"mb-4 text-lg md:leading-8 break-words\">En 1990, le com\u00e9dien au regard per\u00e7ant et \u00e0 la m\u00e2choire carr\u00e9e avait encha\u00een\u00e9 avec un autre succ\u00e8s en jouant le r\u00f4le ambigu de l&rsquo;agent recruteur de \u00ab\u00a0Nikita\u00a0\u00bb, redoutable tueuse \u00e0 gages incarn\u00e9e par Anne Parillaud devant la cam\u00e9ra de Luc Besson.<\/p>\n<p class=\"mb-4 text-lg md:leading-8 break-words\">Un r\u00e9alisateur qu&rsquo;il retrouvera pour \u00ab\u00a0Jeanne d&rsquo;Arc\u00a0\u00bb en 1999 et dans une de ses productions \u00ab\u00a0Le baiser mortel du dragon\u00a0\u00bb, o\u00f9 il incarne un inspecteur de police corrompu.<\/p>\n<p class=\"mb-4 text-lg md:leading-8 break-words\">Dans le western urbain \u00ab\u00a0Dobermann\u00a0\u00bb (1997) de Jan Kounen, il ajoutait une touche de sadisme \u00e0 un personnage de flic dop\u00e9 \u00e0 la violence.<\/p>\n<p class=\"mb-4 text-lg md:leading-8 break-words\">La carri\u00e8re de ce polyglotte ma\u00eetrisant le fran\u00e7ais, l&rsquo;anglais, l&rsquo;espagnol et l&rsquo;arabe avait d\u00e9but\u00e9 dans le cin\u00e9ma d&rsquo;auteur fran\u00e7ais, notamment en 1982 devant la cam\u00e9ra de Chantal Akerman pour \u00ab\u00a0Toute une nuit\u00a0\u00bb et devant celle d&rsquo;Eric Rohmer en 1984 dans \u00ab\u00a0Les Nuits de la pleine lune\u00a0\u00bb.<\/p>\n<p class=\"mb-4 text-lg md:leading-8 break-words\">En 1983, il avait \u00e9t\u00e9 nomm\u00e9 pour le C\u00e9sar du meilleur espoir masculin pour son r\u00f4le de truand dans le film \u00ab\u00a0La Balance\u00a0\u00bb du r\u00e9alisateur Bob Swain.<\/p>\n<p class=\"mb-4 text-lg md:leading-8 break-words\">Sa filmographie \u00e9clectique l&rsquo;a fait c\u00f4toyer Jean-Pierre Jeunet dans \u00ab\u00a0Le Fabuleux destin d&rsquo;Am\u00e9lie Poulain\u00a0\u00bb (2001), un des plus grands succ\u00e8s du cin\u00e9ma fran\u00e7ais dans lequel il tient un des plus petits r\u00f4les du 7e art&#8230; et appara\u00eet sur une des photos d&rsquo;identit\u00e9 collectionn\u00e9es par un personnage.<\/p>\n<p class=\"mb-4 text-lg md:leading-8 break-words\">&#8211; R\u00f4les de m\u00e9chants &#8211;<\/p>\n<p class=\"mb-4 text-lg md:leading-8 break-words\">Il a \u00e9galement tourn\u00e9 avec des cin\u00e9astes \u00e9trangers, notamment le Br\u00e9silien Walter Salles (\u00ab\u00a0Terra Estrangeira\u00a0\u00bb, 1995) ou le Britannique Ridley Scott dans \u00ab\u00a01492: Christophe Colomb\u00a0\u00bb aux c\u00f4t\u00e9s de G\u00e9rard Depardieu.<\/p>\n<p class=\"mb-4 text-lg md:leading-8 break-words\">Mais ce sont ses seconds r\u00f4les de m\u00e9chants dans des films \u00e0 succ\u00e8s &#8212; un ministre russe dans le James Bond \u00ab\u00a0GoldenEye\u00a0\u00bb (1995) ou un criminel dans\u00a0\u00ab\u00a0Bad Boys\u00a0\u00bb\u00a0(1995) avec Will Smith &#8212; qui ont fait sa renomm\u00e9e \u00e0 l&rsquo;international.<\/p>\n<p class=\"mb-4 text-lg md:leading-8 break-words\">Saluant \u00ab\u00a0un artiste complet, un homme g\u00e9n\u00e9reux et discret\u00a0\u00bb, la ministre de la Culture Rachida Dati a estim\u00e9 dans un communiqu\u00e9 que Tch\u00e9ky Karyo \u00ab\u00a0appartenait \u00e0 cette famille d\u2019acteurs qui donnent au cin\u00e9ma fran\u00e7ais sa force et sa diversit\u00e9\u00a0\u00bb.<\/p>\n<p class=\"mb-4 text-lg md:leading-8 break-words\">\u00ab\u00a0Tch\u00e9ky Karyo laisse le souvenir d&rsquo;un com\u00e9dien sur qui on peut compter derri\u00e8re un sourire d&rsquo;homme tranquille\u00a0\u00bb, a d\u00e9clar\u00e9 \u00e0 l&rsquo;AFP Gilles Jacob, ancien pr\u00e9sident du Festival de Cannes, \u00e9voquant sa \u00ab\u00a0douceur dans la voix sous un physique de costaud mal ras\u00e9\u00a0\u00bb.<\/p>\n<p class=\"mb-4 text-lg md:leading-8 break-words\">L&rsquo;acteur \u00e9tait \u00e9galement connu du public anglo-saxon pour avoir jou\u00e9 un inspecteur enqu\u00eatant sur des disparitions dans des s\u00e9ries de la BBC, \u00e0 partir de 2014.<\/p>\n<p class=\"mb-4 text-lg md:leading-8 break-words\">\u00ab\u00a0C&rsquo;\u00e9tait un acteur vraiment brillant et tr\u00e8s appr\u00e9ci\u00e9, et les t\u00e9l\u00e9spectateurs de la BBC se souviendront avec \u00e9motion de ses r\u00f4les dans +The Missing+, +Baptiste+ et, plus r\u00e9cemment, +Boat Story+\u00a0\u00bb, a r\u00e9agi Lindsay Salt, de BBC Drama, sur le site du groupe audiovisuel.<\/p>\n<p class=\"mb-4 text-lg md:leading-8 break-words\">Sur le petit \u00e9cran toujours, il \u00e9tait apparu dans plusieurs \u00e9pisodes de \u00ab\u00a0Kaamelott\u00a0\u00bb d&rsquo;Alexandre Astier, relecture humoristique de la qu\u00eate du Graal et des chevaliers de la Table ronde, pr\u00eatant ses traits \u00e0 un chef de guerre.<\/p>\n<p class=\"mb-4 text-lg md:leading-8 break-words\">L&rsquo;acteur a \u00e9galement eu une longue carri\u00e8re sur les planches et s&rsquo;\u00e9tait notamment produit au Festival d&rsquo;Avignon au d\u00e9but des ann\u00e9es 1980.<\/p>\n<p class=\"mb-4 text-lg md:leading-8 break-words\">\u00ab\u00a0Ce m\u00e9tier m&rsquo;a aid\u00e9 \u00e0 devenir un homme meilleur. L&rsquo;art dramatique est un moyen d&rsquo;aller sur un espace r\u00e9serv\u00e9 et magique dans lequel on entre en compagnie d&rsquo;autres personnes qui ont besoin aussi de cette pulsion et peut-\u00eatre de prendre du recul par rapport \u00e0 eux-m\u00eames\u00a0\u00bb, d\u00e9clarait-il en 2017 dans les colonnes du journal Midi Libre.<\/p>\n<p class=\"mb-4 text-lg md:leading-8 break-words\">jfg-jt\/reb\/jlo<\/p>\n","protected":false},"excerpt":{"rendered":"L&rsquo;acteur franco-turc Tch\u00e9ky Karyo, qui a jou\u00e9 dans environ 80 films dont les grands succ\u00e8s \u00ab\u00a0L&rsquo;Ours\u00a0\u00bb de Jean-Jacques&hellip;\n","protected":false},"author":2,"featured_media":505705,"comment_status":"","ping_status":"","sticky":false,"template":"","format":"standard","meta":{"footnotes":""},"categories":[1359],"tags":[58,59,5634,1011,27,62712,62713,62714,14990,973,62710,62711],"class_list":{"0":"post-505704","1":"post","2":"type-post","3":"status-publish","4":"format-standard","5":"has-post-thumbnail","7":"category-people","8":"tag-divertissement","9":"tag-entertainment","10":"tag-festival-de-cannes","11":"tag-fr","12":"tag-france","13":"tag-inspecteur-de-police","14":"tag-le-fabuleux-destin-damelie-poulain","15":"tag-les-nuits-de-la-pleine-lune","16":"tag-luc-besson","17":"tag-people","18":"tag-succes-du-cinema-francais","19":"tag-tcheky-karyo"},"share_on_mastodon":{"url":"https:\/\/pubeurope.com\/@fr\/115477359238455602","error":""},"_links":{"self":[{"href":"https:\/\/www.europesays.com\/fr\/wp-json\/wp\/v2\/posts\/505704","targetHints":{"allow":["GET"]}}],"collection":[{"href":"https:\/\/www.europesays.com\/fr\/wp-json\/wp\/v2\/posts"}],"about":[{"href":"https:\/\/www.europesays.com\/fr\/wp-json\/wp\/v2\/types\/post"}],"author":[{"embeddable":true,"href":"https:\/\/www.europesays.com\/fr\/wp-json\/wp\/v2\/users\/2"}],"replies":[{"embeddable":true,"href":"https:\/\/www.europesays.com\/fr\/wp-json\/wp\/v2\/comments?post=505704"}],"version-history":[{"count":0,"href":"https:\/\/www.europesays.com\/fr\/wp-json\/wp\/v2\/posts\/505704\/revisions"}],"wp:featuredmedia":[{"embeddable":true,"href":"https:\/\/www.europesays.com\/fr\/wp-json\/wp\/v2\/media\/505705"}],"wp:attachment":[{"href":"https:\/\/www.europesays.com\/fr\/wp-json\/wp\/v2\/media?parent=505704"}],"wp:term":[{"taxonomy":"category","embeddable":true,"href":"https:\/\/www.europesays.com\/fr\/wp-json\/wp\/v2\/categories?post=505704"},{"taxonomy":"post_tag","embeddable":true,"href":"https:\/\/www.europesays.com\/fr\/wp-json\/wp\/v2\/tags?post=505704"}],"curies":[{"name":"wp","href":"https:\/\/api.w.org\/{rel}","templated":true}]}}