{"id":505706,"date":"2025-11-02T00:50:38","date_gmt":"2025-11-02T00:50:38","guid":{"rendered":"https:\/\/www.europesays.com\/fr\/505706\/"},"modified":"2025-11-02T00:50:38","modified_gmt":"2025-11-02T00:50:38","slug":"affinity-devient-gratuit-et-fusionne-en-une-seule-app","status":"publish","type":"post","link":"https:\/\/www.europesays.com\/fr\/505706\/","title":{"rendered":"Affinity devient gratuit et fusionne en une seule app\u00a0!"},"content":{"rendered":"<p>                    <b>C\u2019est un petit s\u00e9isme dans le monde du design num\u00e9rique. Comme elle l&rsquo;avait un peu <a href=\"https:\/\/www.mac4ever.com\/ipad\/192199-apps-gratuites-et-si-affinity-avait-devoile-la-date-de-presentation-de-l-ipad-pro-m5\" rel=\"nofollow noopener\" target=\"_blank\">teas\u00e9<\/a> il y a quelques semaines, Affinity avait bien quelque chose dans les tuyaux\u00a0! Longtemps consid\u00e9r\u00e9e comme la meilleure alternative \u00e0 Adobe, l&rsquo;app devient d\u00e9sormais une application unique, gratuite et int\u00e9gr\u00e9e \u00e0 Canva. Cette d\u00e9cision majeure vient donc red\u00e9finir l\u2019acc\u00e8s aux outils professionnels de cr\u00e9ation graphique.<\/b><\/p>\n<p>                                                                                                                                                        <img decoding=\"async\" src=\"https:\/\/www.europesays.com\/fr\/wp-content\/uploads\/2025\/11\/4e7da0f9a4_affinity-canva.webp.webp\" alt=\"Affinity Canva\" width=\"1200\" height=\"540\" loading=\"lazy\"\/>        <\/p>\n<p><a href=\"https:\/\/www.affinity.studio\/fr_fr\" layout=\"button\" target=\"_blank\" class=\"button\" rel=\"nofollow noopener\">T\u00e9l\u00e9charger la nouvelle application Affinity<\/a><\/p>\n<p>Une refonte totale, gratuite et sans compromis<\/p>\n<p>Baptis\u00e9e sobrement The all-new Affinity, la nouvelle version marque un tournant historique. D\u00e8s aujourd\u2019hui, les utilisateurs peuvent t\u00e9l\u00e9charger <b>une application tout-en-un qui r\u00e9unit les trois piliers de la suite <\/b>: vectoriel (Designer), retouche photo (Photo) et mise en page (Publisher).<\/p>\n<p>Et la grande surprise, c\u2019est son prix puisqu&rsquo;<b>elle est totalement gratuite<\/b>, et, a priori forever\u00a0! Ash Hewson, CEO d\u2019Affinity, insiste\u00a0: Il n\u2019y a pas de version limit\u00e9e, pas de pi\u00e8ge, pas d\u2019abonnement cach\u00e9. Les m\u00eames outils de pr\u00e9cision utilis\u00e9s par les professionnels sont d\u00e9sormais accessibles \u00e0 tous, car la libert\u00e9 cr\u00e9ative ne devrait pas avoir de co\u00fbt.<\/p>\n<p>                                                                                                                                                        <img decoding=\"async\" src=\"https:\/\/www.europesays.com\/fr\/wp-content\/uploads\/2025\/11\/774312a807_affinity-devient-gratuit-et-fusionne-en-une-seule-app-avec-l-aide-de-canva.webp.webp\" alt=\"Affinity devient gratuit et fusionne en une seule app\u00a0!\" width=\"1200\" height=\"667\" loading=\"lazy\"\/>        <\/p>\n<p>Un environnement repens\u00e9 pour la flexibilit\u00e9<\/p>\n<p><b>L\u2019interface a \u00e9t\u00e9 enti\u00e8rement redessin\u00e9e pour permettre un passage fluide<\/b> entre le vectoriel, la photo et la mise en page, avec une personnalisation pouss\u00e9e de l\u2019espace de travail. <\/p>\n<p>Les utilisateurs peuvent d\u00e9sormais m\u00e9langer les outils des <a href=\"https:\/\/www.mac4ever.com\/divers\/184888-canva-devoile-dream-lab-un-nouvel-outil-ia-de-generation-d-images\" rel=\"nofollow noopener\" target=\"_blank\">diff\u00e9rents modules<\/a>, r\u00e9organiser les panneaux, enregistrer plusieurs configurations selon le type de projet, et m\u00eame partager leurs studios personnalis\u00e9s avec d\u2019autres cr\u00e9atifs.<\/p>\n<p><b>Affinity veut ainsi cr\u00e9er une v\u00e9ritable communaut\u00e9 d\u2019\u00e9changes<\/b>, o\u00f9 designers et graphistes peuvent partager workflows et astuces, \u00e0 la mani\u00e8re d\u2019un \u00e9cosyst\u00e8me collaboratif.<\/p>\n<p>                                                                                                                                                        <img decoding=\"async\" src=\"https:\/\/www.europesays.com\/fr\/wp-content\/uploads\/2025\/11\/c1212f5dc6_affinity-vectori.webp.webp\" alt=\"Affinity Vector\" width=\"1200\" height=\"675\" loading=\"lazy\"\/>                Affinity Vector<\/p>\n<p>Canva s\u2019invite au c\u0153ur d\u2019Affinity<\/p>\n<p><b>Depuis son <a href=\"https:\/\/www.mac4ever.com\/mac\/181928-canva-ne-veut-pas-perdre-les-utilisateurs-d-affinity\" rel=\"nofollow noopener\" target=\"_blank\">rachat par Canva en 2024<\/a>, l\u2019avenir d\u2019Affinity restait flou.<\/b> L\u2019annonce de ce jour clarifie les choses\u00a0: la fusion des deux plateformes s\u2019acc\u00e9l\u00e8re. <b>Les utilisateurs Canva Premium b\u00e9n\u00e9ficient d\u00e9sormais des outils d\u2019IA de Canva <\/b>directement int\u00e9gr\u00e9s \u00e0 Affinity, via le nouveau Canva AI Studio. On y retrouve\u00a0: Generative Fill et Expand &amp; Edit pour la cr\u00e9ation et la retouche, mais aussi l&rsquo;outil Remove Background pour les d\u00e9tourages instantan\u00e9s.<\/p>\n<p>Affinity pr\u00e9cise que ces fonctionnalit\u00e9s respectent la <b>confidentialit\u00e9<\/b>\u00a0: aucun contenu utilisateur n\u2019est utilis\u00e9 pour entra\u00eener les mod\u00e8les d\u2019IA. L\u2019int\u00e9gration facilite aussi la publication directe de projets Affinity vers Canva, simplifiant le partage entre \u00e9quipes ou clients.<\/p>\n<p>                                                                                                                                                        <img decoding=\"async\" src=\"https:\/\/www.europesays.com\/fr\/wp-content\/uploads\/2025\/11\/b265fb4c5b_affinity-devient-gratuit-et-fusionne-en-une-seule-app-avec-l-aide-de-canva.webp.webp\" alt=\"Affinity devient gratuit et fusionne en une seule app\u00a0!\" width=\"1200\" height=\"676\" loading=\"lazy\"\/>        <\/p>\n<p>Et la suite<\/p>\n<p>Avec cette annonce, Canva et Affinity red\u00e9finissent les r\u00e8gles du jeu\u00a0: <b>une suite professionnelle, compl\u00e8te et gratuite, capable de rivaliser avec Photoshop, Illustrator et InDesign r\u00e9unis.<\/b> Disponible d\u00e8s maintenant sur Mac et Windows, la version iPad arrivera courant 2026. Les anciens comme les nouveaux utilisateurs peuvent l\u2019activer via un compte Canva gratuit. En misant sur l\u2019ouverture et la gratuit\u00e9, Canva veut proposer une plateforme capable d\u2019attirer les professionnels tout en d\u00e9mocratisant les outils de cr\u00e9ation.<\/p>\n<p><a href=\"https:\/\/www.affinity.studio\/fr_fr\" layout=\"button\" target=\"_blank\" class=\"button\" rel=\"nofollow noopener\">T\u00e9l\u00e9charger la nouvelle application Affinity<\/a>\n                    <\/p>\n","protected":false},"excerpt":{"rendered":"C\u2019est un petit s\u00e9isme dans le monde du design num\u00e9rique. Comme elle l&rsquo;avait un peu teas\u00e9 il y&hellip;\n","protected":false},"author":2,"featured_media":505707,"comment_status":"","ping_status":"","sticky":false,"template":"","format":"standard","meta":{"footnotes":""},"categories":[1358],"tags":[62715,1348,1384,1385,7212,1386,58,59,1011,27],"class_list":{"0":"post-505706","1":"post","2":"type-post","3":"status-publish","4":"format-standard","5":"has-post-thumbnail","7":"category-arts-et-design","8":"tag-affinity","9":"tag-arts","10":"tag-arts-and-design","11":"tag-arts-et-design","12":"tag-canva","13":"tag-design","14":"tag-divertissement","15":"tag-entertainment","16":"tag-fr","17":"tag-france"},"share_on_mastodon":{"url":"https:\/\/pubeurope.com\/@fr\/115477363770932102","error":""},"_links":{"self":[{"href":"https:\/\/www.europesays.com\/fr\/wp-json\/wp\/v2\/posts\/505706","targetHints":{"allow":["GET"]}}],"collection":[{"href":"https:\/\/www.europesays.com\/fr\/wp-json\/wp\/v2\/posts"}],"about":[{"href":"https:\/\/www.europesays.com\/fr\/wp-json\/wp\/v2\/types\/post"}],"author":[{"embeddable":true,"href":"https:\/\/www.europesays.com\/fr\/wp-json\/wp\/v2\/users\/2"}],"replies":[{"embeddable":true,"href":"https:\/\/www.europesays.com\/fr\/wp-json\/wp\/v2\/comments?post=505706"}],"version-history":[{"count":0,"href":"https:\/\/www.europesays.com\/fr\/wp-json\/wp\/v2\/posts\/505706\/revisions"}],"wp:featuredmedia":[{"embeddable":true,"href":"https:\/\/www.europesays.com\/fr\/wp-json\/wp\/v2\/media\/505707"}],"wp:attachment":[{"href":"https:\/\/www.europesays.com\/fr\/wp-json\/wp\/v2\/media?parent=505706"}],"wp:term":[{"taxonomy":"category","embeddable":true,"href":"https:\/\/www.europesays.com\/fr\/wp-json\/wp\/v2\/categories?post=505706"},{"taxonomy":"post_tag","embeddable":true,"href":"https:\/\/www.europesays.com\/fr\/wp-json\/wp\/v2\/tags?post=505706"}],"curies":[{"name":"wp","href":"https:\/\/api.w.org\/{rel}","templated":true}]}}