{"id":505711,"date":"2025-11-02T00:54:46","date_gmt":"2025-11-02T00:54:46","guid":{"rendered":"https:\/\/www.europesays.com\/fr\/505711\/"},"modified":"2025-11-02T00:54:46","modified_gmt":"2025-11-02T00:54:46","slug":"ou-voir-les-films-scream-en-streaming","status":"publish","type":"post","link":"https:\/\/www.europesays.com\/fr\/505711\/","title":{"rendered":"O\u00f9 voir les films Scream en streaming ?"},"content":{"rendered":"<p>Paramount vient de d\u00e9voiler la bande-annonce de Scream 7, qui sortira dans les salles obscures en f\u00e9vrier 2026. Et en cette p\u00e9riode d\u00e9di\u00e9e \u00e0 Halloween, quoi de mieux que de se replonger dans la saga culte ? Une bonne partie des films est disponible en streaming.<\/p>\n<p>\u00ab C\u2019est quoi, ton film d\u2019horreur pr\u00e9f\u00e9r\u00e9 ? \u00bb : <a href=\"https:\/\/www.numerama.com\/pop-culture\/1822340-voici-les-meilleurs-films-dhorreur-a-voir-en-streaming.html\" rel=\"nofollow noopener\" target=\"_blank\">si vous \u00eates f\u00e9rus de films d\u2019horreur<\/a>, et plus sp\u00e9cifiquement de slashers, alors vous n\u2019h\u00e9siterez pas une seule seconde \u00e0 associer cette phrase l\u00e9gendaire \u00e0 Scream. En 1996, Wes Craven, ma\u00eetre de l\u2019horreur, cr\u00e9e l\u2019\u00e9v\u00e9nement avec cette histoire de tueur en s\u00e9rie qui terrorise une petite ville fictive des \u00c9tats-Unis, avec un masque de fant\u00f4me et un couteau. Pr\u00e8s de 30 ans plus tard, la saga existe toujours et un septi\u00e8me film va m\u00eame sortir en 2026.<\/p>\n<p>Comme nous sommes en pleine p\u00e9riode d\u2019<a href=\"https:\/\/www.numerama.com\/pop-culture\/1822328-les-meilleures-series-horreur-a-voir-en-streaming.html\" rel=\"nofollow noopener\" target=\"_blank\">Halloween<\/a>, les films Scream, reconnus pour la violence de leurs meurtres et leur capacit\u00e9 \u00e0 utiliser habilement les clich\u00e9s (avec beaucoup de m\u00e9ta), se pr\u00eatent plut\u00f4t bien au jeu du marathon. Mais encore faut-il pouvoir les regarder facilement en streaming. Est-ce le cas ? Presque. <\/p>\n<\/p>\n<p>            Ce contenu est bloqu\u00e9 car vous n\u2019avez pas accept\u00e9 les cookies et autres traceurs. Ce contenu est fourni par YouTube.<br \/>Pour pouvoir le visualiser, vous devez accepter l\u2019usage \u00e9tant op\u00e9r\u00e9 par YouTube avec vos donn\u00e9es qui pourront \u00eatre utilis\u00e9es pour les finalit\u00e9s suivantes : vous permettre de visualiser et de partager des contenus avec des m\u00e9dias sociaux, favoriser le d\u00e9veloppement et l\u2019am\u00e9lioration des produits d\u2019Humanoid et de ses partenaires, vous afficher des publicit\u00e9s personnalis\u00e9es par rapport \u00e0 votre profil et activit\u00e9, vous d\u00e9finir un profil publicitaire personnalis\u00e9, mesurer la performance des publicit\u00e9s et du contenu de ce site et mesurer l\u2019audience de ce site <a href=\"#\" class=\"js-privacy\" target=\"_blank\">(en savoir plus)<\/a>        <\/p>\n<p>            En cliquant sur \u00ab J\u2019accepte tout \u00bb, vous consentez aux finalit\u00e9s susmentionn\u00e9es pour l\u2019ensemble des cookies et autres traceurs d\u00e9pos\u00e9s par Humanoid et <a class=\"embed-consent-overlay-vendors-link\" href=\"#preferences-vendeurs\">ses partenaires<\/a>.        <\/p>\n<p>            Vous gardez la possibilit\u00e9 de retirer votre consentement \u00e0 tout moment. Pour plus d\u2019informations, nous vous invitons \u00e0 prendre connaissance de notre <a href=\"https:\/\/www.numerama.com\/politique-cookies\" rel=\"nofollow noopener\" target=\"_blank\">Politique cookies<\/a>.        <\/p>\n<p>        J\u2019accepte tout    <\/p>\n<p class=\"embed-consent-overlay-manage-choices\">        <a href=\"#preferences-publicitaires\">G\u00e9rer mes choix<\/a>    <\/p>\n<p>Les films Scream sont disponibles sur Paramount+ (mais pas tous)<\/p>\n<p>Combien la saga Scream compte-t-elle de films ? <\/p>\n<ul class=\"wp-block-list\">\n<li>Scream (Wes Craven, 1996)<\/li>\n<li>Scream 2 (Wes Craven, 1997)<\/li>\n<li>Scream 3 (Wes Craven, 2000)<\/li>\n<li>Scream 4 (Wes Craven, 2011)<\/li>\n<li>Scream (Matt Bettinelli-Olpin &amp; Tyler Gillett, 2022)<\/li>\n<li>Scream VI (Matt Bettinelli-Olpin &amp; Tyler Gillett, 2023)<\/li>\n<\/ul>\n<p>Un septi\u00e8me film, baptis\u00e9 sobrement <a href=\"https:\/\/www.numerama.com\/films\/scream-7\/\" rel=\"nofollow noopener\" target=\"_blank\">Scream 7<\/a> et r\u00e9alis\u00e9 par Kevin Williamson (sc\u00e9nariste des premiers, et cr\u00e9ateur de la saga), sortira le 25 f\u00e9vrier 2026.<\/p>\n<p>O\u00f9 voir les films Scream en streaming ? <\/p>\n<p>La saga Scream est aujourd\u2019hui sous pavillon Paramount, ce qui est une bonne nouvelle pour la disponibilit\u00e9 en streaming. Ainsi, les films sont accessibles sur la plateforme <a href=\"https:\/\/www.numerama.com\/pop-culture\/1793682-voici-les-meilleures-series-a-voir-sur-paramount-plus-avec-canal-plus.html\" rel=\"nofollow noopener\" target=\"_blank\">Paramount+<\/a>. Toutefois, ce n\u2019est pas le cas de tous : Scream, Scream 2, Scream 3 et Scream (celui de 2022) y sont. Mais pas Scream 4 et Scream VI.<\/p>\n<p>Pourquoi Scream 4 n\u2019est pas sur Paramount+ ?<\/p>\n<p>Les premiers volets de la saga Scream n\u2019ont pas \u00e9t\u00e9 produits et\/ou distribu\u00e9s par Paramount, mais par The Weinstein Company et Dimension Films. Ce qui peut impliquer des soucis d\u2019accords et de droits. C\u2019est justement le cas de Scream 4, qui appartient \u00e0 Lionsgate aux \u00c9tats-Unis \u2014 contrairement aux autres, qui sont bien d\u00e9tenus par Paramount. <\/p>\n<p>En cons\u00e9quence, Paramount ne peut pas diffuser Scream 4 sur Paramount+ et, pour le voir en streaming, il faut passer par la case achat ou location. <\/p>\n<p><a href=\"https:\/\/www.numerama.com\/wp-content\/uploads\/2025\/10\/capture-decran-2025-10-31-a-120444.jpg\" rel=\"nofollow noopener\" target=\"_blank\"><img decoding=\"async\" width=\"1024\" height=\"576\" loading=\"lazy\" alt=\"Scream 4 \/\/ Source : Lionsgate\" title=\"Scream 4 \/\/ Source : Lionsgate\" class=\"wp-image-2107305 placeholder-default wp-image\" src=\"https:\/\/www.europesays.com\/fr\/wp-content\/uploads\/2025\/11\/capture-decran-2025-10-31-a-120444-1024x576.jpg\" \/><\/a>Sydney, h\u00e9ro\u00efne l\u00e9gendaire de la saga Scream. \/\/ Source : Lionsgate<\/p>\n<p>Pourquoi Scream VI n\u2019est pas sur Paramount+ ?<\/p>\n<p>Si l\u2019on se r\u00e9f\u00e8re aux droits, Scream VI devrait \u00eatre sur Paramount+. Mais il y a un calendrier \u00e0 prendre en compte, voulu par <a href=\"https:\/\/www.numerama.com\/pop-culture\/830137-comment-fonctionne-la-chronologie-des-medias.html\" rel=\"nofollow noopener\" target=\"_blank\">la chronologie des m\u00e9dias<\/a>. Scream VI, sorti dans les salles le 8 mars 2023, est toujours assujetti \u00e0 l\u2019ancienne chronologie, qui l\u2019emp\u00eache d\u2019appara\u00eetre sur Paramount+ avant un d\u00e9lai de 36 mois. Au mieux, il sera disponible en mars 2026, soit apr\u00e8s la sortie de Scream 7. Dommage. <\/p>\n<p>    Pour aller plus loin<\/p>\n<p>                <img decoding=\"async\" width=\"87\" height=\"87\" loading=\"lazy\" alt=\"Aliens, le retour \/\/ Source : Twentieth Century Fox\" title=\"Aliens, le retour \/\/ Source : Twentieth Century Fox\" class=\"placeholder-default wp-image\" src=\"https:\/\/www.europesays.com\/fr\/wp-content\/uploads\/2025\/11\/jmbpjfrtrtixymer93xlavpwi3p-120x120.jpg\" \/>            <\/p>\n<p>                        <a href=\"https:\/\/www.numerama.com\/films\/scream-7\/\" class=\"is-block\" rel=\"nofollow noopener\" target=\"_blank\"><br \/>\n                            <img decoding=\"async\" width=\"350\" height=\"210\" loading=\"lazy\" alt=\"Scream 7 \/\/ Source : Paramount\" title=\"Scream 7 \/\/ Source : Paramount\" class=\"is-block is-radiused placeholder-default wp-image\" src=\"https:\/\/www.europesays.com\/fr\/wp-content\/uploads\/2025\/11\/capture-decran-2025-10-31-a-115753-680x383.jpg\" \/>                        <\/a><\/p>\n<p>                        <a href=\"https:\/\/www.numerama.com\/films\/scream-7\/\" class=\"is-family-serif is-block has-text-body has-text-primary-hover has-text-decoration-none mb-1\" rel=\"nofollow noopener\" target=\"_blank\"><br \/>\n                Scream 7            <\/a><\/p>\n<p>        Il n\u2019y a pas d\u2019offres pour le moment\n                                            <\/p>\n<p>            <img decoding=\"async\" src=\"https:\/\/www.europesays.com\/fr\/wp-content\/uploads\/2025\/04\/iPhone-16-pro.png\" alt=\"Toute l'actu tech en un clien d'oeil\"\/><\/p>\n<p class=\"card-install-pwa__title\">Toute l&rsquo;actu tech en un clin d&rsquo;\u0153il<\/p>\n<p class=\"card-install-pwa__description\">Ajoutez Numerama \u00e0 votre \u00e9cran d&rsquo;accueil et restez connect\u00e9s au futur !<\/p>\n<p>            <img decoding=\"async\" src=\"https:\/\/www.numerama.com\/wp-content\/themes\/numerama-next\/assets\/images\/premium\/logo-card-pwa-coupe.svg\" alt=\"Logo PWA\"\/><\/p>\n<p>       Installer Numerama<\/p>\n","protected":false},"excerpt":{"rendered":"Paramount vient de d\u00e9voiler la bande-annonce de Scream 7, qui sortira dans les salles obscures en f\u00e9vrier 2026.&hellip;\n","protected":false},"author":2,"featured_media":505712,"comment_status":"","ping_status":"","sticky":false,"template":"","format":"standard","meta":{"footnotes":""},"categories":[1354],"tags":[58,59,2081,1346,1011,27,1408,1360,40980,5388,62716,62717,7259],"class_list":{"0":"post-505711","1":"post","2":"type-post","3":"status-publish","4":"format-standard","5":"has-post-thumbnail","7":"category-films","8":"tag-divertissement","9":"tag-entertainment","10":"tag-film","11":"tag-films","12":"tag-fr","13":"tag-france","14":"tag-horreur","15":"tag-movies","16":"tag-paramount","17":"tag-paramount-plus","18":"tag-scream","19":"tag-scream-7","20":"tag-vie-du-streaming"},"share_on_mastodon":{"url":"https:\/\/pubeurope.com\/@fr\/115477379804005243","error":""},"_links":{"self":[{"href":"https:\/\/www.europesays.com\/fr\/wp-json\/wp\/v2\/posts\/505711","targetHints":{"allow":["GET"]}}],"collection":[{"href":"https:\/\/www.europesays.com\/fr\/wp-json\/wp\/v2\/posts"}],"about":[{"href":"https:\/\/www.europesays.com\/fr\/wp-json\/wp\/v2\/types\/post"}],"author":[{"embeddable":true,"href":"https:\/\/www.europesays.com\/fr\/wp-json\/wp\/v2\/users\/2"}],"replies":[{"embeddable":true,"href":"https:\/\/www.europesays.com\/fr\/wp-json\/wp\/v2\/comments?post=505711"}],"version-history":[{"count":0,"href":"https:\/\/www.europesays.com\/fr\/wp-json\/wp\/v2\/posts\/505711\/revisions"}],"wp:featuredmedia":[{"embeddable":true,"href":"https:\/\/www.europesays.com\/fr\/wp-json\/wp\/v2\/media\/505712"}],"wp:attachment":[{"href":"https:\/\/www.europesays.com\/fr\/wp-json\/wp\/v2\/media?parent=505711"}],"wp:term":[{"taxonomy":"category","embeddable":true,"href":"https:\/\/www.europesays.com\/fr\/wp-json\/wp\/v2\/categories?post=505711"},{"taxonomy":"post_tag","embeddable":true,"href":"https:\/\/www.europesays.com\/fr\/wp-json\/wp\/v2\/tags?post=505711"}],"curies":[{"name":"wp","href":"https:\/\/api.w.org\/{rel}","templated":true}]}}