{"id":505713,"date":"2025-11-02T00:55:16","date_gmt":"2025-11-02T00:55:16","guid":{"rendered":"https:\/\/www.europesays.com\/fr\/505713\/"},"modified":"2025-11-02T00:55:16","modified_gmt":"2025-11-02T00:55:16","slug":"loire-ils-ont-ete-envahis-par-les-moustiques-tigres-leur-ete-sest-transforme-en-cauchemar","status":"publish","type":"post","link":"https:\/\/www.europesays.com\/fr\/505713\/","title":{"rendered":"Loire. Ils ont \u00e9t\u00e9 envahis par les moustiques tigres, leur \u00e9t\u00e9 s\u2019est transform\u00e9 en cauchemar"},"content":{"rendered":"<p>Cette semaine, au bord de leur piscine, Patricia et Patrick ont le sourire. Un \u00e9tat d\u2019esprit qui contraste avec celui de l\u2019\u00e9t\u00e9. \u00ab\u00a0Nous habitons ici depuis 2001 et l\u2019\u00e9t\u00e9, c\u2019est devenu un enfer\u00a0\u00bb entame le couple de Pontrambertois. En effet, un nouvel arrivant tr\u00e8s ind\u00e9sirable s\u2019est invit\u00e9 dans leur secteur, le moustique tigre.<\/p>\n<p>\u00ab\u00a0La copine de mon fils, s\u2019est fait piquer une quarantaine de fois\u00a0\u00bb<\/p>\n<p><a href=\"https:\/\/www.leprogres.fr\/sante\/2025\/07\/16\/chikungunya-et-dengue-progressent-dans-la-loire-comment-se-proteger-du-moustique-tigre\" target=\"_blank\" rel=\"noopener\">Petit, ray\u00e9 de noir et blanc<\/a>, il emp\u00eache les habitants de profiter de leur ext\u00e9rieur. \u00ab\u00a0Ils arrivent au mois de mai et c\u2019est impressionnant. Il suffit que je sorte \u00e9tendre mon linge et je me fais piquer plusieurs fois. Ce mois d\u2019ao\u00fbt, Emma, la copine de mon fils, s\u2019est fait piquer une quarantaine de fois en moins d\u2019une semaine\u00a0\u00bb, s\u2019agace Patricia.<\/p>\n<p>Alors les questions fusent\u00a0: pourquoi sont-ils l\u00e0 depuis 5 ans et qu\u2019est-ce qui les attire\u00a0? \u00ab\u00a0Leur&#8230;<\/p>\n","protected":false},"excerpt":{"rendered":"Cette semaine, au bord de leur piscine, Patricia et Patrick ont le sourire. Un \u00e9tat d\u2019esprit qui contraste&hellip;\n","protected":false},"author":2,"featured_media":505714,"comment_status":"","ping_status":"","sticky":false,"template":"","format":"standard","meta":{"footnotes":""},"categories":[10],"tags":[7359,436,107,1011,27,72,3367,20524,20525,71],"class_list":{"0":"post-505713","1":"post","2":"type-post","3":"status-publish","4":"format-standard","5":"has-post-thumbnail","7":"category-sante","8":"tag-edition-loire-centre","9":"tag-environnement","10":"tag-fil-info","11":"tag-fr","12":"tag-france","13":"tag-health","14":"tag-loire","15":"tag-saint-just-saint-rambert","16":"tag-saint-just-saint-rambert-ville","17":"tag-sante"},"share_on_mastodon":{"url":"https:\/\/pubeurope.com\/@fr\/115477382683450987","error":""},"_links":{"self":[{"href":"https:\/\/www.europesays.com\/fr\/wp-json\/wp\/v2\/posts\/505713","targetHints":{"allow":["GET"]}}],"collection":[{"href":"https:\/\/www.europesays.com\/fr\/wp-json\/wp\/v2\/posts"}],"about":[{"href":"https:\/\/www.europesays.com\/fr\/wp-json\/wp\/v2\/types\/post"}],"author":[{"embeddable":true,"href":"https:\/\/www.europesays.com\/fr\/wp-json\/wp\/v2\/users\/2"}],"replies":[{"embeddable":true,"href":"https:\/\/www.europesays.com\/fr\/wp-json\/wp\/v2\/comments?post=505713"}],"version-history":[{"count":0,"href":"https:\/\/www.europesays.com\/fr\/wp-json\/wp\/v2\/posts\/505713\/revisions"}],"wp:featuredmedia":[{"embeddable":true,"href":"https:\/\/www.europesays.com\/fr\/wp-json\/wp\/v2\/media\/505714"}],"wp:attachment":[{"href":"https:\/\/www.europesays.com\/fr\/wp-json\/wp\/v2\/media?parent=505713"}],"wp:term":[{"taxonomy":"category","embeddable":true,"href":"https:\/\/www.europesays.com\/fr\/wp-json\/wp\/v2\/categories?post=505713"},{"taxonomy":"post_tag","embeddable":true,"href":"https:\/\/www.europesays.com\/fr\/wp-json\/wp\/v2\/tags?post=505713"}],"curies":[{"name":"wp","href":"https:\/\/api.w.org\/{rel}","templated":true}]}}