{"id":505724,"date":"2025-11-02T01:01:12","date_gmt":"2025-11-02T01:01:12","guid":{"rendered":"https:\/\/www.europesays.com\/fr\/505724\/"},"modified":"2025-11-02T01:01:12","modified_gmt":"2025-11-02T01:01:12","slug":"nicolas-sarkozy-photographie-en-prison-le-fils-de-lex-president-craint-pour-sa-securite","status":"publish","type":"post","link":"https:\/\/www.europesays.com\/fr\/505724\/","title":{"rendered":"Nicolas Sarkozy photographi\u00e9 en prison : le fils de l\u2019ex-pr\u00e9sident craint pour sa s\u00e9curit\u00e9"},"content":{"rendered":"<p>Depuis son incarc\u00e9ration \u00e0 la <strong>prison de la<br \/>\nSant\u00e9<\/strong> le 21 octobre dernier, <a href=\"https:\/\/www.closermag.fr\/politique\/nicolas-sarkozy-en-prison-lex-president-pas-si-seul-a-lisolement-une-decision-dexception-a-ete-prise-3588470\" target=\"_blank\" rel=\"noopener\"><br \/>\nNicolas Sarkozy vit sous haute surveillance<\/a>. Condamn\u00e9 pour<br \/>\nassociation de <strong>malfaiteurs<\/strong> dans le cadre de<br \/>\nl\u2019affaire des financements libyens, l\u2019ancien pr\u00e9sident de la<br \/>\nR\u00e9publique est d\u00e9tenu dans le quartier r\u00e9serv\u00e9 aux personnalit\u00e9s<br \/>\npubliques. Une situation exceptionnelle qui suscite une vive<br \/>\n<strong>inqui\u00e9tude<\/strong> au sein de son entourage, notamment<br \/>\ncelle de <strong>son fils Louis Sarkozy,<\/strong> aujourd\u2019hui<br \/>\ncandidat \u00e0 la mairie de Menton. Dans une chronique publi\u00e9e dans<br \/>\nValeurs Actuelles ce vendredi 31 octobre, le jeune homme<br \/>\ns\u2019est livr\u00e9 sur <strong>l\u2019envers de cette d\u00e9tention hors du<br \/>\ncommun.<\/strong><\/p>\n<p>Louis Sarkozy a r\u00e9cemment accueilli <strong>son premier<br \/>\nenfant<\/strong> et salue dans sa tribune le travail des agents du<br \/>\nSDLP (service de la protection) charg\u00e9s <strong>d\u2019assurer la<br \/>\ns\u00e9curit\u00e9 de sa famille,<\/strong> d\u00e9sormais celle de <strong>son<br \/>\np\u00e8re derri\u00e8re les barreaux<\/strong>. \u2018\u2018Le <strong>couloir o\u00f9<br \/>\ndort Nicolas Sarkozy<\/strong> est l\u2019un des endroits les plus<br \/>\n<strong>p\u00e9rilleux<\/strong> de France.\u2019\u2019 \u00e9crit-il. Il y \u00e9voque<br \/>\nune atmosph\u00e8re <strong>tendue<\/strong> et des<br \/>\n<strong>menaces<\/strong> constantes.<\/p>\n<p>Nicolas Sarkozy bient\u00f4t lib\u00e9r\u00e9 ? Il devrait sortir le\u2026<\/p>\n<p>Selon les informations du Figaro et de BFMTV,<br \/>\nla cour d\u2019appel de Paris examinera <strong>le 10 novembre<\/strong><br \/>\nprochain la <a href=\"https:\/\/www.closermag.fr\/people\/nicolas-sarkozy-en-prison-il-pourrait-bien-retrouver-carla-bruni-et-giulia-en-moins-de-temps-quil-ne-faut-pour-le-dire-3590799\" target=\"_blank\" rel=\"noopener\"><br \/>\ndemande de mise en libert\u00e9<\/a> d\u00e9pos\u00e9e par ses avocats d\u00e8s le jour<br \/>\nde son incarc\u00e9ration. Pour Me Christophe Ingrain, \u2018\u2018<strong>les<br \/>\ncrit\u00e8res qui justifient cette d\u00e9tention ne trouvent pas \u00e0<br \/>\ns\u2019appliquer<\/strong>\u2019\u2019 d\u00e8s lors que son client s\u2019est<br \/>\nvolontairement pr\u00e9sent\u00e9 pour ex\u00e9cuter la d\u00e9cision.<\/p>\n<p>Son autre avocat, Me Jean-Michel Darrois, esp\u00e8re que la justice<br \/>\n\u2018\u2018<strong>r\u00e9tablira la dignit\u00e9 qu\u2019elle m\u00e9rite<\/strong>.\u2019\u2019<br \/>\nSi la cour acc\u00e8de \u00e0 cette requ\u00eate, Nicolas Sarkozy pourrait \u00eatre<br \/>\n<strong>lib\u00e9r\u00e9 d\u00e8s le soir m\u00eame ou le lendemain.<\/strong> En<br \/>\nattendant, l\u2019ancien pr\u00e9sident demeure \u00e0 la prison de la Sant\u00e9 dans<br \/>\ndes conditions qui continuent de <strong>susciter inqui\u00e9tude et<br \/>\n\u00e9motion<\/strong> parmi ses proches.<\/p>\n<p>\u201cLa photo de mon p\u00e8re vaudrait son<br \/>\npoids d\u2019or\u201d :\u00a0le fils de Nicolas Sarkozy a peur pour<br \/>\nlui<\/p>\n<p>Dans son texte, <a href=\"https:\/\/www.closermag.fr\/politique\/nicolas-sarkozy-incarcere-le-bon-sens-la-colere-apres-sa-premiere-nuit-chaotique-en-detention-3588650\" target=\"_blank\" rel=\"noopener\"><br \/>\nLouis Sarkozy d\u00e9crit avec inqui\u00e9tude le quotidien de son p\u00e8re<\/a><br \/>\nau sein de la maison d\u2019arr\u00eat parisienne. \u2018\u2018<strong>Ses voisins<br \/>\nsont des djihadistes, chefs de r\u00e9seau de narcotrafiquants, violeurs<br \/>\nd\u2019enfant multir\u00e9cidivistes<\/strong>.\u2019\u2019 explique-t-il. Son fils<br \/>\npr\u00e9cise que ces d\u00e9tenus \u2018\u2018<strong>hurlent son nom \u00e0 travers les<br \/>\nmurs, le menacent la nuit.<\/strong>\u2019\u2019 Selon lui, une simple<br \/>\nimage de son p\u00e8re derri\u00e8re les barreaux constituerait un<br \/>\n<strong>v\u00e9ritable danger.<\/strong><\/p>\n<p>\u2018\u2018<strong>La photo de mon p\u00e8re vaudrait son poids<br \/>\nd\u2019or<\/strong>.\u2019\u2019 confie-t-il, <strong>craignant<\/strong> que<br \/>\nl\u2019ancien chef de l\u2019\u00c9tat ne soit la cible d\u2019individus<br \/>\n<strong>malintentionn\u00e9s<\/strong> pr\u00eats \u00e0 tout pour obtenir un tel<br \/>\nclich\u00e9. Ces r\u00e9v\u00e9lations jettent une lumi\u00e8re nouvelle sur les<br \/>\n<strong>conditions<\/strong> de d\u00e9tention de Nicolas Sarkozy, que<br \/>\nson fils d\u00e9crit comme <strong>isol\u00e9 et vuln\u00e9rable<\/strong> malgr\u00e9<br \/>\nla protection assur\u00e9e par les services de s\u00e9curit\u00e9.<\/p>\n","protected":false},"excerpt":{"rendered":"Depuis son incarc\u00e9ration \u00e0 la prison de la Sant\u00e9 le 21 octobre dernier, Nicolas Sarkozy vit sous haute&hellip;\n","protected":false},"author":2,"featured_media":505725,"comment_status":"","ping_status":"","sticky":false,"template":"","format":"standard","meta":{"footnotes":""},"categories":[4],"tags":[11,1011,27,17927,12,3091,25],"class_list":{"0":"post-505724","1":"post","2":"type-post","3":"status-publish","4":"format-standard","5":"has-post-thumbnail","7":"category-france","8":"tag-actualites","9":"tag-fr","10":"tag-france","11":"tag-louis-sarkozy","12":"tag-news","13":"tag-nicolas-sarkozy","14":"tag-republique-francaise"},"share_on_mastodon":{"url":"https:\/\/pubeurope.com\/@fr\/115477406254513093","error":""},"_links":{"self":[{"href":"https:\/\/www.europesays.com\/fr\/wp-json\/wp\/v2\/posts\/505724","targetHints":{"allow":["GET"]}}],"collection":[{"href":"https:\/\/www.europesays.com\/fr\/wp-json\/wp\/v2\/posts"}],"about":[{"href":"https:\/\/www.europesays.com\/fr\/wp-json\/wp\/v2\/types\/post"}],"author":[{"embeddable":true,"href":"https:\/\/www.europesays.com\/fr\/wp-json\/wp\/v2\/users\/2"}],"replies":[{"embeddable":true,"href":"https:\/\/www.europesays.com\/fr\/wp-json\/wp\/v2\/comments?post=505724"}],"version-history":[{"count":0,"href":"https:\/\/www.europesays.com\/fr\/wp-json\/wp\/v2\/posts\/505724\/revisions"}],"wp:featuredmedia":[{"embeddable":true,"href":"https:\/\/www.europesays.com\/fr\/wp-json\/wp\/v2\/media\/505725"}],"wp:attachment":[{"href":"https:\/\/www.europesays.com\/fr\/wp-json\/wp\/v2\/media?parent=505724"}],"wp:term":[{"taxonomy":"category","embeddable":true,"href":"https:\/\/www.europesays.com\/fr\/wp-json\/wp\/v2\/categories?post=505724"},{"taxonomy":"post_tag","embeddable":true,"href":"https:\/\/www.europesays.com\/fr\/wp-json\/wp\/v2\/tags?post=505724"}],"curies":[{"name":"wp","href":"https:\/\/api.w.org\/{rel}","templated":true}]}}