{"id":505726,"date":"2025-11-02T01:02:12","date_gmt":"2025-11-02T01:02:12","guid":{"rendered":"https:\/\/www.europesays.com\/fr\/505726\/"},"modified":"2025-11-02T01:02:12","modified_gmt":"2025-11-02T01:02:12","slug":"des-blesses-deux-personnes-interpellees","status":"publish","type":"post","link":"https:\/\/www.europesays.com\/fr\/505726\/","title":{"rendered":"des bless\u00e9s, deux personnes interpell\u00e9es"},"content":{"rendered":"<p>\n    Des t\u00e9moins interrog\u00e9s par le journal The Times ont indiqu\u00e9 avoir vu un homme arm\u00e9 d\u2019un grand couteau et des passagers se cacher dans les toilettes du train pour se prot\u00e9ger. Un t\u00e9moin a rapport\u00e9 avoir vu \u00abdu sang partout\u00bb.<\/p>\n<p class=\"fig-paragraph\">Plusieurs personnes ont \u00e9t\u00e9 poignard\u00e9es samedi \u00e0 bord d\u2019un train dans la r\u00e9gion de Cambridge, dans l\u2019est de l\u2019Angleterre, une attaque qualifi\u00e9e \u00abd\u2019extr\u00eamement pr\u00e9occupante\u00bb par le premier ministre Keir Starmer, la police faisant \u00e9tat de deux personnes interpell\u00e9es. \u00abNous intervenons actuellement suite \u00e0 un incident survenu dans un train en direction de Huntingdon, o\u00f9 plusieurs personnes ont \u00e9t\u00e9 poignard\u00e9es\u00bb, a indiqu\u00e9 la police des transports britannique sur X, et \u00abdeux personnes ont \u00e9t\u00e9 arr\u00eat\u00e9es\u00bb. \u00abPlusieurs personnes ont \u00e9t\u00e9 transport\u00e9es \u00e0 l\u2019h\u00f4pital\u00bb, a pr\u00e9cis\u00e9 la police.<\/p>\n<p class=\"fig-paragraph\">Des t\u00e9moins interrog\u00e9s par le journal The Times ont indiqu\u00e9 avoir vu un homme arm\u00e9 d\u2019un grand couteau et des passagers se cacher dans les toilettes du train pour se prot\u00e9ger. Un t\u00e9moin a rapport\u00e9 avoir vu \u00abdu sang partout\u00bb. Le premier ministre Keir Starmer a rapidement r\u00e9agi sur X qualifiant l\u2019incident d\u2019\u00abextr\u00eamement pr\u00e9occupant\u00bb. \u00abMes pens\u00e9es vont \u00e0 toutes les personnes touch\u00e9es, et je remercie les services d\u2019urgence pour leur r\u00e9ponse\u00bb, a-t-il ajout\u00e9, conseillant aux personnes dans la zone de l\u2019attaque de \u00absuivre les conseils de la police\u00bb.<\/p>\n<p>                                    <a class=\"fig-a11y-skip a11y-hidden\" href=\"#fig-a11y-skip-main-inarticle\"><br \/>\n        Passer la publicit\u00e9<br \/>\n    <\/a><\/p>\n<p class=\"fig-paragraph\">Les forces de l\u2019ordre ont \u00e9t\u00e9 alert\u00e9es de l\u2019incident vers 19h40 locales (et GMT) et sont intervenues en gare de Huntingdon, ville de la r\u00e9gion de Cambridge o\u00f9 le train a \u00e9t\u00e9 immobilis\u00e9. La compagnie ferroviaire London North Eastern Railway (LNER) a annonc\u00e9 la fermeture de toutes ses lignes pendant l\u2019intervention des services d\u2019urgence dans cette gare. LNER, qui exploite des liaisons ferroviaires dans l\u2019est de l\u2019Angleterre et en \u00c9cosse, a appel\u00e9 les voyageurs \u00e0 \u00e9viter tout d\u00e9placement, pr\u00e9voyant des \u00abperturbations majeures\u00bb.<\/p>\n<p class=\"fig-paragraph\">Dans un pays o\u00f9 la l\u00e9gislation sur les armes \u00e0 feu est tr\u00e8s stricte, les violences \u00e0 l\u2019arme blanche ont fortement augment\u00e9 ces quinze derni\u00e8res ann\u00e9es en Angleterre et au Pays de Galles, selon des chiffres officiels, poussant le premier ministre \u00e0 qualifier la situation de \u00abcrise nationale\u00bb. Son gouvernement a pris plusieurs mesures pour durcir l\u2019acc\u00e8s aux armes blanches depuis son arriv\u00e9e au pouvoir en juillet 2024. Pr\u00e8s de 60.000 d\u2019entre elles ont \u00e9t\u00e9 saisies en dix ans, avait indiqu\u00e9 mercredi la ministre de l\u2019Int\u00e9rieur Shabana Mahmood. La ministre s\u2019est dite samedi soir \u00abprofond\u00e9ment attrist\u00e9e\u00bb sur X par l\u2019attaque dans le Cambrisgeshire, confirmant l\u2019arrestation de deux suspects.<\/p>\n","protected":false},"excerpt":{"rendered":"Des t\u00e9moins interrog\u00e9s par le journal The Times ont indiqu\u00e9 avoir vu un homme arm\u00e9 d\u2019un grand couteau&hellip;\n","protected":false},"author":2,"featured_media":505727,"comment_status":"","ping_status":"","sticky":false,"template":"","format":"standard","meta":{"footnotes":""},"categories":[2],"tags":[259,11,260,1011,27,14,261,12,262],"class_list":{"0":"post-505726","1":"post","2":"type-post","3":"status-publish","4":"format-standard","5":"has-post-thumbnail","7":"category-actualites","8":"tag-actualite-internationale","9":"tag-actualites","10":"tag-affaires-etrangeres","11":"tag-fr","12":"tag-france","13":"tag-international","14":"tag-ministere-des-affaires-etrangeres","15":"tag-news","16":"tag-politique-etrangere"},"share_on_mastodon":{"url":"https:\/\/pubeurope.com\/@fr\/115477410260195155","error":""},"_links":{"self":[{"href":"https:\/\/www.europesays.com\/fr\/wp-json\/wp\/v2\/posts\/505726","targetHints":{"allow":["GET"]}}],"collection":[{"href":"https:\/\/www.europesays.com\/fr\/wp-json\/wp\/v2\/posts"}],"about":[{"href":"https:\/\/www.europesays.com\/fr\/wp-json\/wp\/v2\/types\/post"}],"author":[{"embeddable":true,"href":"https:\/\/www.europesays.com\/fr\/wp-json\/wp\/v2\/users\/2"}],"replies":[{"embeddable":true,"href":"https:\/\/www.europesays.com\/fr\/wp-json\/wp\/v2\/comments?post=505726"}],"version-history":[{"count":0,"href":"https:\/\/www.europesays.com\/fr\/wp-json\/wp\/v2\/posts\/505726\/revisions"}],"wp:featuredmedia":[{"embeddable":true,"href":"https:\/\/www.europesays.com\/fr\/wp-json\/wp\/v2\/media\/505727"}],"wp:attachment":[{"href":"https:\/\/www.europesays.com\/fr\/wp-json\/wp\/v2\/media?parent=505726"}],"wp:term":[{"taxonomy":"category","embeddable":true,"href":"https:\/\/www.europesays.com\/fr\/wp-json\/wp\/v2\/categories?post=505726"},{"taxonomy":"post_tag","embeddable":true,"href":"https:\/\/www.europesays.com\/fr\/wp-json\/wp\/v2\/tags?post=505726"}],"curies":[{"name":"wp","href":"https:\/\/api.w.org\/{rel}","templated":true}]}}