{"id":505728,"date":"2025-11-02T01:03:24","date_gmt":"2025-11-02T01:03:24","guid":{"rendered":"https:\/\/www.europesays.com\/fr\/505728\/"},"modified":"2025-11-02T01:03:24","modified_gmt":"2025-11-02T01:03:24","slug":"saint-just-malmont-plusieurs-animations-pour-le-telethon-du-10-au-15-novembre-2","status":"publish","type":"post","link":"https:\/\/www.europesays.com\/fr\/505728\/","title":{"rendered":"Saint-Just-Malmont : plusieurs animations pour le T\u00e9l\u00e9thon du 10 au 15 novembre"},"content":{"rendered":"<p>\t\t\t\t\t\t\t\t\t\t\t\t\t\t\t\t\t\t\t\t\t\t\t\t\t\t\t\t\t\t\t\t\t\t\t\t\t\t\t\t\t\t\t\t\t\t\t\t\t\t\t\t\t\t\t\t\t\t\t\t\t\t\t<a href=\"https:\/\/www.lacommere43.fr\/component\/banners\/click\/823.html\" target=\"_blank\" title=\"O2 Coiffure 2021\" rel=\"noopener\"><br \/>\n\t\t\t\t\t\t\t<img decoding=\"async\" loading=\"lazy\" src=\"https:\/\/www.europesays.com\/fr\/wp-content\/uploads\/2025\/11\/O2.gif\" alt=\"O2 Coiffure 2021\"\/><br \/>\n\t\t\t\t\t\t<\/a><\/p>\n<p><strong>La majorit\u00e9 des animations au profit du T\u00e9l\u00e9thon sont pr\u00e9vues le samedi 15 novembre dans les gymnases. Mais d&rsquo;autres actions d\u00e9buteront le 10 novembre.<\/strong><\/p>\n<p><strong>Samedi 15 novembre<\/strong><\/p>\n<p>Gymnase 1<\/p>\n<p><strong>Toute la journ\u00e9e<\/strong> : buvette avec vin chaud pr\u00e9par\u00e9 par Timoth\u00e9 Petit C\u0153ur<\/p>\n<p><strong>9 heures \u00e0 17 heures<\/strong> : inscriptions et d\u00e9parts marche\/trail, avec parcours et ravitaillement par Just Trail (4 km &#8211; 7,5 km &#8211; 12 km). Secteur La Cour. Partipation libre<\/p>\n<p><strong>14 h 30 \u00e0 17 h 30<\/strong> : jeux de cartes et de soci\u00e9t\u00e9 par le Club Toujours Jeune. Participation libre &#8211; Boissons\/go\u00fbter<\/p>\n<p><strong>18 h 30<\/strong> : d\u00e9monstration de danse country par Western Troup 43 &#8211; Participation libre<\/p>\n<p><strong>9 heures \u00e0 19 heures<\/strong> : vente de tickets repas (possibilit\u00e9 repas \u00e0 emporter, pr\u00e9voir les contenants). Tarif : 12 \u20ac (jambon au foin, fromage, chocolat)<\/p>\n<p><strong>A partir de 16 h 30<\/strong> : inscriptions et d\u00e9parts marche\/trail de nuit &#8211; 12 km. Participation libre. Dernier d\u00e9part imp\u00e9ratif \u00e0 17 h 30<\/p>\n<p><strong>A partir de 19 heures<\/strong> : repas campagnard et buvette. Repas pr\u00e9par\u00e9 par Com\u2019Y\u2019Couizin. Soir\u00e9e dansante anim\u00e9e par 2L Events<\/p>\n<p>Gymnase 2<\/p>\n<p><strong>10 heures \u00e0 11 heures<\/strong> : stage de danse africaine par Doni-Doni (10 \u20ac\/enfant &#8211; 15\u20ac\/parent-enfant). R\u00e9servation au 06 64 98 23 37<\/p>\n<p><strong>10 h 30 \u00e0 11 heures<\/strong> : initiation danse country par Western Troup 43 &#8211; Participation libre. Informations au 06 26 53 40 18<\/p>\n<p><strong>A partir de 11 heures<\/strong> : parcours de gymnastique enfants par l\u2019Etoile Gymnique &#8211; Participation libre<\/p>\n<p><strong>11 heures \u00e0 13 heures<\/strong> : stage de djemb\u00e9 par Drissa (20 \u20ac\/adulte &#8211; pr\u00eat de djemb\u00e9 possible). R\u00e9servation au 06 64 98 23 37<\/p>\n<p><strong>14 heures<\/strong> : d\u00e9monstration de djemb\u00e9 et danse africaine avec Doni-Doni et les Gazoux<\/p>\n<p><strong>15 heures<\/strong> : flashmob par l\u2019Etoile Gymnique<\/p>\n<p><strong>Tout le mois de novembre<\/strong><\/p>\n<p>Tombola propos\u00e9e par Familles Rurales \u00e0 ses adh\u00e9rents<\/p>\n<p><strong>Lundi 10 novembre<\/strong><\/p>\n<p><strong>18 h 30 \u00e0 19 h 30<\/strong> : gymnase N\u00b02, cours d\u2019abdos par l\u2019Etoile Gymnique (8 \u20ac\/parent-enfant). Informations au 06 71 12 10 95<\/p>\n<p><strong>Jeudi 13 novembre<\/strong><\/p>\n<p><strong>18 h 30 \u00e0 19 h 30<\/strong> : gymnase N\u00b02, cours d\u2019abdos par l\u2019Etoile Gymnique (7 \u20ac\/adulte). Informations au 06 71 12 10 95<\/p>\n<p><strong>Vendredi 14 novembre<\/strong><\/p>\n<p><strong>18 h 30<\/strong> : gymnase N\u00b02, tournoi de tennis de table, ouvert \u00e0 tous. Inscription : 5 \u20ac\/personne &#8211; Buvette\/Snack<\/p>\n<p><strong>18 heures<\/strong> : boulodrome, concours de p\u00e9tanque en 3 parties, en doublette, ouvert \u00e0 tous, par la Boule Amicale. 10 \u20ac\/doublette &#8211; Tombola\/buvette\/snack<\/p>\n<p><strong>Samedi 15 novembre<\/strong><\/p>\n<p><strong>20 h 30<\/strong> : espace culturel Le Cercle, projection du film \u00ab\u00a0C\u2019\u00e9tait Mieux Demain\u00a0\u00bb par Cin\u00e9 Ruban. Tarifs habituels.\u00a0Recette enti\u00e8rement revers\u00e9e au T\u00e9l\u00e9thon<\/p>\n","protected":false},"excerpt":{"rendered":"La majorit\u00e9 des animations au profit du T\u00e9l\u00e9thon sont pr\u00e9vues le samedi 15 novembre dans les gymnases. Mais&hellip;\n","protected":false},"author":2,"featured_media":503097,"comment_status":"","ping_status":"","sticky":false,"template":"","format":"standard","meta":{"footnotes":""},"categories":[9653],"tags":[1111,2281,11,2430,1777,674,2282,1011,27,2280,2284,2285,2283,12,25,4001],"class_list":{"0":"post-505728","1":"post","2":"type-post","3":"status-publish","4":"format-standard","5":"has-post-thumbnail","7":"category-saint-etienne","8":"tag-actu","9":"tag-actualite-43","10":"tag-actualites","11":"tag-auvergne-rhone-alpes","12":"tag-eu","13":"tag-europe","14":"tag-faits-divers-auvergne","15":"tag-fr","16":"tag-france","17":"tag-information-haute-loire","18":"tag-infos-43","19":"tag-journal-haute-loire","20":"tag-la-commere-43","21":"tag-news","22":"tag-republique-francaise","23":"tag-saint-etienne"},"share_on_mastodon":{"url":"https:\/\/pubeurope.com\/@fr\/115477414671235678","error":""},"_links":{"self":[{"href":"https:\/\/www.europesays.com\/fr\/wp-json\/wp\/v2\/posts\/505728","targetHints":{"allow":["GET"]}}],"collection":[{"href":"https:\/\/www.europesays.com\/fr\/wp-json\/wp\/v2\/posts"}],"about":[{"href":"https:\/\/www.europesays.com\/fr\/wp-json\/wp\/v2\/types\/post"}],"author":[{"embeddable":true,"href":"https:\/\/www.europesays.com\/fr\/wp-json\/wp\/v2\/users\/2"}],"replies":[{"embeddable":true,"href":"https:\/\/www.europesays.com\/fr\/wp-json\/wp\/v2\/comments?post=505728"}],"version-history":[{"count":0,"href":"https:\/\/www.europesays.com\/fr\/wp-json\/wp\/v2\/posts\/505728\/revisions"}],"wp:featuredmedia":[{"embeddable":true,"href":"https:\/\/www.europesays.com\/fr\/wp-json\/wp\/v2\/media\/503097"}],"wp:attachment":[{"href":"https:\/\/www.europesays.com\/fr\/wp-json\/wp\/v2\/media?parent=505728"}],"wp:term":[{"taxonomy":"category","embeddable":true,"href":"https:\/\/www.europesays.com\/fr\/wp-json\/wp\/v2\/categories?post=505728"},{"taxonomy":"post_tag","embeddable":true,"href":"https:\/\/www.europesays.com\/fr\/wp-json\/wp\/v2\/tags?post=505728"}],"curies":[{"name":"wp","href":"https:\/\/api.w.org\/{rel}","templated":true}]}}