{"id":505731,"date":"2025-11-02T01:06:52","date_gmt":"2025-11-02T01:06:52","guid":{"rendered":"https:\/\/www.europesays.com\/fr\/505731\/"},"modified":"2025-11-02T01:06:52","modified_gmt":"2025-11-02T01:06:52","slug":"basket-ball-la-sig-sadjuge-le-derby-tout-au-bout-du-suspense","status":"publish","type":"post","link":"https:\/\/www.europesays.com\/fr\/505731\/","title":{"rendered":"Basket-ball. La SIG s\u2019adjuge le derby tout au bout du suspense"},"content":{"rendered":"<p>Vendredi, \u00e0 l\u2019issue de l\u2019entra\u00eenement de la SIG, Gabe Brown s\u2019\u00e9tait fait gentiment chambrer par Nicola Alberani, le directeur sportif strasbourgeois, qui avait point\u00e9 du doigt un tir manqu\u00e9 de l\u2019ailier am\u00e9ricain. Dans un grand sourire, Brown avait promis que, le jour du match, \u00ab celui-l\u00e0, il le mettrait \u00bb. Promesse tenue : son premier tir prim\u00e9 a lanc\u00e9 le 16-0 initial inflig\u00e9 \u00e0 Nancy, ce samedi, dans un match plus proche d\u2019une f\u00eate d\u2019Halloween que d\u2019un derby fratricide.<\/p>\n<p>L\u2019Am\u00e9ricain du Michigan, insatiable, a poursuivi sur sa lanc\u00e9e, gratifiant le public du Rhenus d\u2019un \u00e9norme dunk et alimentant r\u00e9guli\u00e8rement la marque (10 points dans le premier quart, 22 au total). Agressive en attaque, dominatrice au rebond et s\u2019offrant de nombreuses deuxi\u00e8mes chances, la SIG avait alors parfaitement lanc\u00e9 son derby.<\/p>\n<p>\u00ab C\u2019est quelque chose qu\u2019on voit rarement \u00bb<\/p>\n<p>\u00ab C\u2019est tr\u00e8s&#8230;<\/p>\n","protected":false},"excerpt":{"rendered":"Vendredi, \u00e0 l\u2019issue de l\u2019entra\u00eenement de la SIG, Gabe Brown s\u2019\u00e9tait fait gentiment chambrer par Nicola Alberani, le&hellip;\n","protected":false},"author":2,"featured_media":505732,"comment_status":"","ping_status":"","sticky":false,"template":"","format":"standard","meta":{"footnotes":""},"categories":[9635],"tags":[1111,11,1791,2880,1777,674,107,1011,27,775,1702,12,25,3543,517,640,2879],"class_list":{"0":"post-505731","1":"post","2":"type-post","3":"status-publish","4":"format-standard","5":"has-post-thumbnail","7":"category-nancy","8":"tag-actu","9":"tag-actualites","10":"tag-basket-ball","11":"tag-edition-strasbourg","12":"tag-eu","13":"tag-europe","14":"tag-fil-info","15":"tag-fr","16":"tag-france","17":"tag-grand-est","18":"tag-nancy","19":"tag-news","20":"tag-republique-francaise","21":"tag-sig-strasbourg","22":"tag-sport","23":"tag-strasbourg","24":"tag-strasbourg-ville"},"share_on_mastodon":{"url":"https:\/\/pubeurope.com\/@fr\/115477429813617291","error":""},"_links":{"self":[{"href":"https:\/\/www.europesays.com\/fr\/wp-json\/wp\/v2\/posts\/505731","targetHints":{"allow":["GET"]}}],"collection":[{"href":"https:\/\/www.europesays.com\/fr\/wp-json\/wp\/v2\/posts"}],"about":[{"href":"https:\/\/www.europesays.com\/fr\/wp-json\/wp\/v2\/types\/post"}],"author":[{"embeddable":true,"href":"https:\/\/www.europesays.com\/fr\/wp-json\/wp\/v2\/users\/2"}],"replies":[{"embeddable":true,"href":"https:\/\/www.europesays.com\/fr\/wp-json\/wp\/v2\/comments?post=505731"}],"version-history":[{"count":0,"href":"https:\/\/www.europesays.com\/fr\/wp-json\/wp\/v2\/posts\/505731\/revisions"}],"wp:featuredmedia":[{"embeddable":true,"href":"https:\/\/www.europesays.com\/fr\/wp-json\/wp\/v2\/media\/505732"}],"wp:attachment":[{"href":"https:\/\/www.europesays.com\/fr\/wp-json\/wp\/v2\/media?parent=505731"}],"wp:term":[{"taxonomy":"category","embeddable":true,"href":"https:\/\/www.europesays.com\/fr\/wp-json\/wp\/v2\/categories?post=505731"},{"taxonomy":"post_tag","embeddable":true,"href":"https:\/\/www.europesays.com\/fr\/wp-json\/wp\/v2\/tags?post=505731"}],"curies":[{"name":"wp","href":"https:\/\/api.w.org\/{rel}","templated":true}]}}