{"id":505735,"date":"2025-11-02T01:10:32","date_gmt":"2025-11-02T01:10:32","guid":{"rendered":"https:\/\/www.europesays.com\/fr\/505735\/"},"modified":"2025-11-02T01:10:32","modified_gmt":"2025-11-02T01:10:32","slug":"un-evade-catalan-arrete-apres-plus-de-trois-ans-de-cavale-lors-dun-controle-routier","status":"publish","type":"post","link":"https:\/\/www.europesays.com\/fr\/505735\/","title":{"rendered":"un \u00e9vad\u00e9 catalan arr\u00eat\u00e9 apr\u00e8s plus de trois ans de cavale lors d&rsquo;un contr\u00f4le routier"},"content":{"rendered":"<p>            Par<br \/>\n        <strong><br \/>\n            <a href=\"https:\/\/actu.fr\/auteur\/jm-aubert\" title=\"Consulter tous les articles de Jean-Marc Aubert\" target=\"_blank\" rel=\"noopener\">Jean-Marc Aubert<\/a><br \/>\n        <\/strong><\/p>\n<p>        Publi\u00e9 le<\/p>\n<p>            31 oct. 2025 \u00e0 9h55<br \/>\n        ; mis \u00e0 jour le 31 oct. 2025 \u00e0 10h04    <\/p>\n<p>Une \u00e9vasion \u00ab\u00a0en douceur\u00a0\u00bb : un prisonnier \u00e9tait parti acheter une glace sur la grande plage de la ville catalane de Tarragone, en <strong>Espagne,<\/strong> le 15 juin 2022. Profitant d\u2019une autorisation de sortie de quelques heures seulement et encadr\u00e9 par deux agents de la p\u00e9nitentiaire, qui avaient accept\u00e9 de le laisser partir seul jusqu\u2019au vendeur de glaces, Samir D., un Roumain d\u2019une trentaine d\u2019ann\u00e9es en avait alors profit\u00e9 pour se faire la belle. Au nez et \u00e0 la barbe des surveillants qui lui avaient fait une confiance aveugle.<\/p>\n<p>Diffusion d\u2019Europol<\/p>\n<p class=\" wall-content\">En d\u00e9pit de recherches aussit\u00f4t men\u00e9es dans cette province par les policiers catalans des Mossos d\u2019esquadra, avec d\u2019importants moyens, la surveillance d\u2019a\u00e9roports et de gares, aucune trace de l\u2019\u00e9vad\u00e9 qui faisait l\u2019objet d\u2019une diffusion de sa photo et de ses \u00ab\u00a0exploits\u00a0\u00bb judiciaires, via <strong>Europol<\/strong>.<\/p>\n<p class=\" wall-content\">Les autorit\u00e9s espagnoles s\u2019\u00e9taient rapproch\u00e9s de celles de notre pays, dans l\u2019hypoth\u00e8se, selon elles, que Samir D. aurait r\u00e9ussi \u00e0 traverser la fronti\u00e8re et qu\u2019il s\u2019y cachait, car il poss\u00e9dait des attaches dans le Languedoc et le Roussillon, ce qui l\u2019aiderait \u00e0 rejoindre sa famille et ses amis en Roumanie.<\/p>\n<p class=\" wall-content\">En vain. Mais il s\u00e9journait bien dans la r\u00e9gion, puisque sa\u00a0cavale a pris fin ces derniers jours, \u00e0 <strong>Montpellier<\/strong>, \u00e0 la faveur d\u2019un contr\u00f4le routier comme les services de police et de gendarmerie en r\u00e9alisent r\u00e9guli\u00e8rement.<\/p>\n<p class=\" wall-content\">Samir D. a \u00e9t\u00e9 pi\u00e9g\u00e9 au volant de sa voiture, en tombant dans la nasse tendue par les forces de l\u2019ordre \u00e0 la recherche de drogue, de protoxyde d\u2019azote, de cigarettes de contrebande, de conducteurs alcoolis\u00e9s et\/ou sous stup\u00e9fiants, mais traquant toutes les contraventions et les d\u00e9lits. Et il arrive quelquefois qu\u2019ils tombent sur du gros gibier.<\/p>\n<p>Vid\u00e9os : en ce moment sur Actu<\/p>\n<p class=\" wall-content\">En tapotant dans le syst\u00e8me informatique tr\u00e8s pointu, lorsqu\u2019elles ont invit\u00e9 le Roumain \u00e0 se garer, les forces de l\u2019ordre montpelli\u00e9raines ont eu la surprise de d\u00e9couvrir qu\u2019il \u00e9tait activement recherch\u00e9. Samir D. purgeait une peine de 9 ans de prison quand il s\u2019est volatilis\u00e9 de Catalogne en juin 2022. Il a notamment \u00e9t\u00e9 condamn\u00e9 pour vols avec violence, faux et usage de faux et prox\u00e9n\u00e9tisme.<\/p>\n<p>Votre r\u00e9gion, votre actu !<\/p>\n<p>Recevez chaque jour les infos qui comptent pour vous.<\/p>\n<p>\t<a href=\"https:\/\/actu.fr\/newsletter\" class=\"ac-btn ac-btn--corner ac-btn--medium ac-btn--blue800\" target=\"_blank\" rel=\"noopener\">S&rsquo;incrire<\/a><\/p>\n<p class=\" wall-content\">Apr\u00e8s une br\u00e8ve garde \u00e0 vue \u00e0 Montpellier, sous l\u2019autorit\u00e9 du parquet g\u00e9n\u00e9ral pr\u00e8s la cour d\u2019appel, l\u2019\u00e9vad\u00e9 a \u00e9t\u00e9 reconduit \u00e0 la prison de Tarragone sous bonne escorte, apr\u00e8s trois ans et quatre mois de cavale. Pour cette \u00e9vasion, Samuel D. va faire du rab.\u00a0L\u2019histoire ne dit pas s\u2019il avait r\u00e9ellement achet\u00e9 une glace \u00e0 l\u2019\u00e9poque !\u00a0<\/p>\n<p class=\" wall-content\">Personnalisez votre actualit\u00e9 en ajoutant vos villes et m\u00e9dias en favori avec <a href=\"https:\/\/moncompte.actu.fr\" title=\"D\u00e9couvez Mon Actu\" rel=\"nofollow noopener\" data-trk=\"{&quot;cta&quot;:{&quot;action&quot;:&quot;https:\\\/\\\/moncompte.actu.fr&quot;,&quot;category&quot;:&quot;mon compte&quot;,&quot;from&quot;:&quot;article footer&quot;,&quot;name&quot;:&quot;Mon actu&quot;,&quot;type&quot;:&quot;cta&quot;}}\" target=\"_blank\">Mon Actu<\/a>.<\/p>\n","protected":false},"excerpt":{"rendered":"Par Jean-Marc Aubert Publi\u00e9 le 31 oct. 2025 \u00e0 9h55 ; mis \u00e0 jour le 31 oct. 2025&hellip;\n","protected":false},"author":2,"featured_media":494703,"comment_status":"","ping_status":"","sticky":false,"template":"","format":"standard","meta":{"footnotes":""},"categories":[9599],"tags":[1111,11,123,1777,674,118,1011,27,3381,2208,12,2680,1072,25],"class_list":{"0":"post-505735","1":"post","2":"type-post","3":"status-publish","4":"format-standard","5":"has-post-thumbnail","7":"category-montpellier","8":"tag-actu","9":"tag-actualites","10":"tag-espagne","11":"tag-eu","12":"tag-europe","13":"tag-faits-divers","14":"tag-fr","15":"tag-france","16":"tag-gendarmerie","17":"tag-montpellier","18":"tag-news","19":"tag-occitanie","20":"tag-police","21":"tag-republique-francaise"},"share_on_mastodon":{"url":"https:\/\/pubeurope.com\/@fr\/115477441601252876","error":""},"_links":{"self":[{"href":"https:\/\/www.europesays.com\/fr\/wp-json\/wp\/v2\/posts\/505735","targetHints":{"allow":["GET"]}}],"collection":[{"href":"https:\/\/www.europesays.com\/fr\/wp-json\/wp\/v2\/posts"}],"about":[{"href":"https:\/\/www.europesays.com\/fr\/wp-json\/wp\/v2\/types\/post"}],"author":[{"embeddable":true,"href":"https:\/\/www.europesays.com\/fr\/wp-json\/wp\/v2\/users\/2"}],"replies":[{"embeddable":true,"href":"https:\/\/www.europesays.com\/fr\/wp-json\/wp\/v2\/comments?post=505735"}],"version-history":[{"count":0,"href":"https:\/\/www.europesays.com\/fr\/wp-json\/wp\/v2\/posts\/505735\/revisions"}],"wp:featuredmedia":[{"embeddable":true,"href":"https:\/\/www.europesays.com\/fr\/wp-json\/wp\/v2\/media\/494703"}],"wp:attachment":[{"href":"https:\/\/www.europesays.com\/fr\/wp-json\/wp\/v2\/media?parent=505735"}],"wp:term":[{"taxonomy":"category","embeddable":true,"href":"https:\/\/www.europesays.com\/fr\/wp-json\/wp\/v2\/categories?post=505735"},{"taxonomy":"post_tag","embeddable":true,"href":"https:\/\/www.europesays.com\/fr\/wp-json\/wp\/v2\/tags?post=505735"}],"curies":[{"name":"wp","href":"https:\/\/api.w.org\/{rel}","templated":true}]}}