{"id":505738,"date":"2025-11-02T01:13:33","date_gmt":"2025-11-02T01:13:33","guid":{"rendered":"https:\/\/www.europesays.com\/fr\/505738\/"},"modified":"2025-11-02T01:13:33","modified_gmt":"2025-11-02T01:13:33","slug":"eglise-principale-dulm-cathedrales-de-cologne-et-rouen-derriere-la-sagrada-familia-quelles-sont-les-plus-hautes-eglises-au-monde","status":"publish","type":"post","link":"https:\/\/www.europesays.com\/fr\/505738\/","title":{"rendered":"Eglise principale d\u2019Ulm, cath\u00e9drales de Cologne et Rouen&#8230; Derri\u00e8re la Sagrada Familia, quelles sont les plus hautes \u00e9glises au monde ?"},"content":{"rendered":"<p class=\"sc-cPiKLX AiZTS text-element\">Perch\u00e9e au sommet de la c\u00e9l\u00e8bre Sagrada Familia, \u00e0 Barcelone, la tour de J\u00e9sus a grandi, jeudi 30 octobre, de sept m\u00e8tres gr\u00e2ce \u00e0 la pose de la base de la croix. Avec cette pi\u00e8ce, la basilique espagnole, en construction depuis 1882, atteint d\u00e9sormais les 162,91 m\u00e8tres de haut. Battant ainsi le record mondial d\u00e9tenu jusqu\u2019\u00e0 pr\u00e9sent par la cath\u00e9drale d\u2019Ulm en Allemagne, haute de 161,5 m. La Sagrada Familia la surplombera m\u00eame d\u2019une dizaine de centim\u00e8tres, lors de la fin des travaux du b\u00e2timent principal, pr\u00e9vue en juin 2026. Une comp\u00e9tition de qui aura la plus haute o\u00f9 la France caracole dans le haut du tableau, avec deux \u00e9difices catholiques parmi les plus haut perch\u00e9s du monde. <\/p>\n<p class=\"sc-cPiKLX AiZTS text-element\"><b>Localisation<\/b> : Barcelone, Espagne<\/p>\n<p class=\"sc-cPiKLX AiZTS text-element\"><b>Epoque de construction<\/b> : 1882 \u00e0 nos jours<\/p>\n<p class=\"sc-cPiKLX AiZTS text-element\">En 1882, lorsque le jeune architecte Antoni Gaud\u00ed pose <a href=\"https:\/\/www.liberation.fr\/planete\/2016\/11\/09\/l-ascension-de-la-sagrada-familia-freinee-par-barcelone_1527367\/?redirected=1\" target=\"_blank\" rel=\"noreferrer noopener\" title=\"https:\/\/www.liberation.fr\/planete\/2016\/11\/09\/l-ascension-de-la-sagrada-familia-freinee-par-barcelone_1527367\/?redirected=1\">la premi\u00e8re pierre de la Sagrada Familia<\/a>, il r\u00eave que sa basilique \u00abnaturaliste-moderniste\u00bb devienne l\u2019\u00e9difice le plus haut de Barcelone. 143 ans plus tard, le \u00abtemple expiatoire de la Sainte Famille\u00bb (son nom originel) est finalement devenu, avec ses pr\u00e8s de 163 m\u00e8tres, l\u2019\u00e9difice chr\u00e9tien le plus \u00e9lev\u00e9 au monde. En juin 2026, la basilique en perp\u00e9tuelle construction atteindra m\u00eame les 172,5 m\u00e8tres.<\/p>\n<p class=\"sc-cPiKLX AiZTS text-element\"><b>Localisation <\/b>: Ulm, Allemagne<\/p>\n<p class=\"sc-cPiKLX AiZTS text-element\"><b>Epoque de construction<\/b> : 1377-1890<\/p>\n<p class=\"sc-cPiKLX AiZTS text-element\">La pose de la premi\u00e8re pierre de l\u2019\u00e9glise principale d\u2019Ulm (en allemand Ulmer M\u00fcnster) remonte \u00e0 juin 1377. En 1543, apr\u00e8s d\u2019importants travaux de restauration au d\u00e9but du si\u00e8cle, la construction de l\u2019\u00e9difice est interrompue. Elle ne reprendra que trois si\u00e8cles plus tard, en 1844, pour s\u2019achever en 1890. Cette \u00e9glise protestante \u00e9tait l\u2019\u00e9difice religieux chr\u00e9tien le plus haut du monde avec ses 161,5 m\u00e8tres, avant d\u2019\u00eatre d\u00e9tr\u00f4n\u00e9e jeudi par la Sagrada Familia. M\u00eame si elle est couramment appel\u00e9e \u00abcath\u00e9drale d\u2019Ulm\u00bb, elle n\u2019en est pas une : la ville allemande n\u2019a jamais \u00e9t\u00e9 le si\u00e8ge d\u2019un \u00e9v\u00each\u00e9.<\/p>\n<p class=\"sc-cPiKLX AiZTS text-element\"><b>Localisation <\/b>: Yamoussoukro, C\u00f4te d\u2019Ivoire<\/p>\n<p class=\"sc-cPiKLX AiZTS text-element\"><b>Epoque de construction<\/b> : 1986-1989<\/p>\n<p class=\"sc-cPiKLX AiZTS text-element\">L\u2019id\u00e9e de la construction de cet imposant \u00e9difice, \u00e0 l\u2019architecture singuli\u00e8re, est n\u00e9e dans l\u2019esprit du premier pr\u00e9sident de la R\u00e9publique ivoirien, F\u00e9lix Houphou\u00ebt-Boigny. Lors de la cons\u00e9cration de la basilique en 1990 par le pape Jean-Paul II, elle est l\u2019une des plus grandes \u00e9glises catholiques du monde, (158 m\u00e8tres). Le <a href=\"https:\/\/www.dioceseabidjan.com\/diocese\/index.php\/fr\/basilique\" target=\"_blank\" rel=\"noreferrer noopener\" title=\"https:\/\/www.dioceseabidjan.com\/diocese\/index.php\/fr\/basilique\">site internet du dioc\u00e8se d\u2019Abidjan<\/a> l\u2019a d\u00e9crit comme \u00abun lieu de culte\u00bb, \u00abun centre missionnaire de recueillement et de p\u00e8lerinage\u00bb. Son d\u00f4me rappelle celui de la basilique Saint-Pierre au Vatican, pr\u00e9sente plus bas dans ce classement.<\/p>\n<p class=\"sc-cPiKLX AiZTS text-element\"><b>Localisation <\/b>: Cologne, Allemagne<\/p>\n<p class=\"sc-cPiKLX AiZTS text-element\"><b>Epoque de construction<\/b> : 1248-1880<\/p>\n<p class=\"sc-cPiKLX AiZTS text-element\">Chef-d\u2019\u0153uvre de l\u2019art gothique, la cath\u00e9drale de Cologne a n\u00e9cessit\u00e9 sept si\u00e8cles de travaux. Class\u00e9e au patrimoine mondial de l\u2019Unesco en 1996, cette \u00e9glise, catholique, est le deuxi\u00e8me b\u00e2timent le plus haut d\u2019Allemagne, 157 m\u00e8tres, apr\u00e8s Ulm. Elle fait partie des monuments les plus visit\u00e9s outre-Rhin. <a href=\"https:\/\/whc.unesco.org\/fr\/list\/292\/\" target=\"_blank\" rel=\"noreferrer noopener\" title=\"https:\/\/whc.unesco.org\/fr\/list\/292\/\">Sur son site<\/a>, l\u2019Unesco loue \u00abson exceptionnelle valeur intrins\u00e8que et les chefs-d\u2019\u0153uvre qu\u2019elle rec\u00e8le [\u2026]. Aucune autre cath\u00e9drale n\u2019est aussi parfaitement con\u00e7ue, aussi uniform\u00e9ment ex\u00e9cut\u00e9e et aussi totalement achev\u00e9e\u00bb.<\/p>\n<p class=\"sc-cPiKLX AiZTS text-element\"><b>Localisation <\/b>: Rouen, France<\/p>\n<p class=\"sc-cPiKLX AiZTS text-element\"><b>Epoque de construction<\/b> : 1020-1876<\/p>\n<p class=\"sc-cPiKLX AiZTS text-element\">La premi\u00e8re cath\u00e9drale fran\u00e7aise du classement. Notre-Dame-de-l\u2019Assomption, \u00e0 Rouen, est de style gothique. Les premi\u00e8res pierres ont \u00e9t\u00e9 \u00e9rig\u00e9es au haut Moyen-Age. Sa construction commence dans les ann\u00e9es 1020, avant sa cons\u00e9cration comme \u00e9glise romane en 1063. Au XIIe et XIIIe si\u00e8cle, elle est petit \u00e0 petit transform\u00e9e en \u00e9glise gothique. C\u2019est l\u2019ajout d\u2019une fl\u00e8che en fonte, \u00e9rig\u00e9e de 1825 \u00e0 1876 et culminant \u00e0 151 m\u00e8tres de hauteur, qui en fait le plus haut b\u00e2timent du monde au moment de son ach\u00e8vement \u2013 rapidement d\u00e9tr\u00f4n\u00e9e par la cath\u00e9drale de Cologne en 1880. D\u00e9crite par <a href=\"https:\/\/www.visiterouen.com\/patrimoines\/histoire\/cathedrale-rouen-intime-flamboyante\/\" target=\"_blank\" rel=\"noopener\" title=\"https:\/\/www.visiterouen.com\/patrimoines\/histoire\/cathedrale-rouen-intime-flamboyante\/\">la ville de Rouen<\/a> comme \u00abla plus humaine des cath\u00e9drales\u00bb par le manque de sym\u00e9trie que pr\u00e9sente sa fa\u00e7ade, elle est mondialement connue gr\u00e2ce \u00e0 la s\u00e9rie de tableaux que lui a consacr\u00e9 Claude Monet.<\/p>\n<p class=\"sc-cPiKLX AiZTS text-element\"><b>Localisation <\/b>: Hambourg, Allemagne<\/p>\n<p class=\"sc-cPiKLX AiZTS text-element\"><b>Epoque de construction<\/b> : 1846-1874<\/p>\n<p class=\"sc-cPiKLX AiZTS text-element\">De style n\u00e9ogothique, l\u2019\u00e9glise Saint-Nicolas a connu de nombreuses destructions et reconstructions depuis la toute premi\u00e8re chapelle de la ville d\u2019Hambourg, au XIIe si\u00e8cle. Mais c\u2019est au XIXe si\u00e8cle qu\u2019une restauration compl\u00e8te est entreprise, achev\u00e9e en 1874 \u2013 date \u00e0 laquelle elle devient le plus haut b\u00e2timent du monde pendant deux petites ann\u00e9es, rapidement supplant\u00e9e par la cath\u00e9drale de Rouen. D\u00e9truite lors des raids a\u00e9riens sur Hambourg pendant la Seconde Guerre mondiale, elle est toujours en ruine, et est aujourd\u2019hui <a href=\"https:\/\/www.mahnmal-st-nikolai.de\/fr\/#geschichte\" target=\"_blank\" rel=\"noreferrer noopener\" title=\"https:\/\/www.mahnmal-st-nikolai.de\/fr\/#geschichte\">un m\u00e9morial<\/a> d\u00e9di\u00e9 aux personnes d\u00e9port\u00e9es et assassin\u00e9es par les nazis et aux habitants de la ville tu\u00e9s lors des bombardements alli\u00e9s.<\/p>\n<p class=\"sc-cPiKLX AiZTS text-element\"><b>Localisation <\/b>: Strasbourg, France<\/p>\n<p class=\"sc-cPiKLX AiZTS text-element\"><b>Epoque de construction<\/b> : 1176-1459<\/p>\n<p class=\"sc-cPiKLX AiZTS text-element\">Construite sur les fondations d\u2019une cath\u00e9drale du Xe si\u00e8cle, Notre-Dame de Strasbourg \u00e9tait d\u2019abord une \u00e9glise de style roman avant d\u2019\u00eatre modernis\u00e9e au style gothique au XIIIe si\u00e8cle. Elle se reconna\u00eet \u00e0 son clocher unique, surmont\u00e9 d\u2019une fl\u00e8che qui lui a \u00e9t\u00e9 ajout\u00e9e en 1459, indique <a href=\"https:\/\/www.cathedrale-strasbourg.fr\/historique\" target=\"_blank\" rel=\"noreferrer noopener\" title=\"https:\/\/www.cathedrale-strasbourg.fr\/historique\">le site de la cath\u00e9drale<\/a>. Entre 1647 et 1874, elle est le plus haut \u00e9difice du monde, culminant \u00e0 142 m\u00e8tres de hauteur, avant que Saint-Nicolas ne lui chipe la place. Dans son recueil de lettres fictives, le Rhin, publi\u00e9 en 1842, Victor Hugo la d\u00e9crit comme telle : \u00abL\u2019\u00e9norme cath\u00e9drale, le sommet le plus haut qu\u2019ait b\u00e2ti la main de l\u2019homme apr\u00e8s la grande pyramide, se dessinait nettement sur un fond de montagnes sombres d\u2019une forme magnifique, dans lesquelles le soleil baignait \u00e7\u00e0 et l\u00e0 de larges vall\u00e9es. L\u2019\u0153uvre de Dieu faite pour les hommes, l\u2019\u0153uvre des hommes faite pour Dieu, la montagne et la cath\u00e9drale, luttaient de grandeur. Je n\u2019ai jamais rien vu de plus imposant.\u00bb<\/p>\n<p class=\"sc-cPiKLX AiZTS text-element\"><b>Localisation <\/b>: Liche\u0144 Stary, Pologne<\/p>\n<p class=\"sc-cPiKLX AiZTS text-element\"><b>Epoque de construction<\/b> : 1994 &#8211; 2004<\/p>\n<p class=\"sc-cPiKLX AiZTS text-element\">La basilique Notre-Dame de Liche\u0144 est un \u00e9difice religieux construit sur <a href=\"https:\/\/www.lichen.pl\/fr\/o-sanktuarium\/sanktuarium\/\" target=\"_blank\" rel=\"noreferrer noopener\" title=\"https:\/\/www.lichen.pl\/fr\/o-sanktuarium\/sanktuarium\/\">le sanctuaire<\/a> du m\u00eame nom, v\u00e9n\u00e9r\u00e9 depuis l\u2019apparition de la Vierge Marie en 1850. La tour de l\u2019\u00e9glise, haute de 141,5 m\u00e8tres, en fait la plus grande de Pologne. D\u2019apr\u00e8s <a href=\"https:\/\/www.petitfute.com\/v52955-lichen\/c1173-visites-points-d-interet\/c925-edifice-religieux\/c930-sanctuaire-lieu-de-pelerinage\/287611-basilique-notre-dame-de-lichen.html\" target=\"_blank\" rel=\"noreferrer noopener\" title=\"https:\/\/www.petitfute.com\/v52955-lichen\/c1173-visites-points-d-interet\/c925-edifice-religieux\/c930-sanctuaire-lieu-de-pelerinage\/287611-basilique-notre-dame-de-lichen.html\">le Petit Fut\u00e9<\/a>, des millions de p\u00e8lerins se rendent chaque ann\u00e9e \u00e0 la basilique polonaise pour v\u00e9n\u00e9rer une peinture de Marie.<\/p>\n<p class=\"sc-cPiKLX AiZTS text-element\"><b>Localisation <\/b>: Vatican, Italie<\/p>\n<p class=\"sc-cPiKLX AiZTS text-element\"><b>Epoque de construction<\/b> : 1506 &#8211; 1626<\/p>\n<p class=\"sc-cPiKLX AiZTS text-element\">La basilique papale Saint-Pierre est l\u2019\u00e9difice religieux le plus important du catholicisme. Situ\u00e9e au Vatican, <a href=\"https:\/\/www.liberation.fr\/societe\/religions\/cest-un-evenement-historique-a-saint-pierre-lhommage-des-croyants-a-la-depouille-du-pape-francois-20250423_JA6Q5IFXPVANFKZOIZ5BQIT63Y\/\" target=\"_blank\" rel=\"noreferrer noopener\" title=\"https:\/\/www.liberation.fr\/societe\/religions\/cest-un-evenement-historique-a-saint-pierre-lhommage-des-croyants-a-la-depouille-du-pape-francois-20250423_JA6Q5IFXPVANFKZOIZ5BQIT63Y\/\">en plein c\u0153ur de la ville de Rome<\/a>, en Italie, cette \u00e9glise catholique poss\u00e8de la coupole la plus haute du monde : 136,57 m\u00e8tres du sol au sommet de la croix. Sa construction, \u00e0 l\u2019emplacement de l\u2019antique basilique vaticane \u00e9difi\u00e9e sous le r\u00e8gne de Constantin Ier, a dur\u00e9 plus d\u2019un si\u00e8cle \u2013 sous l\u2019\u00e9gide d\u2019architectes de renom, comme Michel-Ange. Class\u00e9e au patrimoine mondial de l\u2019Unesco, elle est l\u2019un des monuments les plus visit\u00e9s au monde et un important lieu de p\u00e8lerinage. Au moins 150 000 catholiques se rassemblent chaque dimanche sur sa place. 250 000 <a href=\"https:\/\/www.liberation.fr\/societe\/religions\/en-direct-funerailles-du-pape-francois-la-place-saint-pierre-ouverte-au-public-20250426_5U6XW7UZ3BDQDFMV7MRRCDCCPQ\/#:~:text=%E2%97%8F%20termin%C3%A9-,Fun%C3%A9railles%20de%20Fran%C3%A7ois%20%3A%20le%20pape%20inhum%C3%A9%20%C3%A0%20Sainte%2DMarie%2D,souverain%20pontife%2C%20samedi%2026%20avril.\" target=\"_blank\" rel=\"noreferrer noopener\" title=\"https:\/\/www.liberation.fr\/societe\/religions\/en-direct-funerailles-du-pape-francois-la-place-saint-pierre-ouverte-au-public-20250426_5U6XW7UZ3BDQDFMV7MRRCDCCPQ\/#:~:text=%E2%97%8F%20termin%C3%A9-,Fun%C3%A9railles%20de%20Fran%C3%A7ois%20%3A%20le%20pape%20inhum%C3%A9%20%C3%A0%20Sainte%2DMarie%2D,souverain%20pontife%2C%20samedi%2026%20avril.\">les jours de fun\u00e9railles de pape.<\/a><\/p>\n<p class=\"sc-cPiKLX AiZTS text-element\"><b>Localisation <\/b>: Vienne, Autriche<\/p>\n<p class=\"sc-cPiKLX AiZTS text-element\"><b>Epoque de construction<\/b> : 1137 &#8211; 1263<\/p>\n<p class=\"sc-cPiKLX AiZTS text-element\">Embl\u00e8me de la ville de Vienne, la cath\u00e9drale Saint-Etienne (surnomm\u00e9e \u00abla Steffl\u00bb par les habitants), a \u00e9t\u00e9 \u00e9rig\u00e9e au XIIe si\u00e8cle dans un style gothique. Des agrandissements au XIIIe si\u00e8cle lui ont conf\u00e9r\u00e9 une architecture romane et l\u2019ont fait culminer \u00e0 136 m\u00e8tres \u2013 faisant d\u2019elle la plus haute \u00e9glise du pays. S\u00e9v\u00e8rement endommag\u00e9e pendant la Seconde Guerre mondiale, elle est restaur\u00e9e et rouvre en 1952. D\u2019apr\u00e8s <a href=\"https:\/\/www.wien.info\/fr\/a-voir-a-faire\/choses-a-voir-a-z\/la-cath%C3%A9drale-saint-%C3%A9tienne-359698\" target=\"_blank\" rel=\"noreferrer noopener\" title=\"https:\/\/www.wien.info\/fr\/a-voir-a-faire\/choses-a-voir-a-z\/la-cath%C3%A9drale-saint-%C3%A9tienne-359698\">le site<\/a> de la capitale autrichienne, de nombreux empereurs et princes autrichiens reposent \u00e0 la cath\u00e9drale Saint-Etienne et s\u2019est \u00e9galement ici que <a href=\"https:\/\/www.liberation.fr\/culture\/musique\/un-morceau-inedit-compose-par-mozart-dans-sa-jeunesse-decouvert-en-allemagne-20240920_FI5OQS7LGRECDC65Y7R5NQEZBI\/\" target=\"_blank\" rel=\"noreferrer noopener\" title=\"https:\/\/www.liberation.fr\/culture\/musique\/un-morceau-inedit-compose-par-mozart-dans-sa-jeunesse-decouvert-en-allemagne-20240920_FI5OQS7LGRECDC65Y7R5NQEZBI\/\">le c\u00e9l\u00e8bre compositeur Wolfgang Amadeus Mozart<\/a> s\u2019est mari\u00e9 avec Constance Weber en 1782.<\/p>\n<p class=\"sc-cPiKLX AiZTS text-element\">Plusieurs \u00e9difices religieux chr\u00e9tiens auraient pu \u00eatre dans ce classement s\u2019ils n\u2019avaient pas \u00e9t\u00e9 en partie d\u00e9truits au cours des derniers si\u00e8cles. Parmi eux, la cath\u00e9drale de Lincoln, au Royaume-Uni, mesurait 160 m\u00e8tres avant que sa fl\u00e8che centrale ne s\u2019\u00e9croule en 1549. On peut aussi citer la cath\u00e9drale Saint-Pierre de Beauvais, en France, qui \u00e9tait la plus haute construction humaine du monde entre 1569 et 1573 avant que sa tour de 153 m\u00e8tres ne s\u2019effondre.<\/p>\n<p class=\"sc-cPiKLX AiZTS text-element\">Mais si l\u2019on devait vraiment remettre l\u2019\u00e9glise au centre du village, les chr\u00e9tiens ne sont pas les seuls \u00e0 avoir fait dans le superlatif en ce qui concerne leur lieu de culte. La grande mosqu\u00e9e d\u2019Alger en Alg\u00e9rie, construite entre 2012 et 2019, poss\u00e8de le minaret le plus haut du monde (265 m\u00e8tres). En Inde, un temple hindou toujours en construction devrait atteindre les 213 m\u00e8tres.<\/p>\n","protected":false},"excerpt":{"rendered":"Perch\u00e9e au sommet de la c\u00e9l\u00e8bre Sagrada Familia, \u00e0 Barcelone, la tour de J\u00e9sus a grandi, jeudi 30&hellip;\n","protected":false},"author":2,"featured_media":505739,"comment_status":"","ping_status":"","sticky":false,"template":"","format":"standard","meta":{"footnotes":""},"categories":[9587],"tags":[1111,11,39450,1777,674,1011,27,12,5161,25,9590,640],"class_list":{"0":"post-505738","1":"post","2":"type-post","3":"status-publish","4":"format-standard","5":"has-post-thumbnail","7":"category-rouen","8":"tag-actu","9":"tag-actualites","10":"tag-beauvais","11":"tag-eu","12":"tag-europe","13":"tag-fr","14":"tag-france","15":"tag-news","16":"tag-normandie","17":"tag-republique-francaise","18":"tag-rouen","19":"tag-strasbourg"},"share_on_mastodon":{"url":"https:\/\/pubeurope.com\/@fr\/115477453409832845","error":""},"_links":{"self":[{"href":"https:\/\/www.europesays.com\/fr\/wp-json\/wp\/v2\/posts\/505738","targetHints":{"allow":["GET"]}}],"collection":[{"href":"https:\/\/www.europesays.com\/fr\/wp-json\/wp\/v2\/posts"}],"about":[{"href":"https:\/\/www.europesays.com\/fr\/wp-json\/wp\/v2\/types\/post"}],"author":[{"embeddable":true,"href":"https:\/\/www.europesays.com\/fr\/wp-json\/wp\/v2\/users\/2"}],"replies":[{"embeddable":true,"href":"https:\/\/www.europesays.com\/fr\/wp-json\/wp\/v2\/comments?post=505738"}],"version-history":[{"count":0,"href":"https:\/\/www.europesays.com\/fr\/wp-json\/wp\/v2\/posts\/505738\/revisions"}],"wp:featuredmedia":[{"embeddable":true,"href":"https:\/\/www.europesays.com\/fr\/wp-json\/wp\/v2\/media\/505739"}],"wp:attachment":[{"href":"https:\/\/www.europesays.com\/fr\/wp-json\/wp\/v2\/media?parent=505738"}],"wp:term":[{"taxonomy":"category","embeddable":true,"href":"https:\/\/www.europesays.com\/fr\/wp-json\/wp\/v2\/categories?post=505738"},{"taxonomy":"post_tag","embeddable":true,"href":"https:\/\/www.europesays.com\/fr\/wp-json\/wp\/v2\/tags?post=505738"}],"curies":[{"name":"wp","href":"https:\/\/api.w.org\/{rel}","templated":true}]}}