{"id":50574,"date":"2025-04-25T01:29:13","date_gmt":"2025-04-25T01:29:13","guid":{"rendered":"https:\/\/www.europesays.com\/fr\/50574\/"},"modified":"2025-04-25T01:29:13","modified_gmt":"2025-04-25T01:29:13","slug":"une-absence-a-un-rendez-vous-de-france-travail-nentrainera-plus-forcement-une-radiation-2","status":"publish","type":"post","link":"https:\/\/www.europesays.com\/fr\/50574\/","title":{"rendered":"Une absence \u00e0 un rendez-vous de France Travail n\u2019entra\u00eenera plus forc\u00e9ment une radiation"},"content":{"rendered":"<p><strong>\u00c9QUIT\u00c9 &#8211; France Travail \u00e9valuera l\u2019intensit\u00e9 de la recherche d\u2019emploi avant toute sanction. Une nouvelle mesure permettra de maintenir l\u2019accompagnement tout en r\u00e9duisant temporairement l\u2019allocation<\/strong><\/p>\n<p>A compter du 1er\u00a0juin, les demandeurs d\u2019emploi ne seront plus sanctionn\u00e9s automatiquement pour une absence \u00e0 un rendez-vous, mais selon l\u2019intensit\u00e9 de leur recherche d\u2019emploi. Ce changement majeur, instaur\u00e9 par d\u00e9cret, marque la volont\u00e9 de <a href=\"https:\/\/www.20minutes.fr\/dossier\/pole-emploi?at_medium=RSS+feed&amp;at_campaign=ynews&amp;utm_source=yahoo&amp;utm_medium=rss&amp;utm_campaign=news_feed&amp;utm_content=in_article_link\" rel=\"nofollow noopener\" target=\"_blank\" data-ylk=\"slk:France Travail;elm:context_link;itc:0;sec:content-canvas\" class=\"link \">France Travail<\/a> de rendre le dispositif de contr\u00f4le \u00ab\u00a0plus juste\u00a0\u00bb et de \u00ab\u00a0pr\u00e9server la dynamique d\u2019accompagnement\u00a0\u00bb.<\/p>\n<p>Jusqu\u2019ici, une simple absence non justifi\u00e9e \u00e0 une convocation pouvait entra\u00eener une radiation du <a href=\"https:\/\/www.20minutes.fr\/dossier\/demandeurs_d_emploi?at_medium=RSS+feed&amp;at_campaign=ynews&amp;utm_source=yahoo&amp;utm_medium=rss&amp;utm_campaign=news_feed&amp;utm_content=in_article_link\" rel=\"nofollow noopener\" target=\"_blank\" data-ylk=\"slk:demandeur d\u2019emploi;elm:context_link;itc:0;sec:content-canvas\" class=\"link \">demandeur d\u2019emploi<\/a>. Un m\u00e9canisme jug\u00e9 \u00ab\u00a0assez rude\u00a0\u00bb et parfois \u00ab\u00a0injuste\u00a0\u00bb par Jean-Pierre Tabeur, directeur du programme Parcours d\u2019accompagnement personnalis\u00e9s chez France Travail, notamment lorsqu\u2019il concernait des personnes \u00ab\u00a0en recherche tr\u00e8s active d\u2019<a href=\"https:\/\/www.20minutes.fr\/economie\/emploi\/?at_medium=RSS+feed&amp;at_campaign=ynews&amp;utm_source=yahoo&amp;utm_medium=rss&amp;utm_campaign=news_feed&amp;utm_content=in_article_link\" rel=\"nofollow noopener\" target=\"_blank\" data-ylk=\"slk:emploi;elm:context_link;itc:0;sec:content-canvas\" class=\"link \">emploi<\/a>\u00a0\u00bb.<\/p>\n<p>Sanction, suspension, remobilisation<\/p>\n<p>Avec cette <a href=\"https:\/\/www.20minutes.fr\/dossier\/reforme?at_medium=RSS+feed&amp;at_campaign=ynews&amp;utm_source=yahoo&amp;utm_medium=rss&amp;utm_campaign=news_feed&amp;utm_content=in_article_link\" rel=\"nofollow noopener\" target=\"_blank\" data-ylk=\"slk:r\u00e9forme;elm:context_link;itc:0;sec:content-canvas\" class=\"link \">r\u00e9forme<\/a>, les agents pourront \u00e9valuer les efforts de recherche avant de d\u00e9cider d\u2019une sanction. Si le demandeur d\u2019emploi fournit suffisamment de preuves de sa recherche, \u00ab\u00a0il n\u2019y a pas \u00e0 aller plus loin\u00a0\u00bb, a expliqu\u00e9 Jean-Pierre Tabeur. Une innovation notable r\u00e9side dans l\u2019instauration de la \u00ab\u00a0sanction suspension-remobilisation\u00a0\u00bb. Elle permet de r\u00e9duire temporairement l\u2019allocation, tout en maintenant le lien avec l\u2019accompagnement. Et si la personne reprend ses d\u00e9marches actives, la sanction est lev\u00e9e sur-le-champ.<\/p>\n<p>Ce nouveau cadre a d\u00e9j\u00e0 \u00e9t\u00e9 exp\u00e9riment\u00e9 depuis juillet\u00a02024 dans huit r\u00e9gions \u2013 notamment Auvergne-Rh\u00f4ne-Alpes, Bretagne ou encore Occitanie \u2013 et les premiers r\u00e9sultats sont prometteurs\u00a0: pas de hausse du taux(&#8230;)<\/p>\n<p><a href=\"https:\/\/www.20minutes.fr\/vie-pro\/4150284-20250425-chomage-absence-rendez-france-travail-entrainera-plus-forcement-radiation?at_medium=RSS+feed&amp;at_campaign=ynews&amp;utm_source=yahoo&amp;utm_medium=rss&amp;utm_campaign=news_feed&amp;utm_content=read_more_link&quot;\" rel=\"nofollow noopener\" target=\"_blank\" data-ylk=\"slk:Lire la suite sur 20minutes;elm:context_link;itc:0;sec:content-canvas\" class=\"link \">Lire la suite sur 20minutes<\/a><\/p>\n<p>\u00c0 lire aussi :<br \/><a href=\"https:\/\/www.20minutes.fr\/vie-pro\/4142843-20250311-france-travail-appuie-interim-reinsertion-publics-eloignes-emploi?at_medium=RSS+feed&amp;at_campaign=ynews&amp;utm_source=yahoo&amp;utm_medium=rss&amp;utm_campaign=news_feed&amp;utm_content=related_content_link\" rel=\"nofollow noopener\" target=\"_blank\" data-ylk=\"slk:France Travail s\u2019appuie sur l\u2019int\u00e9rim pour la r\u00e9insertion des publics \u00e9loign\u00e9s de l\u2019emploi;elm:context_link;itc:0;sec:content-canvas\" class=\"link \">France Travail s\u2019appuie sur l\u2019int\u00e9rim pour la r\u00e9insertion des publics \u00e9loign\u00e9s de l\u2019emploi<\/a><br \/><a href=\"https:\/\/www.20minutes.fr\/vie-pro\/4142558-20250310-france-travail-organise-edition-100-feminine-dispositif-stade-vers-emploi?at_medium=RSS+feed&amp;at_campaign=ynews&amp;utm_source=yahoo&amp;utm_medium=rss&amp;utm_campaign=news_feed&amp;utm_content=related_content_link\" rel=\"nofollow noopener\" target=\"_blank\" data-ylk=\"slk:France Travail organise une \u00e9dition 100\u00a0% f\u00e9minine du dispositif \u00ab\u00a0Du stade vers l\u2019emploi\u00a0\u00bb;elm:context_link;itc:0;sec:content-canvas\" class=\"link \">France Travail organise une \u00e9dition 100\u00a0% f\u00e9minine du dispositif \u00ab\u00a0Du stade vers l\u2019emploi\u00a0\u00bb<\/a><\/p>\n","protected":false},"excerpt":{"rendered":"\u00c9QUIT\u00c9 &#8211; France Travail \u00e9valuera l\u2019intensit\u00e9 de la recherche d\u2019emploi avant toute sanction. Une nouvelle mesure permettra de&hellip;\n","protected":false},"author":2,"featured_media":50575,"comment_status":"","ping_status":"","sticky":false,"template":"","format":"standard","meta":{"footnotes":""},"categories":[4],"tags":[11,14331,1011,27,530,14329,14330,12,14328,25],"class_list":{"0":"post-50574","1":"post","2":"type-post","3":"status-publish","4":"format-standard","5":"has-post-thumbnail","7":"category-france","8":"tag-actualites","9":"tag-efforts-de-recherche","10":"tag-fr","11":"tag-france","12":"tag-france-travail","13":"tag-jean-pierre-tabeur","14":"tag-laccompagnement","15":"tag-news","16":"tag-recherche-demploi","17":"tag-republique-francaise"},"share_on_mastodon":{"url":"https:\/\/pubeurope.com\/@fr\/114396015058985231","error":""},"_links":{"self":[{"href":"https:\/\/www.europesays.com\/fr\/wp-json\/wp\/v2\/posts\/50574","targetHints":{"allow":["GET"]}}],"collection":[{"href":"https:\/\/www.europesays.com\/fr\/wp-json\/wp\/v2\/posts"}],"about":[{"href":"https:\/\/www.europesays.com\/fr\/wp-json\/wp\/v2\/types\/post"}],"author":[{"embeddable":true,"href":"https:\/\/www.europesays.com\/fr\/wp-json\/wp\/v2\/users\/2"}],"replies":[{"embeddable":true,"href":"https:\/\/www.europesays.com\/fr\/wp-json\/wp\/v2\/comments?post=50574"}],"version-history":[{"count":0,"href":"https:\/\/www.europesays.com\/fr\/wp-json\/wp\/v2\/posts\/50574\/revisions"}],"wp:featuredmedia":[{"embeddable":true,"href":"https:\/\/www.europesays.com\/fr\/wp-json\/wp\/v2\/media\/50575"}],"wp:attachment":[{"href":"https:\/\/www.europesays.com\/fr\/wp-json\/wp\/v2\/media?parent=50574"}],"wp:term":[{"taxonomy":"category","embeddable":true,"href":"https:\/\/www.europesays.com\/fr\/wp-json\/wp\/v2\/categories?post=50574"},{"taxonomy":"post_tag","embeddable":true,"href":"https:\/\/www.europesays.com\/fr\/wp-json\/wp\/v2\/tags?post=50574"}],"curies":[{"name":"wp","href":"https:\/\/api.w.org\/{rel}","templated":true}]}}