{"id":505745,"date":"2025-11-02T01:19:14","date_gmt":"2025-11-02T01:19:14","guid":{"rendered":"https:\/\/www.europesays.com\/fr\/505745\/"},"modified":"2025-11-02T01:19:14","modified_gmt":"2025-11-02T01:19:14","slug":"surenchere-securitaire-lia-sinvite-dans-la-campagne-drama-a-lafges","status":"publish","type":"post","link":"https:\/\/www.europesays.com\/fr\/505745\/","title":{"rendered":"surench\u00e8re s\u00e9curitaire, l\u2019IA s\u2019invite dans la campagne, drama \u00e0 l\u2019Afges"},"content":{"rendered":"<p>Vous pensiez \u00eatre d\u00e9barrass\u00e9s de nous le temps des vacances\u00a0? Ah, ah, pauvres fous\u00a0! les mauvais esprits ne connaissent pas le repos. D\u2019autant que c\u2019est Halloween\/la f\u00eate des morts\/la Toussaint. D\u2019ailleurs, les candidats sont grave dans le th\u00e8me cette ann\u00e9e. Au point que l\u2019actualit\u00e9 politique des deux derni\u00e8res semaines \u00e9tait plac\u00e9e sous le signe de la PEUR.<\/p>\n<p>  L\u2019actu des vacances<\/p>\n<p>Ce sont les candidats qui flippent et nous font un peu peur, du coup. \u00ab\u00a0Ensemble, sauvons Strasbourg\u00a0\u00bb, c\u2019est le slogan de Virginie Joron, candidate Rassemblement National (RN) annonc\u00e9e et <a href=\"https:\/\/www.dna.fr\/elections\/2025\/10\/24\/virginie-joron-veut-sauver-strasbourg\" target=\"_blank\" rel=\"nofollow noopener\">officiellement dans la bataille depuis jeudi 23\u00a0octobre<\/a>. Fichtre. Strasbourg serait-elle \u00e0 ce point en perdition\u00a0? Mais, oui. La faute \u00e0 la maire sortante qui a \u00ab\u00a0saccag\u00e9 la ville\u00a0\u00bb, dixit Christian Zimmermann, pr\u00e9sident de la f\u00e9d\u00e9 alsacienne venu soutenir la t\u00eate de liste.<\/p>\n<p>T\u00eate de liste qu\u2019il f\u00e9licite au passage pour \u00ab\u00a0avoir d\u00e9fendu ardemment Strasbourg comme si\u00e8ge du Parlement\u00a0\u00bb avant de devenir \u00ab\u00a0le cauchemar de von der Leyen sur certains dossiers\u00a0\u00bb. Nous qui croyions le RN f\u00e9rocement eurosceptique\u2026 Damned.<\/p>\n<p>Une chose est s\u00fbre, les premiers \u00e9l\u00e9ments du programme RN sont des classiques\u00a0: vid\u00e9oprotection \u00e0 foison, retour de l\u2019arr\u00eat\u00e9 anti-mendicit\u00e9, priorit\u00e9 \u00e0 la s\u00e9curit\u00e9 \u00ab\u00a0premi\u00e8re des libert\u00e9s\u00a0\u00bb, audit des finances publiques \u00ab\u00a0pour savoir o\u00f9 va notre argent\u00a0\u00bb (indice\u00a0: dans le budget d\u00e9battu publiquement chaque ann\u00e9e en conseil, NDLR) etc.<\/p>\n<p>Des classiques que le RN voit comme une chasse gard\u00e9e. \u00ab\u00a0Je suis la seule candidate de droite puisque M. Vetter a d\u00e9j\u00e0 pactis\u00e9 avec la Macronie\u00a0\u00bb, tacle Virginie Joron, qui pense pouvoir d\u00e9border le socle de voix du RN.<\/p>\n<p>Mais le s\u00e9millant candidat LR ne l\u2019entend pas de cette oreille. Et la r\u00e9union publique programm\u00e9e semaine derni\u00e8re, salle Mozart avait pour th\u00e8me, je vous le donne en mille\u00a0: la s\u00e9curit\u00e9. Et bim\u00a0! Grands t\u00e9moins et grand public ont \u00e9chang\u00e9, le jour du lancement de Joron, sur \u00ab\u00a0la s\u00e9curit\u00e9, un sujet pas comme les autres\u00a0\u00bb.<\/p>\n<p>\u00ab\u00a0Pour la municipalit\u00e9, les victimes, ce sont ceux qui harc\u00e8lent, qui squattent, qui font du bruit. [\u2026] 10\u00a0000 vols par an, deux cambriolages par jour, une hausse de 25\u00a0% des crimes et d\u00e9lits depuis 2016\u00a0: c\u2019est tout ce qui pourrit notre vie au quotidien. Il y a un sentiment de confiscation de l\u2019espace public.\u00a0\u00bb<\/p>\n<p>En tout cas, <a href=\"https:\/\/www.dna.fr\/elections\/2025\/10\/24\/contre-l-insecurite-vetter-(lr)-appelle-a-allumer-les-lumieres\" target=\"_blank\" rel=\"nofollow noopener\">\u00ab\u00a0d\u00e8s le premier jour, il faudra allumer les lumi\u00e8res\u00a0\u00bb<\/a> \u2013 bouh\u00a0! l\u2019extinction de l\u2019\u00e9clairage public. Et le candidat d\u2019encha\u00eener sur la n\u00e9cessit\u00e9 \u00ab\u00a0d\u2019accentuer la vid\u00e9oprotection, d\u2019adopter un nouvel arr\u00eat\u00e9 contre la mendicit\u00e9 agressive\u00a0\u00bb.<\/p>\n<p>Diantre, quand je lis \u00e7a, je me dis qu\u2019il faut \u00ab\u00a0sauver Strasbourg\u00a0\u00bb. Et ce slogan me dit quelque chose\u2026<\/p>\n<p>  La pol\u00e9mique de la semaine<\/p>\n<p>Virginie Joron, toujours, a eu <a href=\"https:\/\/www.dna.fr\/elections\/2025\/10\/31\/la-candidate-rn-virginie-joron-utilise-l-ia-pour-montrer-strasbourg-plus-sale\" target=\"_blank\" rel=\"nofollow noopener\">la riche id\u00e9e d\u2019utiliser l\u2019IA pour noircir le tableau<\/a> et pr\u00e9senter Strasbourg comme plus sale qu\u2019elle n\u2019est dans une vid\u00e9o diffus\u00e9e sur TikTok\u00a0! Las, nos confr\u00e8res de France 3 ont rep\u00e9r\u00e9 la supercherie. L\u2019eurod\u00e9put\u00e9e et candidate strasbourgeoise RN s\u2019est d\u2019abord d\u00e9fendue en se retranchant derri\u00e8re une id\u00e9e de son assistant, assum\u00e9e \u00e0 moiti\u00e9. Avant de finalement retirer les images de la vid\u00e9o TikTok. Pour en mettre d\u2019autres tir\u00e9es de la r\u00e9alit\u00e9 cette fois. Et l\u2019\u00e9lue RN de conclure\u00a0: \u00ab\u00a0Le r\u00e9el est parfois pire\u00a0\u00bb. Au vu de cette s\u00e9quence, on ne saurait mieux dire.<\/p>\n<p>  L\u2019image de la semaine<\/p>\n<p>Apr\u00e8s Raffarin, c\u2019est un autre revenant, <a href=\"https:\/\/www.dna.fr\/p\/guy-roux\" target=\"_blank\" rel=\"nofollow noopener\">Guy Roux<\/a>, inoxydable ex-entra\u00eeneur de l\u2019AJ Auxerre, au c\u00f4t\u00e9 cette fois de Jean-Philippe Vetter qui nous donne l\u2019image de la semaine. Le bonnet, les mitaines, les sourires\u00a0: ai-je vraiment besoin d\u2019en rajouter\u00a0?<\/p>\n<p>  Le drama de la semaine derni\u00e8re<\/p>\n<p>C\u2019est l\u2019Association f\u00e9d\u00e9rative g\u00e9n\u00e9rale des \u00e9tudiants de Strasbourg (Afges) qui s\u2019est retrouv\u00e9e \u00e0 participer au raout s\u00e9curit\u00e9 de Vetter \u00ab\u00a0\u00e0 l\u2019insu de son plein gr\u00e9 mais non, en fait, c\u2019est bon\u00a0\u00bb. Caroline Knab, pr\u00e9sidente de l\u2019organisation \u00e9tudiante n\u2019a pas appr\u00e9ci\u00e9 que L\u00e9onard Todua, repr\u00e9sentant de l\u2019Afges, se retrouve dans ce qui ressemblait un peu \u00e0 un meeting. Alors qu\u2019elle s\u2019attendait plut\u00f4t \u00e0 une petite table ronde sans candidat. En mode nous sommes une \u00ab\u00a0une organisation partisane\u00a0\u00bb et entendons le rester.<\/p>\n<p>Mais en vrai, tout \u00e7a \u00e9tait un malentendu. \u00ab\u00a0L\u2019\u00e9v\u00e9nement \u00e9tait apartisan\u00a0\u00bb, les invit\u00e9s \u00e9tant l\u00e0 \u00ab\u00a0en tant qu\u2019experts\u00a0\u00bb, pas en tant que soutien, avance Ir\u00e8ne Weiss (LR). \u00c9voquant un \u00ab\u00a0quiproquo mutuel\u00a0\u00bb, <a href=\"https:\/\/www.dna.fr\/actualite\/2025\/10\/24\/le-syndicat-des-etudiants-alsaciens-afges-reaffirme-son-caractere-apolitique\" target=\"_blank\" rel=\"nofollow noopener\">la pr\u00e9sidente a \u00ab\u00a0pr\u00e9sent\u00e9 ses excuses \u00e0 Jean-Philippe Vetter\u00a0\u00bb<\/a>. On entre dans la phase o\u00f9 \u00e7a ne rigole plus.<\/p>\n<p>  Les citations des vacances<\/p>\n<p>Choisies totalement au hasard (ou pas)\u00a0:<\/p>\n<p>Futur cr\u00e9ateur d\u2019un collectif schilikois pour <a href=\"https:\/\/www.dna.fr\/defense-guerre-conflit\/2025\/10\/24\/pour-informer-et-ne-pas-oublier-les-victimes-un-collectif-en-solidarite-avec-gaza-va-etre-cree\" target=\"_blank\" rel=\"nofollow noopener\">organiser la solidarit\u00e9 et informer sur la situation \u00e0 Gaza<\/a> , Julien H\u00e9lary, professeur d\u2019histoire-g\u00e9ographie appelle \u00e0 \u00ab\u00a0ne pas faire une campagne \u00e9loign\u00e9e du bruit du monde\u00a0\u00bb.<\/p>\n<p>\u00ab\u00a0La vraie urgence, c\u2019est le taux de 25\u00a0% de pauvret\u00e9\u00a0\u00bb, alertent Driss Rharrouz, cr\u00e9ateur avec et Dominique B\u00e9zu et Yves Sager de Nous Strasbourg, une association qui <a href=\"https:\/\/www.dna.fr\/elections\/2025\/10\/25\/l-association-nous-strasbourg-fait-pression-sur-les-candidats\" target=\"_blank\" rel=\"nofollow noopener\">vient d\u2019\u00e9crire aux candidats<\/a> d\u00e9clar\u00e9s pour les amener \u00e0 se positionner sur les sujets qui comptent \u00e0 ses yeux.<\/p>\n","protected":false},"excerpt":{"rendered":"Vous pensiez \u00eatre d\u00e9barrass\u00e9s de nous le temps des vacances\u00a0? Ah, ah, pauvres fous\u00a0! les mauvais esprits ne&hellip;\n","protected":false},"author":2,"featured_media":505746,"comment_status":"","ping_status":"","sticky":false,"template":"","format":"standard","meta":{"footnotes":""},"categories":[2820],"tags":[1111,11,2880,5949,4188,1777,674,107,1011,27,775,12,316,25,640,2879],"class_list":{"0":"post-505745","1":"post","2":"type-post","3":"status-publish","4":"format-standard","5":"has-post-thumbnail","7":"category-strasbourg","8":"tag-actu","9":"tag-actualites","10":"tag-edition-strasbourg","11":"tag-elections","12":"tag-elections-municipales","13":"tag-eu","14":"tag-europe","15":"tag-fil-info","16":"tag-fr","17":"tag-france","18":"tag-grand-est","19":"tag-news","20":"tag-politique","21":"tag-republique-francaise","22":"tag-strasbourg","23":"tag-strasbourg-ville"},"share_on_mastodon":{"url":"https:\/\/pubeurope.com\/@fr\/115477477004411297","error":""},"_links":{"self":[{"href":"https:\/\/www.europesays.com\/fr\/wp-json\/wp\/v2\/posts\/505745","targetHints":{"allow":["GET"]}}],"collection":[{"href":"https:\/\/www.europesays.com\/fr\/wp-json\/wp\/v2\/posts"}],"about":[{"href":"https:\/\/www.europesays.com\/fr\/wp-json\/wp\/v2\/types\/post"}],"author":[{"embeddable":true,"href":"https:\/\/www.europesays.com\/fr\/wp-json\/wp\/v2\/users\/2"}],"replies":[{"embeddable":true,"href":"https:\/\/www.europesays.com\/fr\/wp-json\/wp\/v2\/comments?post=505745"}],"version-history":[{"count":0,"href":"https:\/\/www.europesays.com\/fr\/wp-json\/wp\/v2\/posts\/505745\/revisions"}],"wp:featuredmedia":[{"embeddable":true,"href":"https:\/\/www.europesays.com\/fr\/wp-json\/wp\/v2\/media\/505746"}],"wp:attachment":[{"href":"https:\/\/www.europesays.com\/fr\/wp-json\/wp\/v2\/media?parent=505745"}],"wp:term":[{"taxonomy":"category","embeddable":true,"href":"https:\/\/www.europesays.com\/fr\/wp-json\/wp\/v2\/categories?post=505745"},{"taxonomy":"post_tag","embeddable":true,"href":"https:\/\/www.europesays.com\/fr\/wp-json\/wp\/v2\/tags?post=505745"}],"curies":[{"name":"wp","href":"https:\/\/api.w.org\/{rel}","templated":true}]}}