{"id":505753,"date":"2025-11-02T01:25:39","date_gmt":"2025-11-02T01:25:39","guid":{"rendered":"https:\/\/www.europesays.com\/fr\/505753\/"},"modified":"2025-11-02T01:25:39","modified_gmt":"2025-11-02T01:25:39","slug":"50-personnes-sans-chez-soi-sont-mortes-en-nouvelle-aquitaine-en-2024-dont-pres-de-la-moitie-a-bordeaux","status":"publish","type":"post","link":"https:\/\/www.europesays.com\/fr\/505753\/","title":{"rendered":"50 personnes sans chez-soi sont mortes en Nouvelle-Aquitaine en 2024, dont pr\u00e8s de la moiti\u00e9 \u00e0 Bordeaux"},"content":{"rendered":"<p class=\"wp-block-post-excerpt__excerpt\">Le 13\u1d49 rapport annuel du collectif Les Morts de la Rue vient d\u2019\u00eatre publi\u00e9. L\u2019augmentation du nombre de d\u00e9c\u00e8s dans la rue en France se poursuit, touchant des personnes de plus en plus jeunes. En Nouvelle-Aquitaine, une baisse l\u00e9g\u00e8re est enregistr\u00e9e avec 50 en 2024 contre 56 en 2023. A Bordeaux, la situation est plus grave. <\/p>\n<p class=\"font-sans\">\n\t\t\tCet article est en acc\u00e8s libre. Pour soutenir Rue89Bordeaux,<br \/>\n\t\t\t<a class=\"underline\" href=\"https:\/\/rue89bordeaux.com\/abonnement\/\" target=\"_blank\" rel=\"noopener\">abonnez-vous<\/a>.\n\t\t<\/p>\n<p>Walid Salem<\/p>\n<p>Publi\u00e9 le 30 octobre 2025\u00a0\u00a0\u00b7\u00a0\u00a0<\/p>\n<p>Imprim\u00e9 le 2 novembre 2025 \u00e0 02h25\u00a0\u00a0\u00b7\u00a0\u00a0<\/p>\n<p>\t\t\t\t\t2\u00a0minutes\n<\/p>\n<p>En 2024, 912 personnes sans chez-soi \u2013 vivant dans la rue ou h\u00e9berg\u00e9es \u2013 ont \u00e9t\u00e9 recens\u00e9es mortes en France contre 735 personnes en 2023, selon le 13\u1d49 rapport annuel du <a href=\"https:\/\/mortsdelarue.org\/\" target=\"_blank\" rel=\"noreferrer noopener\">collectif Les Morts de la Rue<\/a>. Si l\u2019on inclut celles qui ont v\u00e9cu dans la rue et trouv\u00e9 un logement dans l\u2019ann\u00e9e, celui-ci en d\u00e9nombre 1022 (826 personnes en 2023). Des hausses significatives, alors que 614 morts sont comptabilis\u00e9s au 30 octobre en 2025.<\/p>\n<p>Avec un \u00e2ge moyen de 47,7 ans au d\u00e9c\u00e8s, soit 32 ans de moins que la population g\u00e9n\u00e9rale, ces morts pr\u00e9matur\u00e9es forment un v\u00e9ritable scandale sanitaire et social.<\/p>\n<blockquote class=\"wp-block-quote is-layout-flow wp-block-quote-is-layout-flow\">\n<p>\u00ab\u00a0L\u2019augmentation continue du nombre de d\u00e9c\u00e8s recens\u00e9s, qu\u2019elle traduise une hausse r\u00e9elle ou une meilleure d\u00e9tection, interpelle sur l\u2019efficacit\u00e9 et la volont\u00e9 des politiques publiques\u00a0\u00bb, souligne le document.<\/p>\n<\/blockquote>\n<p>En Gironde, 26 personnes sans chez-soi sont mortes en 2024 (24 en 2023), dont 22 \u00e0 Bordeaux (15 en 2023). En Nouvelle-Aquitaine, la r\u00e9gion la plus vaste de l\u2019Hexagone, le rapport recense 50 d\u00e9c\u00e8s en 2024 (56 en 2023).<\/p>\n<p>\t\tDes morts concentr\u00e9es en ville<\/p>\n<p>Comme ailleurs, la mortalit\u00e9 frappe d\u2019abord les zones urbaines : plus de 90 % des d\u00e9c\u00e8s surviennent en ville, une proportion stable depuis 2012. Cette concentration s\u2019explique par la densit\u00e9 de population, la pr\u00e9sence accrue des dispositifs d\u2019h\u00e9bergement et un r\u00e9seau de signalement plus d\u00e9velopp\u00e9.<\/p>\n<p>L\u2019\u00cele-de-France concentre 338 d\u00e9c\u00e8s, soit 37 % du total national, en raison de la pauvret\u00e9 urbaine, des tensions sur le logement et d\u2019un meilleur maillage associatif. Les Hauts-de-France suivent avec 163 d\u00e9c\u00e8s, un chiffre doubl\u00e9 en un an, notamment \u00e0 cause des drames survenus lors des tentatives de travers\u00e9e de la Manche. L\u2019Auvergne-Rh\u00f4ne-Alpes (63 morts), l\u2019Occitanie (57) et la Provence-Alpes-C\u00f4te d\u2019Azur (52) compl\u00e8tent la liste des r\u00e9gions les plus touch\u00e9es.<\/p>\n<p>Les personnes d\u00e9c\u00e9d\u00e9es sont majoritairement des hommes (82 %), m\u00eame si la part des femmes progresse. Quatre sur dix vivaient dans la rue, 27 % sortaient d\u2019une institution (souvent un h\u00f4pital ou une prison) et 12 % occupaient un habitat pr\u00e9caire. Leurs trajectoires sont marqu\u00e9es par les addictions (25 %), les ruptures familiales ou migratoires, et la dur\u00e9e de l\u2019errance : 71 % vivaient sans chez-soi depuis plus de cinq ans.<\/p>\n<p>\t\tDes morts souvent invisibles<\/p>\n<p>Ces chiffres r\u00e9v\u00e8lent les failles structurelles du syst\u00e8me : offre d\u2019h\u00e9bergement insuffisante, parcours de soins fragment\u00e9s, accompagnement global quasi inexistant. Les vuln\u00e9rabilit\u00e9s identifi\u00e9es \u2013 exposition aux violences, ruptures de soins, isolement social \u2013 \u00ab\u00a0appellent des r\u00e9ponses adapt\u00e9es qui tardent \u00e0 se concr\u00e9tiser\u00a0\u00bb.<\/p>\n<p>Les causes de d\u00e9c\u00e8s restent inconnues dans 40 % des cas, mais 17 % sont des morts violentes (agressions, suicides, noyades, accidents). S\u2019y ajoutent les expositions au froid, aux incendies et aux fortes chaleurs.<\/p>\n<p>Le collectif Les Morts de la Rue s\u2019appuie sur un r\u00e9seau de signalement en expansion : 36 % des cas remontent via des partenaires institutionnels, 30 % par des associations et 24 % gr\u00e2ce \u00e0 la presse. Malgr\u00e9 ces efforts, le recensement reste incomplet et in\u00e9galement r\u00e9parti : certaines zones rurales et ultramarines (La R\u00e9union, Martinique, Guadeloupe\u2026) demeurent tr\u00e8s peu couvertes, tandis que les populations les plus invisibles \u2013 personnes sans papiers, mineurs isol\u00e9s \u2013 \u00e9chappent encore largement au suivi.<\/p>\n<p>En milieu rural, les d\u00e9c\u00e8s sont moins nombreux mais pr\u00e9sentent des particularit\u00e9s : \u00e2ge m\u00e9dian plus \u00e9lev\u00e9 (55 ans contre 50 en ville), troubles mentaux l\u00e9g\u00e8rement plus fr\u00e9quents et isolement accru. L\u2019acc\u00e8s aux soins et \u00e0 l\u2019h\u00e9bergement y reste limit\u00e9, et la d\u00e9tection repose souvent sur la vigilance locale plus que sur les dispositifs institutionnels.<\/p>\n","protected":false},"excerpt":{"rendered":"Le 13\u1d49 rapport annuel du collectif Les Morts de la Rue vient d\u2019\u00eatre publi\u00e9. L\u2019augmentation du nombre de&hellip;\n","protected":false},"author":2,"featured_media":505754,"comment_status":"","ping_status":"","sticky":false,"template":"","format":"standard","meta":{"footnotes":""},"categories":[2817],"tags":[1111,11,1997,1777,674,1011,27,12,2219,25,37302],"class_list":{"0":"post-505753","1":"post","2":"type-post","3":"status-publish","4":"format-standard","5":"has-post-thumbnail","7":"category-bordeaux","8":"tag-actu","9":"tag-actualites","10":"tag-bordeaux","11":"tag-eu","12":"tag-europe","13":"tag-fr","14":"tag-france","15":"tag-news","16":"tag-nouvelle-aquitaine","17":"tag-republique-francaise","18":"tag-sans-toit-ni-loi"},"share_on_mastodon":{"url":"https:\/\/pubeurope.com\/@fr\/115477500661331273","error":""},"_links":{"self":[{"href":"https:\/\/www.europesays.com\/fr\/wp-json\/wp\/v2\/posts\/505753","targetHints":{"allow":["GET"]}}],"collection":[{"href":"https:\/\/www.europesays.com\/fr\/wp-json\/wp\/v2\/posts"}],"about":[{"href":"https:\/\/www.europesays.com\/fr\/wp-json\/wp\/v2\/types\/post"}],"author":[{"embeddable":true,"href":"https:\/\/www.europesays.com\/fr\/wp-json\/wp\/v2\/users\/2"}],"replies":[{"embeddable":true,"href":"https:\/\/www.europesays.com\/fr\/wp-json\/wp\/v2\/comments?post=505753"}],"version-history":[{"count":0,"href":"https:\/\/www.europesays.com\/fr\/wp-json\/wp\/v2\/posts\/505753\/revisions"}],"wp:featuredmedia":[{"embeddable":true,"href":"https:\/\/www.europesays.com\/fr\/wp-json\/wp\/v2\/media\/505754"}],"wp:attachment":[{"href":"https:\/\/www.europesays.com\/fr\/wp-json\/wp\/v2\/media?parent=505753"}],"wp:term":[{"taxonomy":"category","embeddable":true,"href":"https:\/\/www.europesays.com\/fr\/wp-json\/wp\/v2\/categories?post=505753"},{"taxonomy":"post_tag","embeddable":true,"href":"https:\/\/www.europesays.com\/fr\/wp-json\/wp\/v2\/tags?post=505753"}],"curies":[{"name":"wp","href":"https:\/\/api.w.org\/{rel}","templated":true}]}}