{"id":505757,"date":"2025-11-02T01:27:13","date_gmt":"2025-11-02T01:27:13","guid":{"rendered":"https:\/\/www.europesays.com\/fr\/505757\/"},"modified":"2025-11-02T01:27:13","modified_gmt":"2025-11-02T01:27:13","slug":"toulouse-repeche-dans-la-garonne-un-homme-dune-quarantaine-dannees-declare-decede","status":"publish","type":"post","link":"https:\/\/www.europesays.com\/fr\/505757\/","title":{"rendered":"Toulouse. Rep\u00each\u00e9 dans la Garonne, un homme d&rsquo;une quarantaine d&rsquo;ann\u00e9es d\u00e9clar\u00e9 d\u00e9c\u00e9d\u00e9"},"content":{"rendered":"<p>            Par<br \/>\n        <strong><br \/>\n            <a href=\"https:\/\/actu.fr\/auteur\/mareva-laville-actu-fr\" title=\"Consulter tous les articles de Mar\u00e9va Laville\" rel=\"nofollow noopener\" target=\"_blank\">Mar\u00e9va Laville<\/a><br \/>\n        <\/strong><\/p>\n<p>        Publi\u00e9 le<\/p>\n<p>            31 oct. 2025 \u00e0 16h17        <\/p>\n<p>Vers 14h30, ce vendredi 31\u00a0octobre 2025, les sapeurs-pompiers de Haute-Garonne ont sorti les bateaux et d\u00e9ploy\u00e9 20 pompiers ainsi que <a href=\"https:\/\/actu.fr\/occitanie\/toulouse_31555\/toulouse-c-est-un-fleuve-traitre-si-vous-tombez-dans-la-garonne-ces-pompiers-feront-l-impossible_61632102.html\" rel=\"nofollow noopener\" target=\"_blank\">l\u2019\u00e9quipe de sauveteurs aquatiques<\/a> dans le <strong>centre-ville de <a href=\"http:\/\/www.actu.fr\/toulouse\" rel=\"nofollow noopener\" target=\"_blank\">Toulouse<\/a>.<\/strong><\/p>\n<p>Un homme d\u2019une quarantaine d\u2019ann\u00e9es tomb\u00e9 dans le fleuve<\/p>\n<p class=\" wall-content\">En tout d\u00e9but d\u2019apr\u00e8s-midi, ils ont \u00e9t\u00e9 alert\u00e9s pour une \u00ab\u2009personne <strong>tomb\u00e9e \u00e0 l\u2019eau au niveau du pont Saint-Pierre<\/strong>\u2009\u00bb, indique le Sdis 31. En l\u2019occurrence, <strong>un homme \u00e2g\u00e9 d\u2019une quarantaine d\u2019ann\u00e9es.<\/strong> \u00ab\u2009On ne sait pas s\u2019il a chut\u00e9 depuis le pont Saint-Pierre ou d\u2019ailleurs\u2009\u00bb, explique les pompiers \u00e0 Actu Toulouse.<\/p>\n<p class=\" wall-content\">D\u2019apr\u00e8s une source polici\u00e8re d\u2019Actu Toulouse, le quadrag\u00e9naire aurait<strong> commis un vol \u00e0 l\u2019arrach\u00e9<\/strong> sur le Pont-Neuf. Poursuivi par la ou les victimes et les passants l\u2019ayant pris en flagrant d\u00e9lit, \u00ab\u2009le voleur s\u2019est jet\u00e9 \u00e0 l\u2019eau\u2009\u00bb. Les constatations sont en cours \u00e0 l\u2019heure o\u00f9 nous \u00e9crivons ces lignes.<\/p>\n<p>Rep\u00each\u00e9, il a \u00e9t\u00e9 d\u00e9clar\u00e9 d\u00e9c\u00e9d\u00e9<\/p>\n<p class=\" wall-content\">\u00c0 leur arriv\u00e9e, les secours ont mis \u00e0 l\u2019eau plusieurs embarcations pour permettre de le retrouver. Le <strong>quadrag\u00e9naire rep\u00each\u00e9 <\/strong>se trouvait <strong>en arr\u00eat cardio-respiratoire.<\/strong><\/p>\n<p class=\" wall-content\">\u00ab\u2009Malgr\u00e9 la rapidit\u00e9 de mise en \u0153uvre des secours ainsi que des gestes de premier secours, la victime a \u00e9t\u00e9<strong> d\u00e9clar\u00e9e d\u00e9c\u00e9d\u00e9e<\/strong> par le m\u00e9decin du SMUR pr\u00e9sent sur les lieux\u2009\u00bb, d\u00e9plorent les sapeurs-pompiers.<\/p>\n<p class=\" wall-content\"><strong>Avec Ana\u00eblle Montagne<\/strong><\/p>\n<p class=\" wall-content\">Personnalisez votre actualit\u00e9 en ajoutant vos villes et m\u00e9dias en favori avec <a href=\"https:\/\/moncompte.actu.fr\" title=\"D\u00e9couvez Mon Actu\" rel=\"nofollow noopener\" data-trk=\"{&quot;cta&quot;:{&quot;action&quot;:&quot;https:\\\/\\\/moncompte.actu.fr&quot;,&quot;category&quot;:&quot;mon compte&quot;,&quot;from&quot;:&quot;article footer&quot;,&quot;name&quot;:&quot;Mon actu&quot;,&quot;type&quot;:&quot;cta&quot;}}\" target=\"_blank\">Mon Actu<\/a>.<\/p>\n","protected":false},"excerpt":{"rendered":"Par Mar\u00e9va Laville Publi\u00e9 le 31 oct. 2025 \u00e0 16h17 Vers 14h30, ce vendredi 31\u00a0octobre 2025, les sapeurs-pompiers&hellip;\n","protected":false},"author":2,"featured_media":505758,"comment_status":"","ping_status":"","sticky":false,"template":"","format":"standard","meta":{"footnotes":""},"categories":[2816],"tags":[1111,11,1777,674,118,1011,27,12,2680,1311,25,2312],"class_list":{"0":"post-505757","1":"post","2":"type-post","3":"status-publish","4":"format-standard","5":"has-post-thumbnail","7":"category-toulouse","8":"tag-actu","9":"tag-actualites","10":"tag-eu","11":"tag-europe","12":"tag-faits-divers","13":"tag-fr","14":"tag-france","15":"tag-news","16":"tag-occitanie","17":"tag-pompiers","18":"tag-republique-francaise","19":"tag-toulouse"},"share_on_mastodon":{"url":"https:\/\/pubeurope.com\/@fr\/115477508492196092","error":""},"_links":{"self":[{"href":"https:\/\/www.europesays.com\/fr\/wp-json\/wp\/v2\/posts\/505757","targetHints":{"allow":["GET"]}}],"collection":[{"href":"https:\/\/www.europesays.com\/fr\/wp-json\/wp\/v2\/posts"}],"about":[{"href":"https:\/\/www.europesays.com\/fr\/wp-json\/wp\/v2\/types\/post"}],"author":[{"embeddable":true,"href":"https:\/\/www.europesays.com\/fr\/wp-json\/wp\/v2\/users\/2"}],"replies":[{"embeddable":true,"href":"https:\/\/www.europesays.com\/fr\/wp-json\/wp\/v2\/comments?post=505757"}],"version-history":[{"count":0,"href":"https:\/\/www.europesays.com\/fr\/wp-json\/wp\/v2\/posts\/505757\/revisions"}],"wp:featuredmedia":[{"embeddable":true,"href":"https:\/\/www.europesays.com\/fr\/wp-json\/wp\/v2\/media\/505758"}],"wp:attachment":[{"href":"https:\/\/www.europesays.com\/fr\/wp-json\/wp\/v2\/media?parent=505757"}],"wp:term":[{"taxonomy":"category","embeddable":true,"href":"https:\/\/www.europesays.com\/fr\/wp-json\/wp\/v2\/categories?post=505757"},{"taxonomy":"post_tag","embeddable":true,"href":"https:\/\/www.europesays.com\/fr\/wp-json\/wp\/v2\/tags?post=505757"}],"curies":[{"name":"wp","href":"https:\/\/api.w.org\/{rel}","templated":true}]}}