{"id":505763,"date":"2025-11-02T01:32:12","date_gmt":"2025-11-02T01:32:12","guid":{"rendered":"https:\/\/www.europesays.com\/fr\/505763\/"},"modified":"2025-11-02T01:32:12","modified_gmt":"2025-11-02T01:32:12","slug":"roberto-de-zerbi-ce-sont-trois-points-importants-mais-aussi-beaucoup-de-souffrance","status":"publish","type":"post","link":"https:\/\/www.europesays.com\/fr\/505763\/","title":{"rendered":"Roberto De Zerbi \u00ab\u00a0ce sont trois points importants mais aussi beaucoup de souffrance\u00a0\u00bb"},"content":{"rendered":"<p>L&rsquo;essentiel ce sont les trois points&#8230;une phrase qui colle parfaitement \u00e0 la victoire de l&rsquo;OM ce soir \u00e0 Auxerre 1 \u00e0 0, dans un match tr\u00e8s difficile o\u00f9 les Olympiens ont d\u00fb assurer l&rsquo;essentiel en inf\u00e9riorit\u00e9 num\u00e9rique en deuxi\u00e8me p\u00e9riode. Les Marseillais enrayent la mauvaise s\u00e9rie entam\u00e9e \u00e0 Lisbonne&#8230;<\/p>\n<p>L&rsquo;Olympique de Marseille repart sur de meilleures bases comptables apr\u00e8s une victoire compliqu\u00e9e mais \u00f4 combien importante 1 \u00e0 0 sur la pelouse de l&rsquo;AJ Auxerre, gr\u00e2ce \u00e0 un but d&rsquo;Angel Gomes peu avant la demi-heure de jeu sur un tr\u00e8s bon service d&rsquo;Amir Murillo.<\/p>\n<p>L&rsquo;OM s&rsquo;impose face \u00e0 l&rsquo;avant-dernier de la Ligue 1 mais \u00e7a ne masque pas non plus toutes les difficult\u00e9s rencontr\u00e9es par les Olympiens ce soir \u00e0 l&rsquo;Abb\u00e9-Deschamps, surtout apr\u00e8s l&rsquo;expulsion d&rsquo;Ulisses Garcia \u00e0 25 minutes de la fin.<\/p>\n<p>Gr\u00e2ce \u00e0 un grand G\u00e9ronimo Rulli, les Marseillais repartent sur une dynamique plus sereine et positive \u00e0 quatre jours de la r\u00e9ception de l&rsquo;Atalanta Bergame en Ligue des Champions.<\/p>\n<p>L&rsquo;OM remonte \u00e0 la 2e place de Ligue 1 \u00e0 deux points du PSG.\u00a0<\/p>\n<p><strong>Retrouvez la conf\u00e9rence de presse du coach Roberto De Zerbi \u00e0 l&rsquo;issue du match. <\/strong><\/p>\n<p><strong>(images et interview, Karim Attab, Maritima M\u00e9dias)<\/strong><\/p>\n","protected":false},"excerpt":{"rendered":"L&rsquo;essentiel ce sont les trois points&#8230;une phrase qui colle parfaitement \u00e0 la victoire de l&rsquo;OM ce soir \u00e0&hellip;\n","protected":false},"author":2,"featured_media":505764,"comment_status":"","ping_status":"","sticky":false,"template":"","format":"standard","meta":{"footnotes":""},"categories":[2814],"tags":[62719,12023,1111,11,1777,674,1011,27,12027,884,12,1176,149,882,25,968],"class_list":{"0":"post-505763","1":"post","2":"type-post","3":"status-publish","4":"format-standard","5":"has-post-thumbnail","7":"category-marseille","8":"tag-ajaom","9":"tag-teamom","10":"tag-actu","11":"tag-actualites","12":"tag-eu","13":"tag-europe","14":"tag-fr","15":"tag-france","16":"tag-ligue-1-mc-donalds","17":"tag-marseille","18":"tag-news","19":"tag-olympique-de-marseille","20":"tag-om","21":"tag-provence-alpes-cote-dazur","22":"tag-republique-francaise","23":"tag-roberto-de-zerbi"},"share_on_mastodon":{"url":"https:\/\/pubeurope.com\/@fr\/115477528190806399","error":""},"_links":{"self":[{"href":"https:\/\/www.europesays.com\/fr\/wp-json\/wp\/v2\/posts\/505763","targetHints":{"allow":["GET"]}}],"collection":[{"href":"https:\/\/www.europesays.com\/fr\/wp-json\/wp\/v2\/posts"}],"about":[{"href":"https:\/\/www.europesays.com\/fr\/wp-json\/wp\/v2\/types\/post"}],"author":[{"embeddable":true,"href":"https:\/\/www.europesays.com\/fr\/wp-json\/wp\/v2\/users\/2"}],"replies":[{"embeddable":true,"href":"https:\/\/www.europesays.com\/fr\/wp-json\/wp\/v2\/comments?post=505763"}],"version-history":[{"count":0,"href":"https:\/\/www.europesays.com\/fr\/wp-json\/wp\/v2\/posts\/505763\/revisions"}],"wp:featuredmedia":[{"embeddable":true,"href":"https:\/\/www.europesays.com\/fr\/wp-json\/wp\/v2\/media\/505764"}],"wp:attachment":[{"href":"https:\/\/www.europesays.com\/fr\/wp-json\/wp\/v2\/media?parent=505763"}],"wp:term":[{"taxonomy":"category","embeddable":true,"href":"https:\/\/www.europesays.com\/fr\/wp-json\/wp\/v2\/categories?post=505763"},{"taxonomy":"post_tag","embeddable":true,"href":"https:\/\/www.europesays.com\/fr\/wp-json\/wp\/v2\/tags?post=505763"}],"curies":[{"name":"wp","href":"https:\/\/api.w.org\/{rel}","templated":true}]}}