{"id":505779,"date":"2025-11-02T01:41:18","date_gmt":"2025-11-02T01:41:18","guid":{"rendered":"https:\/\/www.europesays.com\/fr\/505779\/"},"modified":"2025-11-02T01:41:18","modified_gmt":"2025-11-02T01:41:18","slug":"les-forces-speciales-ukrainiennes-menent-une-operation-pour-repousser-des-troupes-russes-a-pokrovsk","status":"publish","type":"post","link":"https:\/\/www.europesays.com\/fr\/505779\/","title":{"rendered":"Les forces sp\u00e9ciales ukrainiennes m\u00e8nent une op\u00e9ration pour repousser des troupes russes \u00e0 Pokrovsk"},"content":{"rendered":"<p class=\"mb-4 text-lg md:leading-8 break-words\">L\u2019arm\u00e9e ukrainienne a indiqu\u00e9 samedi qu\u2019une op\u00e9ration impliquant des forces sp\u00e9ciales \u00e9tait en cours \u00e0 Pokrovsk, dans la r\u00e9gion de Donetsk, pour d\u00e9loger des soldats russes infiltr\u00e9s dans la ville. Cette offensive intervient alors que Moscou intensifie ses attaques sur le front est et ses frappes de missiles contre les infrastructures \u00e9nerg\u00e9tiques ukrainiennes.<\/p>\n<p class=\"mb-4 text-lg md:leading-8 break-words\">L&rsquo;arm\u00e9e ukrainienne a affirm\u00e9 samedi 1er novembre qu&rsquo;une op\u00e9ration \u00ab\u00a0complexe\u00a0\u00bb impliquant des forces sp\u00e9ciales \u00e9tait en cours pour <a href=\"https:\/\/www.france24.com\/fr\/vid\u00e9o\/20251028-ukraine-200-soldats-russes-infiltr\u00e9s-\u00e0-pokrovsk\" rel=\"nofollow noopener\" target=\"_blank\" data-ylk=\"slk:chasser les soldats russes infiltr\u00e9s dans la ville de Pokrovsk;elm:context_link;itc:0;sec:content-canvas\" class=\"link \">chasser les soldats russes infiltr\u00e9s dans la ville de Pokrovsk<\/a>, un bastion de la r\u00e9gion orientale de <a class=\"link \" href=\"https:\/\/www.france24.com\/fr\/tag\/donetsk\/\" rel=\"nofollow noopener\" target=\"_blank\" data-ylk=\"slk:Donetsk;elm:context_link;itc:0;sec:content-canvas\">Donetsk<\/a> subissant une pression croissante.<\/p>\n<p class=\"mb-4 text-lg md:leading-8 break-words\">En d\u00e9but de semaine, <a class=\"link \" href=\"https:\/\/www.france24.com\/fr\/tag\/kiev\/\" rel=\"nofollow noopener\" target=\"_blank\" data-ylk=\"slk:Kiev;elm:context_link;itc:0;sec:content-canvas\">Kiev<\/a> a reconnu qu&rsquo;au moins 200 soldats russes s&rsquo;\u00e9taient infiltr\u00e9s dans la cit\u00e9 et des observateurs militaires craignent qu&rsquo;elle ne tombe sous le contr\u00f4le de la <a class=\"link \" href=\"https:\/\/www.france24.com\/fr\/tag\/russie\/\" rel=\"nofollow noopener\" target=\"_blank\" data-ylk=\"slk:Russie;elm:context_link;itc:0;sec:content-canvas\">Russie<\/a>, apr\u00e8s avoir \u00e9t\u00e9 au coeur des combats pendant des mois.<\/p>\n<p class=\"mb-4 text-lg md:leading-8 break-words\">\u00ab\u00a0Une op\u00e9ration complexe se poursuit pour d\u00e9truire et chasser les forces ennemies de Pokrovsk\u00a0\u00bb, a affirm\u00e9 samedi le commandant en chef des forces arm\u00e9es ukrainiennes, Oleksandre Syrsky.<\/p>\n<p class=\"mb-4 text-lg md:leading-8 break-words\">\u00ab\u00a0Sur mon ordre, des groupes combin\u00e9s de forces d&rsquo;op\u00e9rations sp\u00e9ciales op\u00e8rent dans la ville\u00a0\u00bb, notamment des unit\u00e9s du service de s\u00e9curit\u00e9 (SBU) et du renseignement militaire (GUR), a-t-il ajout\u00e9.<\/p>\n<p class=\"mb-4 text-lg md:leading-8 break-words\">Selon lui, il s&rsquo;agit actuellement de la zone \u00ab\u00a0la plus difficile\u00a0\u00bb du front et un groupement russe \u00ab\u00a0de plusieurs milliers\u00a0\u00bb de soldats tente d&rsquo;infilter l&rsquo;agglom\u00e9ration de Pokrovsk-Myrnograd et d&rsquo;y couper les \u00ab\u00a0routes d&rsquo;approvisionnement\u00a0\u00bb ukrainiennes.<\/p>\n<p class=\"mb-4 text-lg md:leading-8 break-words\">\u00ab\u00a0Cependant, il n&rsquo;y a ni encerclement ni blocus de ces villes, nous mettons tout en \u0153uvre pour assurer la logistique\u00a0\u00bb, a assur\u00e9 Oleksandre Syrsky, pr\u00e9cisant que des renforts en unit\u00e9s et \u00e9quipements, dont des drones, allaient \u00eatre envoy\u00e9s dans la zone.<\/p>\n<p class=\"mb-4 text-lg md:leading-8 break-words\">Samedi matin, le minist\u00e8re russe de la D\u00e9fense a revendiqu\u00e9 avoir \u00ab\u00a0d\u00e9truit\u00a0\u00bb un groupe de 11 membres des forces sp\u00e9ciales du renseignement militaire ukrainien (GUR) d\u00e9ploy\u00e9s par h\u00e9licopt\u00e8re \u00e0 \u00ab\u00a0environ un kilom\u00e8tre\u00a0\u00bb au nord-ouest de Pokrovsk.<\/p>\n<p class=\"mb-4 text-lg md:leading-8 break-words\">Des sources militaires ukrainiennes anonymes, cit\u00e9es par plusieurs m\u00e9dias locaux, ont ensuite d\u00e9menti cette affirmation de Moscou.<\/p>\n<p class=\"mb-4 text-lg md:leading-8 break-words\">Des vid\u00e9os publi\u00e9es sur les r\u00e9seaux sociaux ont montr\u00e9 des vols d&rsquo;h\u00e9licopt\u00e8res au-dessus de Pokrovsk. Une autre suppos\u00e9e prise depuis un drone russe a montr\u00e9 des militaires courant dans un champ depuis un h\u00e9licopt\u00e8re qui s&rsquo;y \u00e9tait pos\u00e9.<\/p>\n<p class=\"mb-4 text-lg md:leading-8 break-words\">Comptant quelque 60 000 habitants avant le d\u00e9but de l&rsquo;invasion de l&rsquo;Ukraine par la Russie, Pokrovsk est aujourd&rsquo;hui une ville d\u00e9serte et largement d\u00e9truite dans les combats.<\/p>\n<p class=\"mb-4 text-lg md:leading-8 break-words\">Alors que les n\u00e9gociations de paix entre Kiev et Moscou sont au point mort, l&rsquo;arm\u00e9e russe, plus nombreuse, poursuit sans rel\u00e2che ses attaques sur le front et y gagne lentement du terrain, en d\u00e9pit de lourdes pertes.<\/p>\n<p class=\"mb-4 text-lg md:leading-8 break-words\">Ces derniers mois, elle utilise une tactique consistant \u00e0 infiltrer de petits groupes de soldats derri\u00e8re les d\u00e9fenses ukrainiennes en \u00e9vitant de former de grands groupes d&rsquo;assaut, particuli\u00e8rement expos\u00e9s aux frappes de drones.<\/p>\n<p>Les frappes nocturnes russes au plus haut en octobre depuis d\u00e9but 2023<\/p>\n<p class=\"mb-4 text-lg md:leading-8 break-words\">La Russie a tir\u00e9 plus de missiles sur l&rsquo;Ukraine en octobre que durant n&rsquo;importe quel autre mois depuis au moins d\u00e9but 2023, lors <a href=\"https:\/\/fr.news.yahoo.com\/ukraine-russie-bombarde-sites-%C3%A9nerg%C3%A9tiques-123040743.html\" data-ylk=\"slk:d&#039;attaques nocturnes visant en particulier le r\u00e9seau \u00e9nerg\u00e9tique;elm:context_link;itc:0;sec:content-canvas;outcm:mb_qualified_link;_E:mb_qualified_link;ct:story;\" class=\"link  yahoo-link\" target=\"_blank\" rel=\"noopener\">d&rsquo;attaques nocturnes visant en particulier le r\u00e9seau \u00e9nerg\u00e9tique<\/a>, selon une analyse de donn\u00e9es ukrainiennes r\u00e9alis\u00e9e par l&rsquo;AFP.<\/p>\n<p class=\"mb-4 text-lg md:leading-8 break-words\">Les forces russes ont lanc\u00e9 270 missiles sur le pays en octobre, soit une hausse de 46 % par rapport \u00e0 septembre, d&rsquo;apr\u00e8s une compilation des chiffres fournis chaque jour par l&rsquo;arm\u00e9e de l&rsquo;air ukrainienne.<\/p>\n<p class=\"mb-4 text-lg md:leading-8 break-words\">Il s&rsquo;agit du nombre de missiles lanc\u00e9s en un mois sur l&rsquo;Ukraine, lors de bombardements nocturnes, le plus \u00e9lev\u00e9 depuis que l&rsquo;arm\u00e9e de l&rsquo;air ukrainienne a commenc\u00e9, d\u00e9but 2023, \u00e0 publier ces comptes-rendus quotidiens.<\/p>\n<p class=\"mb-4 text-lg md:leading-8 break-words\">Les frappes russes ont plong\u00e9 des dizaines de milliers de personnes dans le noir. Moscou cible le r\u00e9seau \u00e9lectrique ukrainien pour le quatri\u00e8me hiver cons\u00e9cutif, dans le cadre d&rsquo;une strat\u00e9gie visant \u00e0 affaiblir la population civile ukrainienne, selon Kiev. et ses soutiens.<\/p>\n<p class=\"mb-4 text-lg md:leading-8 break-words\">\u00c0 voir aussi<a class=\"link \" href=\"https:\/\/www.france24.com\/fr\/\u00e9missions\/reporters\/20251031-au-mont-athos-soigner-les-\u00e2mes-bris\u00e9es-du-conflit-ukrainien\" rel=\"nofollow noopener\" target=\"_blank\" data-ylk=\"slk:Au mont Athos, soigner les \u00e2mes bris\u00e9es du conflit ukrainien;elm:context_link;itc:0;sec:content-canvas\">Au mont Athos, soigner les \u00e2mes bris\u00e9es du conflit ukrainien<\/a><\/p>\n<p class=\"mb-4 text-lg md:leading-8 break-words\">En octobre, le pr\u00e9sident ukrainien <a class=\"link \" href=\"https:\/\/www.france24.com\/fr\/tag\/volodymyr-zelensky\/\" rel=\"nofollow noopener\" target=\"_blank\" data-ylk=\"slk:Volodymyr Zelensky;elm:context_link;itc:0;sec:content-canvas\">Volodymyr Zelensky<\/a> a accus\u00e9 la Russie de vouloir semer \u00ab\u00a0le chaos\u00a0\u00bb et exercer \u00ab\u00a0une pression psychologique\u00a0\u00bb en frappant si intens\u00e9ment le r\u00e9seau \u00e9lectrique du pays.<\/p>\n<p class=\"mb-4 text-lg md:leading-8 break-words\">Comme les hivers pr\u00e9c\u00e9dents, des coupures de courant tournantes ont \u00e9t\u00e9 mises en place dans toutes les r\u00e9gions du pays, y compris \u00e0 Kiev, durant tout le mois d&rsquo;octobre afin de pallier les p\u00e9nuries d&rsquo;\u00e9lectricit\u00e9.<\/p>\n<p class=\"mb-4 text-lg md:leading-8 break-words\">En 2024, la Cour p\u00e9nale internationale (CPI) de La Haye a\u00a0<a href=\"https:\/\/www.france24.com\/fr\/europe\/20240305-guerre-en-ukraine-la-justice-internationale-\u00e9met-des-mandats-d-arr\u00eat-contre-deux-officiers-russes\" rel=\"nofollow noopener\" target=\"_blank\" data-ylk=\"slk:\u00e9mis des mandats d&#039;arr\u00eat contre de hauts responsables de l&#039;arm\u00e9e russe;elm:context_link;itc:0;sec:content-canvas\" class=\"link \">\u00e9mis des mandats d&rsquo;arr\u00eat contre de hauts responsables de l&rsquo;arm\u00e9e russe<\/a> pour des crimes de guerre et crime contre l&rsquo;humanit\u00e9 pr\u00e9sum\u00e9s en\u00a0Ukraine, notamment les frappes de missiles men\u00e9es contre les infrastructures \u00e9lectriques ukrainiennes.<\/p>\n<p class=\"mb-4 text-lg md:leading-8 break-words\">En octobre, la Russie a \u00e9galement envoy\u00e9, lors de ses bombardements nocturnes, 5 298 drones \u00e0 longue port\u00e9e sur l&rsquo;Ukraine, selon les donn\u00e9es de l&rsquo;arm\u00e9e de l&rsquo;air ukrainienne \u2013 un chiffre en baisse d&rsquo;environ 6\u00a0% par rapport \u00e0 septembre, mais toujours proche des records.<\/p>\n<p class=\"mb-4 text-lg md:leading-8 break-words\">En repr\u00e9sailles, Kiev a men\u00e9 des frappes contre des d\u00e9p\u00f4ts p\u00e9troliers et des raffineries russes, pour tenter de tarir la rente des hydrocarbures qui finance l&rsquo;effort de guerre du Kremlin.<\/p>\n<p class=\"mb-4 text-lg md:leading-8 break-words\">Ces frappes ont notamment entra\u00een\u00e9 ces derniers mois une hausse du prix du carburant en Russie.<\/p>\n<p class=\"mb-4 text-lg md:leading-8 break-words\">Avec AFP<\/p>\n","protected":false},"excerpt":{"rendered":"L\u2019arm\u00e9e ukrainienne a indiqu\u00e9 samedi qu\u2019une op\u00e9ration impliquant des forces sp\u00e9ciales \u00e9tait en cours \u00e0 Pokrovsk, dans la&hellip;\n","protected":false},"author":2,"featured_media":505780,"comment_status":"","ping_status":"","sticky":false,"template":"","format":"standard","meta":{"footnotes":""},"categories":[1591],"tags":[11,1887,18720,566,62720,12,62389,1885,1886,132,12680],"class_list":{"0":"post-505779","1":"post","2":"type-post","3":"status-publish","4":"format-standard","5":"has-post-thumbnail","7":"category-russie","8":"tag-actualites","9":"tag-federation-de-russie","10":"tag-forces","11":"tag-forces-speciales","12":"tag-larmee-de-lair-2","13":"tag-news","14":"tag-pokrovsk","15":"tag-russia","16":"tag-russian-federation","17":"tag-russie","18":"tag-service-de-securite"},"share_on_mastodon":{"url":"https:\/\/pubeurope.com\/@fr\/115477563743517564","error":""},"_links":{"self":[{"href":"https:\/\/www.europesays.com\/fr\/wp-json\/wp\/v2\/posts\/505779","targetHints":{"allow":["GET"]}}],"collection":[{"href":"https:\/\/www.europesays.com\/fr\/wp-json\/wp\/v2\/posts"}],"about":[{"href":"https:\/\/www.europesays.com\/fr\/wp-json\/wp\/v2\/types\/post"}],"author":[{"embeddable":true,"href":"https:\/\/www.europesays.com\/fr\/wp-json\/wp\/v2\/users\/2"}],"replies":[{"embeddable":true,"href":"https:\/\/www.europesays.com\/fr\/wp-json\/wp\/v2\/comments?post=505779"}],"version-history":[{"count":0,"href":"https:\/\/www.europesays.com\/fr\/wp-json\/wp\/v2\/posts\/505779\/revisions"}],"wp:featuredmedia":[{"embeddable":true,"href":"https:\/\/www.europesays.com\/fr\/wp-json\/wp\/v2\/media\/505780"}],"wp:attachment":[{"href":"https:\/\/www.europesays.com\/fr\/wp-json\/wp\/v2\/media?parent=505779"}],"wp:term":[{"taxonomy":"category","embeddable":true,"href":"https:\/\/www.europesays.com\/fr\/wp-json\/wp\/v2\/categories?post=505779"},{"taxonomy":"post_tag","embeddable":true,"href":"https:\/\/www.europesays.com\/fr\/wp-json\/wp\/v2\/tags?post=505779"}],"curies":[{"name":"wp","href":"https:\/\/api.w.org\/{rel}","templated":true}]}}