{"id":50578,"date":"2025-04-25T01:32:13","date_gmt":"2025-04-25T01:32:13","guid":{"rendered":"https:\/\/www.europesays.com\/fr\/50578\/"},"modified":"2025-04-25T01:32:13","modified_gmt":"2025-04-25T01:32:13","slug":"quand-demba-bamba-etait-puni-de-rugby","status":"publish","type":"post","link":"https:\/\/www.europesays.com\/fr\/50578\/","title":{"rendered":"Quand Demba Bamba \u00e9tait puni de rugby"},"content":{"rendered":"<p>            Par<br \/>\n        <strong><br \/>\n            <a href=\"https:\/\/actu.fr\/auteur\/nicolas-dendri-actu-fr\" title=\"Consulter tous les articles de Nicolas Dendri\" target=\"_blank\" rel=\"noopener\">Nicolas Dendri<\/a><br \/>\n        <\/strong><\/p>\n<p>        Publi\u00e9 le<\/p>\n<p>            24 avr. 2025 \u00e0 17h51        <\/p>\n<p>Apr\u00e8s neuf mois de convalescence suite \u00e0 sa blessure au genou,<strong> Demba Bamba<\/strong> a fait son retour sur les terrains du Top 14. Arriv\u00e9 en septembre dernier en provenance de Lyon, le pilier aux <strong>28 s\u00e9lections<\/strong> avec le <strong>XV de France<\/strong> a pu se relancer avec son nouveau club du <a href=\"https:\/\/actu.fr\/rugby\/equipe\/racing-92_64dd31517b8c09c4fec880ce\/\" target=\"_blank\" rel=\"noopener\">Racing 92<\/a>. Un retour aux sources pour le rugbyman originaire de Saint-Denis qui a racont\u00e9 \u00e0 <a href=\"https:\/\/actu.fr\/rugby\/\" target=\"_blank\" rel=\"noopener\">Actu Rugby<\/a> quelques <strong>souvenirs de jeunesse<\/strong>.<\/p>\n<p>Demba Bamba et son retour en \u00cele-de-France<\/p>\n<p class=\" wall-content\">Apr\u00e8s avoir quitt\u00e9 l\u2019\u00cele-de-France en 2014 \u00e0 l\u2019\u00e2ge de 16 ans, Demba Bamba a fait le choix d\u2019un retour dans sa r\u00e9gion d\u2019origine. Proche de sa famille et de ses amis, le Francilien est revenu sur sa relation avec l\u2019\u00e9cole apr\u00e8s avoir d\u00e9but\u00e9 le rugby.\u00a0 \u00ab\u00a0J\u2019\u00e9tais un bon \u00e9l\u00e8ve mais je m\u2019ennuyais beaucoup\u00a0\u00bb, nous a confi\u00e9 le nouveau joueur du Racing 92.<\/p>\n<p class=\" wall-content\">Passionn\u00e9 par le sport depuis l\u2019\u00e2ge de <strong>8 ans<\/strong>, le petit Demba avait d\u00e9j\u00e0 trac\u00e9 son avenir. \u00ab\u00a0J\u2019ai su rapidement que j\u2019allais vouloir devenir un sportif professionnel. \u00c0 la sortie du coll\u00e8ge, je me pr\u00e9parais d\u00e9j\u00e0 \u00e0 faire un cursus en sport-\u00e9tude avant de chercher mon orientation scolaire\u00a0\u00bb, s\u2019est rappel\u00e9 le pilier international lors de <a href=\"https:\/\/actu.fr\/ile-de-france\/le-plessis-robinson_92060\/racing-92-monsieur-100-imposteur-deux-operations-du-genou-en-4-mois-les-confessions-de-demba-bamba_62529166.html\" target=\"_blank\" rel=\"noopener\">l\u2019entretien qu\u2019il nous a accord\u00e9<\/a>.<\/p>\n<p>Demba Bamba et sa punition \u00e0 l\u2019\u00e9cole\u00a0<\/p>\n<p class=\" wall-content\">Face \u00e0 l\u2019ennui dans le milieu scolaire, le jeune adolescent a trouv\u00e9 une alternative pour combler ce sentiment. \u00ab\u00a0<strong>J\u2019essayais d\u2019amuser les camarades\u00a0\u00bb, <\/strong>s\u2019est-il souvenu. Avec la passion d\u00e9bordante pour le sport du jeune Demba Bamba, la punition \u00e9tait toute trouv\u00e9e : \u00a0<\/p>\n<blockquote class=\"ac-article-quote wall-content\">\n<p>\u00ab\u00a0Les profs avaient compris \u00e7a. Du coup, ils appelaient directement mes \u00e9ducateurs sportifs pour leur dire : Demba il ne s&rsquo;entra\u00eenera pas cette semaine parce qu&rsquo;il a perturb\u00e9 l&rsquo;\u00e9cole.\u00a0\u00bb<\/p>\n<p>    <strong>Demba Bamba<\/strong><br \/>\n        Pilier du Racing 92     <\/p><\/blockquote>\n<p class=\" wall-content\">Des punitions qui n\u2019ont pas emp\u00each\u00e9 le pilier de devenir rugbyman professionnel. L\u2019homme originaire de Seine-Saint-Denis a m\u00eame d\u00e9croch\u00e9 un titre de <strong>champion du monde avec l\u2019\u00e9quipe de France des moins de 20 ans<\/strong> en 2018 et amass\u00e9 28 s\u00e9lections avec le XV de France jusqu\u2019\u00e0 maintenant.\u00a0<\/p>\n<p class=\" wall-content\">Suivez toute l\u2019actualit\u00e9 de vos villes et m\u00e9dias favoris en vous inscrivant \u00e0 <a href=\"https:\/\/moncompte.actu.fr\" title=\"D\u00e9couvez Mon Actu\" rel=\"nofollow noopener\" data-trk=\"{&quot;cta&quot;:{&quot;action&quot;:&quot;https:\\\/\\\/moncompte.actu.fr&quot;,&quot;category&quot;:&quot;mon compte&quot;,&quot;from&quot;:&quot;article footer&quot;,&quot;name&quot;:&quot;Mon actu&quot;,&quot;type&quot;:&quot;cta&quot;}}\" target=\"_blank\">Mon Actu<\/a>.<\/p>\n","protected":false},"excerpt":{"rendered":"Par Nicolas Dendri Publi\u00e9 le 24 avr. 2025 \u00e0 17h51 Apr\u00e8s neuf mois de convalescence suite \u00e0 sa&hellip;\n","protected":false},"author":2,"featured_media":50579,"comment_status":"","ping_status":"","sticky":false,"template":"","format":"standard","meta":{"footnotes":""},"categories":[1416],"tags":[13238,1011,27,5421,479,1468,60,478],"class_list":{"0":"post-50578","1":"post","2":"type-post","3":"status-publish","4":"format-standard","5":"has-post-thumbnail","7":"category-rugby","8":"tag-demba-bamba","9":"tag-fr","10":"tag-france","11":"tag-racing-92","12":"tag-rugby","13":"tag-rugby-football","14":"tag-sports","15":"tag-top-14"},"share_on_mastodon":{"url":"https:\/\/pubeurope.com\/@fr\/114396026835436095","error":""},"_links":{"self":[{"href":"https:\/\/www.europesays.com\/fr\/wp-json\/wp\/v2\/posts\/50578","targetHints":{"allow":["GET"]}}],"collection":[{"href":"https:\/\/www.europesays.com\/fr\/wp-json\/wp\/v2\/posts"}],"about":[{"href":"https:\/\/www.europesays.com\/fr\/wp-json\/wp\/v2\/types\/post"}],"author":[{"embeddable":true,"href":"https:\/\/www.europesays.com\/fr\/wp-json\/wp\/v2\/users\/2"}],"replies":[{"embeddable":true,"href":"https:\/\/www.europesays.com\/fr\/wp-json\/wp\/v2\/comments?post=50578"}],"version-history":[{"count":0,"href":"https:\/\/www.europesays.com\/fr\/wp-json\/wp\/v2\/posts\/50578\/revisions"}],"wp:featuredmedia":[{"embeddable":true,"href":"https:\/\/www.europesays.com\/fr\/wp-json\/wp\/v2\/media\/50579"}],"wp:attachment":[{"href":"https:\/\/www.europesays.com\/fr\/wp-json\/wp\/v2\/media?parent=50578"}],"wp:term":[{"taxonomy":"category","embeddable":true,"href":"https:\/\/www.europesays.com\/fr\/wp-json\/wp\/v2\/categories?post=50578"},{"taxonomy":"post_tag","embeddable":true,"href":"https:\/\/www.europesays.com\/fr\/wp-json\/wp\/v2\/tags?post=50578"}],"curies":[{"name":"wp","href":"https:\/\/api.w.org\/{rel}","templated":true}]}}