{"id":505783,"date":"2025-11-02T01:43:26","date_gmt":"2025-11-02T01:43:26","guid":{"rendered":"https:\/\/www.europesays.com\/fr\/505783\/"},"modified":"2025-11-02T01:43:26","modified_gmt":"2025-11-02T01:43:26","slug":"la-maison-blanche-restreint-lacces-des-journalistes-a-son-bureau-de-presse-2","status":"publish","type":"post","link":"https:\/\/www.europesays.com\/fr\/505783\/","title":{"rendered":"la Maison Blanche restreint l&rsquo;acc\u00e8s des journalistes \u00e0 son bureau de presse"},"content":{"rendered":"\n<p class=\"c-chapo \">\n  Cette annonce intervient deux semaines apr\u00e8s que le Pentagone a impos\u00e9 aux journalistes accr\u00e9dit\u00e9s de ne pas publier certaines informations sans autorisation explicite du minist\u00e8re.\n<\/p>\n<p>      lire plus tard<\/p>\n<p id=\"dialog__title\" class=\"dialog__title\">Pour sauvegarder cet article, connectez-vous ou cr\u00e9ez un compte franceinfo<\/p>\n<p class=\"dialog__description\">Sans paiement. Sans abonnement.<\/p>\n<p>        Fermer la fen\u00eatre d\u2019activation des notifications France Info<\/p>\n<p>      cr\u00e9er votre compte<\/p>\n<p>      se connecter<\/p>\n<p>        Fermer la fen\u00eatre de pr\u00e9sentation<\/p>\n<p>    <img loading=\"lazy\" decoding=\"async\" class=\"signature__image lazyload\" width=\"100\" height=\"100\" data- alt=\"\" src=\"https:\/\/www.europesays.com\/fr\/wp-content\/uploads\/2025\/05\/64a68815cd1a7_placeholder-36b69ec8.png\"\/><\/p>\n<p>    Publi\u00e9 le 01\/11\/2025 09:00<\/p>\n<p>      Mis \u00e0 jour le 01\/11\/2025 11:06<\/p>\n<p>        Temps de lecture : 1min<\/p>\n<p>    <img decoding=\"async\"  alt=\"La Maison Blanche, \u00e0 Washington, aux Etats-Unis, le 25 octobre 2025. (SAUL LOEB \/ AFP)\" width=\"432\" height=\"243\" src=\"https:\/\/www.europesays.com\/fr\/wp-content\/uploads\/2025\/11\/000-79zq2ph-6905bdd85fdc6864704057.jpg\" fetchpriority=\"high\"\/><\/p>\n<p>      La Maison Blanche, \u00e0 Washington, aux Etats-Unis, le 25 octobre 2025. (SAUL LOEB \/ AFP)<\/p>\n<p>Nouvel \u00e9pisode dans les tensions entre les m\u00e9dias et l&rsquo;administration de Donald Trump. La Maison Blanche a annonc\u00e9, vendredi 31 octobre, restreindre l&rsquo;acc\u00e8s des journalistes \u00e0 une partie de son bureau de presse afin de mieux prot\u00e9ger des \u00ab\u00a0informations sensibles\u00a0\u00bb. Jusqu&rsquo;\u00e0 pr\u00e9sent, ils pouvaient librement se rendre dans deux espaces o\u00f9 travaillent les salari\u00e9s du service de presse de la Maison Blanche afin de demander des informations ou des r\u00e9actions.<\/p>\n<p>L&rsquo;acc\u00e8s des journalistes au premier espace (\u00ab\u00a0upper press\u00a0\u00bb), situ\u00e9 pr\u00e8s du Bureau ovale et qui accueille le bureau de la porte-parole Karoline Leavitt et les autres responsables du service de presse, est d\u00e9sormais conditionn\u00e9 \u00e0 l&rsquo;obtention pr\u00e9alable d&rsquo;un rendez-vous. Une seconde partie (\u00ab\u00a0lower press\u00a0\u00bb), l\u00e0 o\u00f9 travaillent les autres attach\u00e9s de presse, situ\u00e9e pr\u00e8s de la salle de conf\u00e9rence de presse, est toujours librement accessible aux reporters, pr\u00e9cise la note de la Maison Blanche.<\/p>\n<blockquote class=\"ftvi_content_quote\">\n<p class=\"ftvi_citation_quote\">\u00ab\u00a0Certains reporters ont \u00e9t\u00e9 surpris en train d&rsquo;enregistrer secr\u00e8tement des vid\u00e9os ou du son dans nos bureaux et ont pris des photos d&rsquo;informations sensibles, sans permission.\u00a0\u00bb<\/p>\n<p>Steven Cheung, directeur de la communication de la Maison Blanche<\/p>\n<p class=\"ftvi_citation_source\">sur X<\/p>\n<\/blockquote>\n<p>D&rsquo;apr\u00e8s lui, des journalistes se \u00ab\u00a0baladent\u00a0\u00bb aussi dans des lieux \u00e0 acc\u00e8s restreint ou d&rsquo;autres auraient \u00e9cout\u00e9 aux portes de r\u00e9unions.<\/p>\n<p>Cette annonce intervient deux semaines apr\u00e8s que le minist\u00e8re am\u00e9ricain de la D\u00e9fense a impos\u00e9 aux journalistes accr\u00e9dit\u00e9s de ne pas publier certaines informations sans autorisation explicite du minist\u00e8re. La majorit\u00e9 des m\u00e9dias disposant d&rsquo;un reporter sur place, du New York Times \u00e0 Fox News en passant par l&rsquo;AFP, ont refus\u00e9 ces nouvelles conditions et leurs journalistes ont ainsi quitt\u00e9 leur bureau au sein du Pentagone.<\/p>\n<p>Donald Trump, qui d\u00e9crivait les m\u00e9dias traditionnels comme des \u00ab\u00a0ennemis du peuple\u00a0\u00bb lors de son premier mandat, <a href=\"https:\/\/www.franceinfo.fr\/monde\/usa\/presidentielle\/donald-trump\/eviction-de-jimmy-kimmel-fin-du-late-show-plaintes-en-serie-donald-trump-met-les-medias-americains-sous-pression_7499497.html\" rel=\"nofollow noopener\" target=\"_blank\">s&rsquo;en prend r\u00e9guli\u00e8rement \u00e0 des journalistes<\/a> critiques envers son administration et a lanc\u00e9 plusieurs poursuites judiciaires.<\/p>\n","protected":false},"excerpt":{"rendered":"Cette annonce intervient deux semaines apr\u00e8s que le Pentagone a impos\u00e9 aux journalistes accr\u00e9dit\u00e9s de ne pas publier&hellip;\n","protected":false},"author":2,"featured_media":505784,"comment_status":"","ping_status":"","sticky":false,"template":"","format":"standard","meta":{"footnotes":""},"categories":[1589],"tags":[11,73,1866,12,1864,1865,1863,308],"class_list":{"0":"post-505783","1":"post","2":"type-post","3":"status-publish","4":"format-standard","5":"has-post-thumbnail","7":"category-etats-unis","8":"tag-actualites","9":"tag-etats-unis","10":"tag-etats-unis-damerique","11":"tag-news","12":"tag-united-states","13":"tag-united-states-of-america","14":"tag-us","15":"tag-usa"},"share_on_mastodon":{"url":"https:\/\/pubeurope.com\/@fr\/115477571931309829","error":""},"_links":{"self":[{"href":"https:\/\/www.europesays.com\/fr\/wp-json\/wp\/v2\/posts\/505783","targetHints":{"allow":["GET"]}}],"collection":[{"href":"https:\/\/www.europesays.com\/fr\/wp-json\/wp\/v2\/posts"}],"about":[{"href":"https:\/\/www.europesays.com\/fr\/wp-json\/wp\/v2\/types\/post"}],"author":[{"embeddable":true,"href":"https:\/\/www.europesays.com\/fr\/wp-json\/wp\/v2\/users\/2"}],"replies":[{"embeddable":true,"href":"https:\/\/www.europesays.com\/fr\/wp-json\/wp\/v2\/comments?post=505783"}],"version-history":[{"count":0,"href":"https:\/\/www.europesays.com\/fr\/wp-json\/wp\/v2\/posts\/505783\/revisions"}],"wp:featuredmedia":[{"embeddable":true,"href":"https:\/\/www.europesays.com\/fr\/wp-json\/wp\/v2\/media\/505784"}],"wp:attachment":[{"href":"https:\/\/www.europesays.com\/fr\/wp-json\/wp\/v2\/media?parent=505783"}],"wp:term":[{"taxonomy":"category","embeddable":true,"href":"https:\/\/www.europesays.com\/fr\/wp-json\/wp\/v2\/categories?post=505783"},{"taxonomy":"post_tag","embeddable":true,"href":"https:\/\/www.europesays.com\/fr\/wp-json\/wp\/v2\/tags?post=505783"}],"curies":[{"name":"wp","href":"https:\/\/api.w.org\/{rel}","templated":true}]}}