{"id":505789,"date":"2025-11-02T01:46:17","date_gmt":"2025-11-02T01:46:17","guid":{"rendered":"https:\/\/www.europesays.com\/fr\/505789\/"},"modified":"2025-11-02T01:46:17","modified_gmt":"2025-11-02T01:46:17","slug":"leurope-de-lest-nexiste-pas-darthur-kenigsberg","status":"publish","type":"post","link":"https:\/\/www.europesays.com\/fr\/505789\/","title":{"rendered":"\u00abL&rsquo;Europe de l&rsquo;Est n&rsquo;existe pas\u00bb d&rsquo;Arthur Kenigsberg"},"content":{"rendered":"<p class=\"t-content__chapo\">\n                                                C&rsquo;est un ouvrage qui remet en cause bon nombre de clich\u00e9s sur les pays situ\u00e9s \u00e0 l&rsquo;est du continent europ\u00e9en. La Pologne, la Roumanie, les pays Baltes, ou encore la Hongrie et la Bulgarie sont en premi\u00e8re ligne face \u00e0 la menace russe depuis l&rsquo;invasion de l&rsquo;Ukraine, mais le regard que portent sur eux les d\u00e9cideurs europ\u00e9ens, en particulier en France, est encore marqu\u00e9 par la guerre froide et une vision binaire du Vieux-Continent. Et ce sont ces erreurs et c&rsquo;est a priori g\u00e9o-strat\u00e9gique que remet en cause le politologue Arthur Kenigsberg,\u00a0                    <\/p>\n<p><img decoding=\"async\" fetchpriority=\"low\" src=\"https:\/\/www.europesays.com\/fr\/wp-content\/uploads\/2025\/11\/Sans-titre-25.png\"   width=\"1024\" height=\"576\" alt=\"\u00ab\u00a0L'Europe n'existe pas. Ces pays oubli\u00e9s o\u00f9 se joue notre anniversaire\u00a0\u00bb d'Arthur Kenigsberg.\" loading=\"eager\" class=\"a-img \"\/><\/p>\n<p>                \u00ab\u00a0L&rsquo;Europe n&rsquo;existe pas. Ces pays oubli\u00e9s o\u00f9 se joue notre anniversaire\u00a0\u00bb d&rsquo;Arthur Kenigsberg.                \u00a9 \u00c9ditions Eyrolles            <\/p>\n<p class=\"a-read-more\">\u00c0 lire aussi<a target=\"_self\" href=\"https:\/\/www.rfi.fr\/fr\/europe\/20250915-otan-les-drones-en-pologne-et-en-roumanie-reposent-la-question-de-la-strat\u00e9gie-d\u00e9fensive-de-l-alliance\" class=\"a-read-more__link\" rel=\"nofollow noopener\">Otan: les drones en Pologne et en Roumanie reposent la question de la strat\u00e9gie d\u00e9fensive de l&rsquo;Alliance<\/a><\/p>\n","protected":false},"excerpt":{"rendered":"C&rsquo;est un ouvrage qui remet en cause bon nombre de clich\u00e9s sur les pays situ\u00e9s \u00e0 l&rsquo;est du&hellip;\n","protected":false},"author":2,"featured_media":505790,"comment_status":"","ping_status":"","sticky":false,"template":"","format":"standard","meta":{"footnotes":""},"categories":[1586],"tags":[11,9043,1777,674,1011,27,804,3258,12,2437,25,4868],"class_list":{"0":"post-505789","1":"post","2":"type-post","3":"status-publish","4":"format-standard","5":"has-post-thumbnail","7":"category-europe","8":"tag-actualites","9":"tag-bulgarie","10":"tag-eu","11":"tag-europe","12":"tag-fr","13":"tag-france","14":"tag-hongrie","15":"tag-livre-international","16":"tag-news","17":"tag-pologne","18":"tag-republique-francaise","19":"tag-roumanie"},"share_on_mastodon":{"url":"https:\/\/pubeurope.com\/@fr\/115477584410073303","error":""},"_links":{"self":[{"href":"https:\/\/www.europesays.com\/fr\/wp-json\/wp\/v2\/posts\/505789","targetHints":{"allow":["GET"]}}],"collection":[{"href":"https:\/\/www.europesays.com\/fr\/wp-json\/wp\/v2\/posts"}],"about":[{"href":"https:\/\/www.europesays.com\/fr\/wp-json\/wp\/v2\/types\/post"}],"author":[{"embeddable":true,"href":"https:\/\/www.europesays.com\/fr\/wp-json\/wp\/v2\/users\/2"}],"replies":[{"embeddable":true,"href":"https:\/\/www.europesays.com\/fr\/wp-json\/wp\/v2\/comments?post=505789"}],"version-history":[{"count":0,"href":"https:\/\/www.europesays.com\/fr\/wp-json\/wp\/v2\/posts\/505789\/revisions"}],"wp:featuredmedia":[{"embeddable":true,"href":"https:\/\/www.europesays.com\/fr\/wp-json\/wp\/v2\/media\/505790"}],"wp:attachment":[{"href":"https:\/\/www.europesays.com\/fr\/wp-json\/wp\/v2\/media?parent=505789"}],"wp:term":[{"taxonomy":"category","embeddable":true,"href":"https:\/\/www.europesays.com\/fr\/wp-json\/wp\/v2\/categories?post=505789"},{"taxonomy":"post_tag","embeddable":true,"href":"https:\/\/www.europesays.com\/fr\/wp-json\/wp\/v2\/tags?post=505789"}],"curies":[{"name":"wp","href":"https:\/\/api.w.org\/{rel}","templated":true}]}}