{"id":505795,"date":"2025-11-02T01:49:14","date_gmt":"2025-11-02T01:49:14","guid":{"rendered":"https:\/\/www.europesays.com\/fr\/505795\/"},"modified":"2025-11-02T01:49:14","modified_gmt":"2025-11-02T01:49:14","slug":"porte-par-un-mbappe-en-etat-de-grace-le-real-madrid-balaye-valence-et-senvole-en-tete","status":"publish","type":"post","link":"https:\/\/www.europesays.com\/fr\/505795\/","title":{"rendered":"port\u00e9 par un Mbapp\u00e9 en \u00e9tat de gr\u00e2ce, le Real Madrid balaye Valence et s\u2019envole en t\u00eate"},"content":{"rendered":"<p>\n    Samedi soir dans son antre du Santiago Bernab\u00e9u, le Real a facilement domin\u00e9 une pi\u00e8tre \u00e9quipe de Valence (4-0), dans le cadre de la 11e journ\u00e9e de Liga. Kylian Mbapp\u00e9 a de nouveau inscrit un doubl\u00e9 et \u00e9crit une nouvelle page de sa l\u00e9gende.<\/p>\n<p class=\"fig-paragraph\">Une promenade de sant\u00e9. Apr\u00e8s avoir tap\u00e9 du poing sur la table dimanche dernier en remportant le\u00a0<a href=\"http:\/\/www.lefigaro.fr\/sports\/football\/espagne\/real-madrid-fc-barcelone-bellingham-le-maestro-mbappe-en-patron-lamine-yamal-inexistant-les-tops-et-flops-20251026\" data-fig-type=\"NewsFlash\" data-gtm-custom-categorie=\"navigation\" data-gtm-custom-action=\"crossclick\" data-gtm-custom-label=\"Contextuel\" data-gtm-event=\"customEventSPE\" data-fig-domain=\"LEFIGARO\" target=\"_blank\" rel=\"noopener\">Clasico face au Bar\u00e7a<\/a>\u00a0(2-1), les Merengue avaient l\u2019occasion samedi soir de rel\u00e9guer les Catalans \u00e0 8 points. C\u2019est chose faite, et de belle mani\u00e8re. Les joueurs de\u00a0<a href=\"http:\/\/www.lefigaro.fr\/sports\/football\/espagne\/liga-l-affaire-vinicius-est-close-assure-xabi-alonso-20251031\" data-fig-type=\"NewsFlash\" data-gtm-custom-categorie=\"navigation\" data-gtm-custom-action=\"crossclick\" data-gtm-custom-label=\"Contextuel\" data-gtm-event=\"customEventSPE\" data-fig-domain=\"LEFIGARO\" target=\"_blank\" rel=\"noopener\">Xabi Alonso<\/a>\u00a0ont tout simplement \u00e9trill\u00e9 une pauvre \u00e9quipe valencienne, qui faisait plus de peine \u00e0 voir qu\u2019autre chose (<a href=\"https:\/\/www.lefigaro.fr\/sports\/football\/live\/liga\/2025\/2572042\/real-madrid-valence\" data-fig-type=\"Live\" data-gtm-custom-categorie=\"navigation\" data-gtm-custom-action=\"crossclick\" data-gtm-custom-label=\"Contextuel\" data-gtm-event=\"customEventSPE\" data-fig-domain=\"LEFIGARO\" target=\"_blank\" rel=\"noopener\">4-0<\/a>). Kylian Mbapp\u00e9 a de nouveau \u00e9t\u00e9 \u00e9tincelant.<\/p>\n<p>Mbapp\u00e9 insatiable et un peu plus dans l\u2019histoire<\/p>\n<p class=\"fig-paragraph\">Sur son nuage apr\u00e8s avoir glan\u00e9 le convoit\u00e9 troph\u00e9e du\u00a0<a href=\"http:\/\/www.lefigaro.fr\/sports\/football\/espagne\/liga-c-est-un-moment-important-pour-moi-mbappe-a-recu-son-premier-soulier-d-or-europeen-20251031\" data-fig-type=\"NewsFlash\" data-gtm-custom-categorie=\"navigation\" data-gtm-custom-action=\"crossclick\" data-gtm-custom-label=\"Contextuel\" data-gtm-event=\"customEventSPE\" data-fig-domain=\"LEFIGARO\" target=\"_blank\" rel=\"noopener\">Soulier d\u2019or vendredi dernier<\/a>\u00a0&#8211; f\u00eat\u00e9 par l\u2019ensemble du club madril\u00e8ne pour ses 31 buts en 34 matches lors de l\u2019exercice pr\u00e9c\u00e9dent &#8211; , le capitaine de l\u2019\u00e9quipe de France est toujours aussi inarr\u00eatable et insatiable cette saison. L\u2019avant-centre du Real a mis moins de 20 minutes avant d\u2019ouvrir le score, sur penalty (19e). Avide de ballons, le num\u00e9ro 10 merengue s\u2019en est all\u00e9 de son doubl\u00e9 quelques minutes plus tard, en reprenant instantan\u00e9ment le cuir du gauche sur un centre millim\u00e9tr\u00e9 de son comp\u00e8re Arda G\u00fcler (31e). La 18e r\u00e9alisation (d\u00e9j\u00e0) de la saison pour l\u2019ancien du\u00a0<a href=\"http:\/\/www.lefigaro.fr\/sports\/football\/ligue-1\/psg-nice-ramos-en-supersub-une-marseillaise-tres-classe-haise-la-peur-au-ventre-coups-de-coeur-et-coups-de-griffe-20251101\" data-fig-type=\"NewsFlash\" data-gtm-custom-categorie=\"navigation\" data-gtm-custom-action=\"crossclick\" data-gtm-custom-label=\"Contextuel\" data-gtm-event=\"customEventSPE\" data-fig-domain=\"LEFIGARO\" target=\"_blank\" rel=\"noopener\">Paris SG\u00a0<\/a>qui cumule l\u2019effarant total de&#8230; 44 buts en 45 rencontres de championnat d\u2019Espagne depuis son arriv\u00e9e \u00e0 Madrid lors de l\u2019\u00e9t\u00e9 2024.<\/p>\n<p class=\"fig-body-link\">\n            \u00c0 lire aussi<br \/>\n        <a class=\"fig-body-link__link\" href=\"http:\/\/www.lefigaro.fr\/sports\/football\/espagne\/liga-c-est-un-moment-important-pour-moi-mbappe-a-recu-son-premier-soulier-d-or-europeen-20251031\" data-fig-type=\"NewsFlash\" data-gtm-custom-categorie=\"navigation\" data-gtm-custom-action=\"crossclick\" data-gtm-custom-label=\"Contextuel\" data-gtm-event=\"customEventSPE\" data-fig-domain=\"LEFIGARO\" target=\"_blank\" rel=\"noopener\"><\/p>\n<p>        Liga\u00a0: \u00abC\u2019est un moment important pour moi\u00bb, Mbapp\u00e9 a re\u00e7u son premier Soulier d&rsquo;Or europ\u00e9en<br \/>\n    <\/a>\n<\/p>\n<p>                                    <a class=\"fig-a11y-skip a11y-hidden\" href=\"#fig-a11y-skip-main-inarticle\"><br \/>\n        Passer la publicit\u00e9<br \/>\n    <\/a><\/p>\n<p class=\"fig-paragraph\">En \u00e9tat de gr\u00e2ce, Mbapp\u00e9 &#8211; qui est par ailleurs devenu le 3e meilleur buteur fran\u00e7ais de l\u2019histoire des 5 grands championnats europ\u00e9ens avec 235 buts, d\u00e9passant (encore) Thierry Henry &#8211; aurait \u00e9galement pu inscrire un tripl\u00e9 si\u00a0<a href=\"http:\/\/www.lefigaro.fr\/sports\/football\/transferts\/mercato-vinicius-se-verrait-bien-au-psg-l-improbable-rumeur-venue-d-espagne-20251029\" data-fig-type=\"NewsFlash\" data-gtm-custom-categorie=\"navigation\" data-gtm-custom-action=\"crossclick\" data-gtm-custom-label=\"Contextuel\" data-gtm-event=\"customEventSPE\" data-fig-domain=\"LEFIGARO\" target=\"_blank\" rel=\"noopener\">Vinicius<\/a>\u00a0lui avait laiss\u00e9, avant de manquer compl\u00e8tement sa frappe (43e). Avertissement sans frais. De retour de blessure et en grande forme, Jude Bellingham a marqu\u00e9 le 3e but de son \u00e9quipe, d\u2019une frappe lumineuse et imparable du droit, juste avant la pause (44e).<\/p>\n<p class=\"fig-body-link\">\n            \u00c0 lire aussi<br \/>\n        <a class=\"fig-body-link__link\" href=\"http:\/\/www.lefigaro.fr\/sports\/football\/transferts\/mercato-vinicius-se-verrait-bien-au-psg-l-improbable-rumeur-venue-d-espagne-20251029\" data-fig-type=\"NewsFlash\" data-gtm-custom-categorie=\"navigation\" data-gtm-custom-action=\"crossclick\" data-gtm-custom-label=\"Contextuel\" data-gtm-event=\"customEventSPE\" data-fig-domain=\"LEFIGARO\" target=\"_blank\" rel=\"noopener\"><\/p>\n<p>        Mercato\u00a0: Vinicius se verrait bien au PSG, l\u2019improbable rumeur venue d\u2019Espagne<br \/>\n    <\/a>\n<\/p>\n<p>Pour le Real, cap maintenant sur Liverpool<\/p>\n<p class=\"fig-paragraph\">La seconde p\u00e9riode ne fut qu\u2019un chemin de croix pour les visiteurs, qui n\u2019ont pu impr\u00e9gner leur rythme, ni leur jeu. Alvaro Carreras a parachev\u00e9 le succ\u00e8s des locaux d\u2019un but somptueux dans les derniers instants (81e). Xabi Alonso s\u2019est offert le luxe de faire tourner ses cadres (Mbapp\u00e9, Vinicius, Bellingham&#8230;) avant le d\u00e9placement tr\u00e8s attendu de la Casa Blanca mardi prochain en\u00a0<a href=\"https:\/\/www.lefigaro.fr\/sports\/football\/ligue-des-champions\" target=\"_blank\" data-fig-type=\"Section\" rel=\"sponsored noopener\" data-gtm-custom-categorie=\"navigation\" data-gtm-custom-action=\"crossclick\" data-gtm-custom-label=\"Contextuel\" data-gtm-event=\"customEventSPE\" data-fig-domain=\"LEFIGARO\">Ligue des champions<\/a>\u00a0\u00e0\u00a0<a href=\"http:\/\/www.lefigaro.fr\/sports\/football\/angleterre\/premier-league-pour-sortir-de-la-crise-liverpool-doit-retrouver-de-l-efficacite-devant-le-but-estime-arne-slot-20251031\" data-fig-type=\"NewsFlash\" data-gtm-custom-categorie=\"navigation\" data-gtm-custom-action=\"crossclick\" data-gtm-custom-label=\"Contextuel\" data-gtm-event=\"customEventSPE\" data-fig-domain=\"LEFIGARO\" target=\"_blank\" rel=\"noopener\">Liverpool<\/a>. Un choc qui sent la poudre et que les Madril\u00e8nes ont parfaitement pr\u00e9par\u00e9, en prenant le large en t\u00eate de la Liga.<\/p>\n","protected":false},"excerpt":{"rendered":"Samedi soir dans son antre du Santiago Bernab\u00e9u, le Real a facilement domin\u00e9 une pi\u00e8tre \u00e9quipe de Valence&hellip;\n","protected":false},"author":2,"featured_media":505796,"comment_status":"","ping_status":"","sticky":false,"template":"","format":"standard","meta":{"footnotes":""},"categories":[2],"tags":[11,1011,27,6477,12,4790,25],"class_list":{"0":"post-505795","1":"post","2":"type-post","3":"status-publish","4":"format-standard","5":"has-post-thumbnail","7":"category-actualites","8":"tag-actualites","9":"tag-fr","10":"tag-france","11":"tag-kylian-mbappe","12":"tag-news","13":"tag-real-madrid","14":"tag-republique-francaise"},"share_on_mastodon":{"url":"https:\/\/pubeurope.com\/@fr\/115477594922371149","error":""},"_links":{"self":[{"href":"https:\/\/www.europesays.com\/fr\/wp-json\/wp\/v2\/posts\/505795","targetHints":{"allow":["GET"]}}],"collection":[{"href":"https:\/\/www.europesays.com\/fr\/wp-json\/wp\/v2\/posts"}],"about":[{"href":"https:\/\/www.europesays.com\/fr\/wp-json\/wp\/v2\/types\/post"}],"author":[{"embeddable":true,"href":"https:\/\/www.europesays.com\/fr\/wp-json\/wp\/v2\/users\/2"}],"replies":[{"embeddable":true,"href":"https:\/\/www.europesays.com\/fr\/wp-json\/wp\/v2\/comments?post=505795"}],"version-history":[{"count":0,"href":"https:\/\/www.europesays.com\/fr\/wp-json\/wp\/v2\/posts\/505795\/revisions"}],"wp:featuredmedia":[{"embeddable":true,"href":"https:\/\/www.europesays.com\/fr\/wp-json\/wp\/v2\/media\/505796"}],"wp:attachment":[{"href":"https:\/\/www.europesays.com\/fr\/wp-json\/wp\/v2\/media?parent=505795"}],"wp:term":[{"taxonomy":"category","embeddable":true,"href":"https:\/\/www.europesays.com\/fr\/wp-json\/wp\/v2\/categories?post=505795"},{"taxonomy":"post_tag","embeddable":true,"href":"https:\/\/www.europesays.com\/fr\/wp-json\/wp\/v2\/tags?post=505795"}],"curies":[{"name":"wp","href":"https:\/\/api.w.org\/{rel}","templated":true}]}}