{"id":505801,"date":"2025-11-02T01:54:12","date_gmt":"2025-11-02T01:54:12","guid":{"rendered":"https:\/\/www.europesays.com\/fr\/505801\/"},"modified":"2025-11-02T01:54:12","modified_gmt":"2025-11-02T01:54:12","slug":"ce-retour-de-revers-croise-qui-avait-stupefie-paris-bercy-en-2018","status":"publish","type":"post","link":"https:\/\/www.europesays.com\/fr\/505801\/","title":{"rendered":"ce retour de revers crois\u00e9 qui avait stup\u00e9fi\u00e9 Paris-Bercy en 2018"},"content":{"rendered":"<p>                <img decoding=\"async\" src=\"https:\/\/www.europesays.com\/fr\/wp-content\/uploads\/2025\/11\/wbTx.jpg\" fetchpriority=\"high\" alt=\"L\u2019angle irr\u00e9el sign\u00e9 Federer : ce retour de revers crois\u00e9 qui avait stup\u00e9fi\u00e9 Paris-Bercy en 2018\"\/><\/p>\n<p>Lors de sa derni\u00e8re apparition au Masters 1000 de Paris-Bercy en 2018, Roger Federer avait une nouvelle fois enchant\u00e9 le public parisien par son \u00e9l\u00e9gance et son g\u00e9nie tennistique.<\/p>\n<p>On se souvient notamment de ce retour de revers crois\u00e9 fulgurant qui avait laiss\u00e9 Fabio Fognini sans r\u00e9action au troisi\u00e8me tour (voir vid\u00e9o ci-dessous).<\/p>\n<p>Vainqueur de ce match 6-4, 6-3, le Suisse avait ensuite poursuivi sa route jusqu\u2019en demi-finale, o\u00f9 il s\u2019\u00e9tait inclin\u00e9 au terme d\u2019un duel d\u2019anthologie face \u00e0 Novak Djokovic (7-6, 5-7, 7-6).<\/p>\n<p><strong>Federer n\u2019a soulev\u00e9 le troph\u00e9e qu\u2019une seule fois dans l&rsquo;\u00e9preuve parisienne, en 2011.<\/strong><\/p>\n","protected":false},"excerpt":{"rendered":"Lors de sa derni\u00e8re apparition au Masters 1000 de Paris-Bercy en 2018, Roger Federer avait une nouvelle fois&hellip;\n","protected":false},"author":2,"featured_media":505802,"comment_status":"","ping_status":"","sticky":false,"template":"","format":"standard","meta":{"footnotes":""},"categories":[1415],"tags":[1011,27,60,1467],"class_list":{"0":"post-505801","1":"post","2":"type-post","3":"status-publish","4":"format-standard","5":"has-post-thumbnail","7":"category-tennis","8":"tag-fr","9":"tag-france","10":"tag-sports","11":"tag-tennis"},"share_on_mastodon":{"url":"https:\/\/pubeurope.com\/@fr\/115477615246261086","error":""},"_links":{"self":[{"href":"https:\/\/www.europesays.com\/fr\/wp-json\/wp\/v2\/posts\/505801","targetHints":{"allow":["GET"]}}],"collection":[{"href":"https:\/\/www.europesays.com\/fr\/wp-json\/wp\/v2\/posts"}],"about":[{"href":"https:\/\/www.europesays.com\/fr\/wp-json\/wp\/v2\/types\/post"}],"author":[{"embeddable":true,"href":"https:\/\/www.europesays.com\/fr\/wp-json\/wp\/v2\/users\/2"}],"replies":[{"embeddable":true,"href":"https:\/\/www.europesays.com\/fr\/wp-json\/wp\/v2\/comments?post=505801"}],"version-history":[{"count":0,"href":"https:\/\/www.europesays.com\/fr\/wp-json\/wp\/v2\/posts\/505801\/revisions"}],"wp:featuredmedia":[{"embeddable":true,"href":"https:\/\/www.europesays.com\/fr\/wp-json\/wp\/v2\/media\/505802"}],"wp:attachment":[{"href":"https:\/\/www.europesays.com\/fr\/wp-json\/wp\/v2\/media?parent=505801"}],"wp:term":[{"taxonomy":"category","embeddable":true,"href":"https:\/\/www.europesays.com\/fr\/wp-json\/wp\/v2\/categories?post=505801"},{"taxonomy":"post_tag","embeddable":true,"href":"https:\/\/www.europesays.com\/fr\/wp-json\/wp\/v2\/tags?post=505801"}],"curies":[{"name":"wp","href":"https:\/\/api.w.org\/{rel}","templated":true}]}}