{"id":505817,"date":"2025-11-02T02:06:32","date_gmt":"2025-11-02T02:06:32","guid":{"rendered":"https:\/\/www.europesays.com\/fr\/505817\/"},"modified":"2025-11-02T02:06:32","modified_gmt":"2025-11-02T02:06:32","slug":"cette-infirmiere-dargentan-raconte-son-combat-contre-le-cancer-du-sein","status":"publish","type":"post","link":"https:\/\/www.europesays.com\/fr\/505817\/","title":{"rendered":"cette infirmi\u00e8re d\u2019Argentan raconte son combat contre le cancer du sein"},"content":{"rendered":"<p>            Par<br \/>\n        <strong><br \/>\n            <a href=\"https:\/\/actu.fr\/auteur\/juliette-patry\" title=\"Consulter tous les articles de Juliette Patry\" target=\"_blank\" rel=\"noopener\">Juliette Patry<\/a><br \/>\n        <\/strong><\/p>\n<p>        Publi\u00e9 le<\/p>\n<p>            31 oct. 2025 \u00e0 20h10        <\/p>\n<p><b>Patricia Gardie, infirmi\u00e8re \u00e0 domicile<\/b> \u00e0 <a href=\"https:\/\/actu.fr\/normandie\/argentan_61006\" target=\"_blank\" rel=\"noopener\">Argentan<\/a> (<b>Orne<\/b>), est en r\u00e9mission d\u2019un <a href=\"https:\/\/actu.fr\/normandie\/argentan_61006\/cancer-du-sein-30-examens-a-lhopital-dargentan-pour-la-journee-doctobre-rose_63332434.html\" target=\"_blank\" rel=\"noopener\">cancer du sein<\/a> depuis janvier\u00a02024. Entre diagnostic difficile \u00e0 poser et parcours de soins \u00e9prouvant, elle raconte comment cette \u00e9preuve <b>a chang\u00e9 sa vision de la vie<\/b>.<\/p>\n<p>Un cancer difficile \u00e0 diagnostiquer<\/p>\n<p class=\" wall-content\">Les premiers doutes apparaissent lors d\u2019une <b>mammographie de contr\u00f4le<\/b>, r\u00e9v\u00e9lant des \u00ab\u2009images douteuses\u2009\u00bb et inqui\u00e9tantes pour l\u2019infirmi\u00e8re. \u00ab\u2009\u00c7a y est c\u2019est mon tour.\u2009\u00bb se dit la r\u00e9sidente de <a href=\"https:\/\/actu.fr\/normandie\/coulonces_61123\" target=\"_blank\" rel=\"noopener\">Coulonces<\/a> (Orne).<\/p>\n<p class=\" wall-content\">Elle se rend au centre <a href=\"https:\/\/actu.fr\/normandie\/caen_14118\/centre-francois-baclesse-a-caen-100-ans-contre-le-cancer-en-10-dates_63292334.html\" target=\"_blank\" rel=\"noopener\">Fran\u00e7ois-Baclesse<\/a>, \u00e0 <a href=\"https:\/\/actu.fr\/liberte-caen\/\" target=\"_blank\" rel=\"noopener\">Caen<\/a><b> <\/b>(<b>Calvados<\/b>) o\u00f9 les m\u00e9decins tentent de la rassurer\u2009: \u00ab\u2009Ne vous inqui\u00e9tez pas, on va faire une biopsie quand m\u00eame\u2009\u00bb lance la s\u00e9nologue. Cette biopsie d\u00e9voile la pr\u00e9sence de <b>l\u00e9sions pr\u00e9canc\u00e9reuses<\/b> qu\u2019il fallait retirer pour \u00e9viter une d\u00e9g\u00e9n\u00e9rescence.<\/p>\n<p class=\" wall-content\"><b>Si l\u2019op\u00e9ration doit mettre fin \u00e0 ses soucis, elle confirme finalement ses premiers doutes<\/b>\u2009: \u00ab\u2009Je me retrouve avec un cancer lobulaire infiltrant, pas facilement d\u00e9tectable.\u2009\u00bb<\/p>\n<p class=\" wall-content\">Toutefois Patricia Gardie sait que \u00e7a aurait pu \u00eatre pire\u2009: \u00ab\u2009J\u2019ai eu de la chance de passer cette mammographie, de faire cette biopsie et que l\u2019on m\u2019enl\u00e8ve ces l\u00e9sions pr\u00e9canc\u00e9reuses. Sinon, ce cancer n\u2019aurait pas \u00e9t\u00e9 diagnostiqu\u00e9 avant un voire deux ans.\u2009\u00bb<\/p>\n<p>\u00ab\u00a0\u2009C\u2019est tr\u00e8s violent\u2009\u00a0\u00bb<\/p>\n<p class=\" wall-content\">En <b>septembre\u00a02023<\/b>, les m\u00e9decins proc\u00e8dent \u00e0 une <b>mastectomie<\/b>\u2009:<\/p>\n<blockquote class=\"ac-article-quote wall-content\">\n<p>\u00ab\u2009\u00c7a a \u00e9t\u00e9 un tsunami. J\u2019ai mis dix jours \u00e0 relever la t\u00eate. C\u2019est tr\u00e8s violent.\u2009\u00bb<\/p>\n<p>Patricia Gardie, en r\u00e9mission d\u2019un cancer du sein<\/p><\/blockquote>\n<p class=\" wall-content\">S\u2019ensuivent <b>trois mois de cicatrisation<\/b> avant le d\u00e9but de la <a href=\"https:\/\/actu.fr\/societe\/traiter-les-cancers-les-plus-difficiles-a-soigner-cette-methode-revolutionnaire-pourrait-tout-changer_62223800.html\" target=\"_blank\" rel=\"noopener\">radioth\u00e9rapie<\/a>\u2009: \u00ab\u2009Les allers-retours m\u2019ont fatigu\u00e9e mais \u00e7a s\u2019est bien pass\u00e9. Je suis quelqu\u2019un qui voit le verre \u00e0 moiti\u00e9 plein, \u00e7a aide\u2009!\u2009\u00bb. Patricia Gardie ajoute\u2009: \u00ab\u2009J\u2019ai eu la chance d\u2019\u00eatre entour\u00e9e par ma famille, il ne faut pas rester seul.\u2009\u00bb<\/p>\n<p>Votre r\u00e9gion, votre actu !<\/p>\n<p>Recevez chaque jour les infos qui comptent pour vous.<\/p>\n<p>\t<a href=\"https:\/\/actu.fr\/newsletter\" class=\"ac-btn ac-btn--corner ac-btn--medium ac-btn--blue800\" target=\"_blank\" rel=\"noopener\">S&rsquo;incrire<\/a><br \/>\nL\u2019apr\u00e8s cancer<\/p>\n<p class=\" wall-content\">La quinquag\u00e9naire est aujourd\u2019hui en <b>r\u00e9mission<\/b> mais le protocole de soins n\u2019est pas termin\u00e9. Elle doit prendre <b>un comprim\u00e9 tous les jours pendant cinq \u00e0 sept ans <\/b>et g\u00e9rer les effets secondaires\u2009: \u00ab\u2009Les douleurs, les bouff\u00e9es de chaleur\u2026\u2009\u00bb.<\/p>\n<p class=\" wall-content\">En marge, Patricia Gardie a recours aux <a href=\"https:\/\/actu.fr\/normandie\/alencon_61001\/des-soins-de-support-a-alencon-pour-agir-sur-le-corps-et-lesprit_61593182.html\" target=\"_blank\" rel=\"noopener\">soins de support<\/a> comme la <b>r\u00e9flexologie plantaire\u2009<\/b>:<b> <\/b>\u00ab\u2009C\u2019est super important pour reprendre contact avec son corps et combattre certains effets secondaires.\u2009\u00bb.<\/p>\n<p class=\" wall-content\">En plus des <b>s\u00e9quelles physiques<\/b>, le cancer laisse des traces d\u2019un point de vue <b>psychologique<\/b>.<\/p>\n<blockquote class=\"ac-article-quote wall-content\">\n<p>\u00ab\u2009L\u2019apr\u00e8s cancer est difficile. Quand vous \u00eates en soin, vous avez tout le monde autour de vous et puis, en un instant, vous vous retrouvez seul. La reconstruction psychologique est tr\u00e8s longue.\u2009\u00bb<\/p>\n<p>Patricia Gardie, en r\u00e9mission d\u2019un cancer du sein<\/p><\/blockquote>\n<p class=\" wall-content\">Cette \u00e9preuve change \u00e9galement sa perception de la vie \u00ab\u2009Comme on n\u2019est pas \u00e9ternel, on profite.\u2009\u00bb<\/p>\n<p>Lib\u00e9rer la parole gr\u00e2ce \u00e0 Octobre Rose<\/p>\n<p class=\" wall-content\">Le mois d\u2019octobre touche \u00e0 sa fin et avec lui les <a href=\"https:\/\/actu.fr\/normandie\/argentan_61006\/octobre-rose-a-argentan-vous-etiez-832-marcheurs-unis-contre-le-cancer-du-sein-en-images_63260396.html\" target=\"_blank\" rel=\"noopener\">initiatives de sensibilisation \u00e0 la lutte contre le cancer du sein<\/a> organis\u00e9es dans le cadre d\u2019<a href=\"https:\/\/actu.fr\/normandie\/argentan_61006\/octobre-rose-le-lions-club-soutient-le-service-de-gynecologie-de-lhopital_63367925.html\" target=\"_blank\" rel=\"noopener\">Octobre Rose<\/a>. Autant d\u2019actions qui, selon <b>Patricia Gardie, <\/b>permettent de lib\u00e9rer la parole.<\/p>\n<p class=\" wall-content\">\u00ab\u2009Les gens en parlent et c\u2019est super. Le cancer n\u2019est pas un sujet tabou, on est malheureusement tous susceptibles d\u2019en avoir un.\u2009\u00bb<\/p>\n<p class=\" wall-content\"><b>Tr\u00e8s attach\u00e9e \u00e0 la question du d\u00e9pistage, l\u2019infirmi\u00e8re encourage la population \u00e0 franchir le pas<\/b>\u2009: \u00ab\u2009C\u2019est important de faire tous les d\u00e9pistages\u2009: pour le sein, pour le colon\u2026 Plus vite on combat le cancer, plus on a de chances de gu\u00e9rir.\u2009\u00bb<\/p>\n<p class=\" wall-content\">Personnalisez votre actualit\u00e9 en ajoutant vos villes et m\u00e9dias en favori avec <a href=\"https:\/\/moncompte.actu.fr\" title=\"D\u00e9couvez Mon Actu\" rel=\"nofollow noopener\" data-trk=\"{&quot;cta&quot;:{&quot;action&quot;:&quot;https:\\\/\\\/moncompte.actu.fr&quot;,&quot;category&quot;:&quot;mon compte&quot;,&quot;from&quot;:&quot;article footer&quot;,&quot;name&quot;:&quot;Mon actu&quot;,&quot;type&quot;:&quot;cta&quot;}}\" target=\"_blank\">Mon Actu<\/a>.<\/p>\n","protected":false},"excerpt":{"rendered":"Par Juliette Patry Publi\u00e9 le 31 oct. 2025 \u00e0 20h10 Patricia Gardie, infirmi\u00e8re \u00e0 domicile \u00e0 Argentan (Orne),&hellip;\n","protected":false},"author":2,"featured_media":505818,"comment_status":"","ping_status":"","sticky":false,"template":"","format":"standard","meta":{"footnotes":""},"categories":[10],"tags":[101,1011,27,72,54321,71,104],"class_list":{"0":"post-505817","1":"post","2":"type-post","3":"status-publish","4":"format-standard","5":"has-post-thumbnail","7":"category-sante","8":"tag-cancer","9":"tag-fr","10":"tag-france","11":"tag-health","12":"tag-octobre-rose","13":"tag-sante","14":"tag-societe"},"share_on_mastodon":{"url":"https:\/\/pubeurope.com\/@fr\/115477661874609991","error":""},"_links":{"self":[{"href":"https:\/\/www.europesays.com\/fr\/wp-json\/wp\/v2\/posts\/505817","targetHints":{"allow":["GET"]}}],"collection":[{"href":"https:\/\/www.europesays.com\/fr\/wp-json\/wp\/v2\/posts"}],"about":[{"href":"https:\/\/www.europesays.com\/fr\/wp-json\/wp\/v2\/types\/post"}],"author":[{"embeddable":true,"href":"https:\/\/www.europesays.com\/fr\/wp-json\/wp\/v2\/users\/2"}],"replies":[{"embeddable":true,"href":"https:\/\/www.europesays.com\/fr\/wp-json\/wp\/v2\/comments?post=505817"}],"version-history":[{"count":0,"href":"https:\/\/www.europesays.com\/fr\/wp-json\/wp\/v2\/posts\/505817\/revisions"}],"wp:featuredmedia":[{"embeddable":true,"href":"https:\/\/www.europesays.com\/fr\/wp-json\/wp\/v2\/media\/505818"}],"wp:attachment":[{"href":"https:\/\/www.europesays.com\/fr\/wp-json\/wp\/v2\/media?parent=505817"}],"wp:term":[{"taxonomy":"category","embeddable":true,"href":"https:\/\/www.europesays.com\/fr\/wp-json\/wp\/v2\/categories?post=505817"},{"taxonomy":"post_tag","embeddable":true,"href":"https:\/\/www.europesays.com\/fr\/wp-json\/wp\/v2\/tags?post=505817"}],"curies":[{"name":"wp","href":"https:\/\/api.w.org\/{rel}","templated":true}]}}