{"id":505821,"date":"2025-11-02T02:08:14","date_gmt":"2025-11-02T02:08:14","guid":{"rendered":"https:\/\/www.europesays.com\/fr\/505821\/"},"modified":"2025-11-02T02:08:14","modified_gmt":"2025-11-02T02:08:14","slug":"surprise-lea-salame-recoit-un-acteur-quelques-heures-apres-quil-la-taclee-en-pleine-interview","status":"publish","type":"post","link":"https:\/\/www.europesays.com\/fr\/505821\/","title":{"rendered":"Surprise, L\u00e9a Salam\u00e9 re\u00e7oit un acteur quelques heures apr\u00e8s qu&rsquo;il l&rsquo;a tacl\u00e9e en pleine interview"},"content":{"rendered":"<p>      R\u00e9sum\u00e9<\/p>\n<p>L\u00e9a Salam\u00e9 re\u00e7oit sur son plateau Jean-Paul Rouve, qui l&rsquo;avait taquin\u00e9e quelques heures plus t\u00f4t, dans une \u00e9mission m\u00ealant humour, culture et promotions vari\u00e9es.<\/p>\n<p>        Sommaire<\/p>\n<p><strong>Sous le feu des critiques depuis deux mois<\/strong>, L\u00e9a Salam\u00e9 tient debout malgr\u00e9 tout. Apr\u00e8s une semaine de cong\u00e9s, <a href=\"https:\/\/www.public.fr\/lea-salame-de-retour-au-jt-de-france-2-en-plein-direct-la-journaliste-sechement-recadree\" rel=\"nofollow noopener\" target=\"_blank\">la journaliste est revenue ce jeudi<\/a> au 20 heures de France 2, mais les audiences l&rsquo;ont d&rsquo;entr\u00e9e de jeu fragilis\u00e9e. <strong>Plus de 550 000 t\u00e9l\u00e9spectateurs se sont \u00e9clips\u00e9s vers la concurrence<\/strong>, en comparaison avec le JT de Jean-Baptiste Marteau, son joker, une semaine plus t\u00f4t. Un d\u00e9saveu qui rappelle les nombreuses pol\u00e9miques qu&rsquo;elle a connues ces derni\u00e8res semaines&#8230; Et qui continuent de faire couler beaucoup d&rsquo;encre.<\/p>\n<p>En effet, <a href=\"https:\/\/www.public.fr\/lea-salame-apres-marion-cotillard-un-celebre-acteur-francais-lui-lance-une-pique\" rel=\"nofollow noopener\" target=\"_blank\">invit\u00e9 de Canal+ cette semaine<\/a> pour la promotion de sa nouvelle pi\u00e8ce de th\u00e9\u00e2tre Le bourgeois gentilhomme au th\u00e9\u00e2tre Antoine, Jean-Paul Rouve s&rsquo;\u00e9tait amus\u00e9 \u00e0 railler L\u00e9a Salam\u00e9. R\u00e9agissant \u00e0 <a href=\"https:\/\/vsd.fr\/87985-marion-cotillard-invitee-de-lea-salame-au-jt-de-france-2-un-gros-rate\/\" rel=\"nofollow noopener\" target=\"_blank\">l&rsquo;interview tr\u00e8s comment\u00e9e et critiqu\u00e9e de Marion Cotillard<\/a>, l&rsquo;acteur avait bott\u00e9 en touche concernant une question sur le sixi\u00e8me opus en pr\u00e9paration des Tuche, \u00e0 sa mani\u00e8re : <strong>\u00ab\u00a0Si tu \u00e9tais L\u00e9a Salam\u00e9, peut-\u00eatre que j&rsquo;aurais r\u00e9pondu\u2026 Mais malheureusement, non !\u00a0\u00bb<\/strong><\/p>\n<p>Finalement, Jean-Paul Rouve va peut-\u00eatre pouvoir donner plus d&rsquo;informations sur le sixi\u00e8me volet des Tuche. <strong>Car, en effet, ce samedi, c&rsquo;est bien L\u00e9a Salam\u00e9 qui va l&rsquo;interviewer<\/strong>. Pas rancuni\u00e8re pour un sou, la journaliste et animatrice va le recevoir sur le plateau de Quelle \u00e9poque, aux c\u00f4t\u00e9s d&rsquo;Eleonora Galasso, toujours pour la promotion de la pi\u00e8ce de Moli\u00e8re. Le com\u00e9dien r\u00e9pondra ainsi aux questions de <strong>celle qu&rsquo;il s&rsquo;est amus\u00e9 \u00e0 tacler<\/strong>, non sans humour, quelques heures plus t\u00f4t&#8230;<\/p>\n<p>Avec \u00ab\u00a0Quelle \u00e9poque\u00a0\u00bb, L\u00e9a Salam\u00e9 est au sommet<\/p>\n<p>Dans Quelle \u00e9poque, L\u00e9a Salam\u00e9 souffle toutes les semaines. Car si les audiences du 20 heures sont difficiles, celles du talk du samedi sont excellentes. Ce samedi 1er novembre, en plus de <strong>Jean-Paul Rouve<\/strong> et <strong>Eleonora Galasso<\/strong>, elle recevra aussi <strong>Manu Payet<\/strong>, pour son nouveau spectacle Emmanuel 2, en tourn\u00e9e dans toute la France. C\u00f4t\u00e9 politique, c&rsquo;est le pr\u00e9sident de la r\u00e9gion Hauts-de-France <strong>Xavier Bertrand<\/strong> qui a accept\u00e9 l&rsquo;invitation, \u00e0 l&rsquo;occasion de la sortie de son livre Rien n&rsquo;est jamais \u00e9crit aux \u00e9ditions Robert Laffont. L&rsquo;historien et philosophe <strong>Franz-Olivier Giesbert<\/strong> viendra lui aussi promouvoir la sortie d&rsquo;un livre, Voyage dans la France d&rsquo;avant, aux \u00e9ditions Gallimard. <strong>Haroun<\/strong> viendra assurer la promotion de son nouveau spectacle au th\u00e9\u00e2tre du 13e art. Enfin, <strong>Alexandre Jacquier<\/strong>, <a href=\"https:\/\/www.public.fr\/mister-univers-2025-qui-est-alexandre-jacquier-ce-fermier-du-sud-ouest-qui-representera-la-france\" rel=\"nofollow noopener\" target=\"_blank\">candidat \u00e0 l&rsquo;\u00e9lection de Mister Univers 2025<\/a>, cl\u00f4turera la programmation.<\/p>\n<p>\n          Hits &amp; People en continu\n        <\/p>\n<p>\n          Public Radio\n        <\/p>\n<p>      Mentionn\u00e9s dans cet article<\/p>\n<p>      Sur le m\u00eame sujet<\/p>\n","protected":false},"excerpt":{"rendered":"R\u00e9sum\u00e9 L\u00e9a Salam\u00e9 re\u00e7oit sur son plateau Jean-Paul Rouve, qui l&rsquo;avait taquin\u00e9e quelques heures plus t\u00f4t, dans une&hellip;\n","protected":false},"author":2,"featured_media":505822,"comment_status":"","ping_status":"","sticky":false,"template":"","format":"standard","meta":{"footnotes":""},"categories":[8],"tags":[12232,58,59,1011,27,594,1629,3806,4495],"class_list":{"0":"post-505821","1":"post","2":"type-post","3":"status-publish","4":"format-standard","5":"has-post-thumbnail","7":"category-divertissement","8":"tag-clash","9":"tag-divertissement","10":"tag-entertainment","11":"tag-fr","12":"tag-france","13":"tag-france-2","14":"tag-jean-paul-rouve","15":"tag-lea-salame","16":"tag-quelle-epoque"},"share_on_mastodon":{"url":"https:\/\/pubeurope.com\/@fr\/115477669834716075","error":""},"_links":{"self":[{"href":"https:\/\/www.europesays.com\/fr\/wp-json\/wp\/v2\/posts\/505821","targetHints":{"allow":["GET"]}}],"collection":[{"href":"https:\/\/www.europesays.com\/fr\/wp-json\/wp\/v2\/posts"}],"about":[{"href":"https:\/\/www.europesays.com\/fr\/wp-json\/wp\/v2\/types\/post"}],"author":[{"embeddable":true,"href":"https:\/\/www.europesays.com\/fr\/wp-json\/wp\/v2\/users\/2"}],"replies":[{"embeddable":true,"href":"https:\/\/www.europesays.com\/fr\/wp-json\/wp\/v2\/comments?post=505821"}],"version-history":[{"count":0,"href":"https:\/\/www.europesays.com\/fr\/wp-json\/wp\/v2\/posts\/505821\/revisions"}],"wp:featuredmedia":[{"embeddable":true,"href":"https:\/\/www.europesays.com\/fr\/wp-json\/wp\/v2\/media\/505822"}],"wp:attachment":[{"href":"https:\/\/www.europesays.com\/fr\/wp-json\/wp\/v2\/media?parent=505821"}],"wp:term":[{"taxonomy":"category","embeddable":true,"href":"https:\/\/www.europesays.com\/fr\/wp-json\/wp\/v2\/categories?post=505821"},{"taxonomy":"post_tag","embeddable":true,"href":"https:\/\/www.europesays.com\/fr\/wp-json\/wp\/v2\/tags?post=505821"}],"curies":[{"name":"wp","href":"https:\/\/api.w.org\/{rel}","templated":true}]}}