{"id":505825,"date":"2025-11-02T02:10:17","date_gmt":"2025-11-02T02:10:17","guid":{"rendered":"https:\/\/www.europesays.com\/fr\/505825\/"},"modified":"2025-11-02T02:10:17","modified_gmt":"2025-11-02T02:10:17","slug":"en-toute-decontraction-elon-musk-promet-une-tesla-volante-pour-la-fin-de-lannee","status":"publish","type":"post","link":"https:\/\/www.europesays.com\/fr\/505825\/","title":{"rendered":"En toute d\u00e9contraction, Elon Musk promet une Tesla volante pour la fin de l&rsquo;ann\u00e9e"},"content":{"rendered":"<p>                    <b>Invit\u00e9 sur le podcast de Joe Rogan, Elon Musk a relanc\u00e9 la machine \u00e0 fantasmes. Il promet une d\u00e9monstration inoubliable du nouveau Tesla Roadster avant la fin 2025, affirmant que le v\u00e9hicule pourrait voler gr\u00e2ce \u00e0 une technologie dingue. Une annonce \u00e0 prendre avec les pincettes habituelles, le projet ayant d\u00e9j\u00e0 cinq ans de retard.<\/b><\/p>\n<p>                                                                                                                                                        <img decoding=\"async\" src=\"https:\/\/www.europesays.com\/fr\/wp-content\/uploads\/2025\/11\/7e33b59261_meme-grok-a-pas-voulu-me-la-faire-voler.webp.webp\" alt=\"(M\u00eame Grok a pas voulu me la faire voler...)\" width=\"1200\" height=\"675\" loading=\"lazy\"\/>                (M\u00eame Grok a pas voulu me la faire voler&#8230;)<\/p>\n<p>Soyons fous<\/p>\n<p>Elon Musk \u00e9tait donc l&rsquo;invit\u00e9 de Joe Rogan et, interrog\u00e9 sur le sort du <a href=\"https:\/\/www.mac4ever.com\/mobilite\/160226-car-key-uwb-les-prochaines-bmw-pourront-s-ouvrir-avec-l-iphone-dans-la-poche\" rel=\"nofollow noopener\" target=\"_blank\">Tesla<\/a> Roadster, <b>le PDG a d\u00e9gain\u00e9 la carte de la surench\u00e8re<\/b>. Il a promis une d\u00e9monstration du prototype avant la fin de l&rsquo;ann\u00e9e, ou du moins d&rsquo;ici quelques mois. Il a garanti que cette pr\u00e9sentation serait inoubliable.<\/p>\n<p>Selon lui, le v\u00e9hicule embarque une technologie dingue, dingue, allant jusqu&rsquo;\u00e0 d\u00e9clarer\u00a0: Je ne suis m\u00eame pas s\u00fbr que ce soit une voiture. Faisant \u00e9cho \u00e0 une r\u00e9flexion de son ami Peter Thiel sur l&rsquo;absence de voitures volantes dans notre pr\u00e9sent, <b>Musk a affirm\u00e9<\/b> que si Peter veut une voiture volante, il devrait pouvoir en acheter une.<\/p>\n<p>                                                                                                                                                        <img decoding=\"async\" src=\"https:\/\/www.europesays.com\/fr\/wp-content\/uploads\/2025\/11\/4c9f983876_le-tesla-roadster-n-est-pas-mort-et-sera-presente-fin-2024-avant-la-model-2.webp.webp\" alt=\"En toute d\u00e9contraction, Elon Musk promet une Tesla volante pour la fin de l'ann\u00e9e\" width=\"1200\" height=\"664\" loading=\"lazy\"\/>        <\/p>\n<p>Le retour du SpaceX Package<\/p>\n<p>\u00c9videmment, <b>Musk est rest\u00e9 volontairement vague<\/b> sur la conception, se contentant d&rsquo;un je ne peux pas faire le d\u00e9voilement avant le d\u00e9voilement. Il a tout de m\u00eame ajout\u00e9 que l&rsquo;engin serait plus fou que toutes les voitures de James Bond combin\u00e9es. Cette rh\u00e9torique n&rsquo;est pas nouvelle. Peu apr\u00e8s la pr\u00e9sentation de 2017, Musk avait d\u00e9j\u00e0 \u00e9voqu\u00e9 un SpaceX package optionnel. Celui-ci inclurait des propulseurs \u00e0 air froid destin\u00e9s \u00e0 am\u00e9liorer drastiquement l&rsquo;acc\u00e9l\u00e9ration et la tenue de route en plaquant la voiture au sol. Il avait \u00e0 l&rsquo;\u00e9poque aussi mentionn\u00e9 la capacit\u00e9 de flotter ou de faire de petits sauts. Bon, pourquoi pas.<\/p>\n<p>                                                                                                                                                        <img decoding=\"async\" src=\"https:\/\/www.europesays.com\/fr\/wp-content\/uploads\/2025\/11\/ce1abc10a5_alon-musk-x-twitter-transaction.webp.webp\" alt=\"En toute d\u00e9contraction, Elon Musk promet une Tesla volante pour la fin de l'ann\u00e9e\" width=\"1200\" height=\"869\" loading=\"lazy\"\/>        <\/p>\n<p>Une arl\u00e9sienne depuis 2017<\/p>\n<p>Il faut tout de m\u00eame remettre cette annonce en contexte. Le nouveau Tesla <a href=\"https:\/\/www.mac4ever.com\/auto\/181508-le-tesla-roadster-n-est-pas-mort-et-sera-presente-fin-2024-avant-la-model-2\" rel=\"nofollow noopener\" target=\"_blank\">Roadster<\/a> a \u00e9t\u00e9 pr\u00e9sent\u00e9 en 2017, avec une promesse de production pour 2020. Nous sommes fin 2025, et <b>le v\u00e9hicule est devenu une arl\u00e9sienne<\/b>, repouss\u00e9 d&rsquo;ann\u00e9e en ann\u00e9e. On vous le racontait ce matin, le PDG d&rsquo;OpenAI, <a href=\"https:\/\/www.mac4ever.com\/auto\/192785-sam-altman-openai-veut-annuler-sa-commande-de-tesla-roadster-devinez-la-reponse-de-tesla\" rel=\"nofollow noopener\" target=\"_blank\">Sam Altman, tweetait r\u00e9cemment avoir du mal \u00e0 se faire rembourser l&rsquo;acompte de 50 000\u00a0$ vers\u00e9 en 2018<\/a>. Elon Musk est tristement c\u00e9l\u00e8bre pour ses calendriers trop optimistes, comme le rappelait nos confr\u00e8res d\u2019Engadget\u00a0: le premier lancement du Falcon Heavy a eu lieu cinq ans apr\u00e8s la date initialement pr\u00e9dite (mais \u00e7a n\u2019est pas si mal comme retard pour une fus\u00e9e).<\/p>\n<p>        On en dit quoi\u00a0?<\/p>\n<p>C&rsquo;est du Musk pur jus. L&rsquo;homme est dou\u00e9 pour occuper l&rsquo;espace m\u00e9diatique avec des concepts vagues et spectaculaires. Personne ne s&rsquo;attend \u00e0 une voiture volante homologu\u00e9e pour la route ; les lois de la physique et l&rsquo;\u00e9nergie n\u00e9cessaire rendent le projet absurde. Ce qu&rsquo;on verra, au mieux, c&rsquo;est un easter egg technique\u00a0: une voiture capable de faire un bond de quelques secondes gr\u00e2ce \u00e0 de l&rsquo;air comprim\u00e9, ou un truc du genre. <b>C&rsquo;est une distraction marketing<\/b>. Quoi qu\u2019il en soit, le Roadster reste un fantasme de niche, pour le moment.<\/p>\n","protected":false},"excerpt":{"rendered":"Invit\u00e9 sur le podcast de Joe Rogan, Elon Musk a relanc\u00e9 la machine \u00e0 fantasmes. Il promet une&hellip;\n","protected":false},"author":2,"featured_media":505826,"comment_status":"","ping_status":"","sticky":false,"template":"","format":"standard","meta":{"footnotes":""},"categories":[6],"tags":[35,33,34,1011,27,62727,320],"class_list":{"0":"post-505825","1":"post","2":"type-post","3":"status-publish","4":"format-standard","5":"has-post-thumbnail","7":"category-economie","8":"tag-business","9":"tag-economie","10":"tag-economy","11":"tag-fr","12":"tag-france","13":"tag-roadster","14":"tag-tesla"},"share_on_mastodon":{"url":"https:\/\/pubeurope.com\/@fr\/115477678485627276","error":""},"_links":{"self":[{"href":"https:\/\/www.europesays.com\/fr\/wp-json\/wp\/v2\/posts\/505825","targetHints":{"allow":["GET"]}}],"collection":[{"href":"https:\/\/www.europesays.com\/fr\/wp-json\/wp\/v2\/posts"}],"about":[{"href":"https:\/\/www.europesays.com\/fr\/wp-json\/wp\/v2\/types\/post"}],"author":[{"embeddable":true,"href":"https:\/\/www.europesays.com\/fr\/wp-json\/wp\/v2\/users\/2"}],"replies":[{"embeddable":true,"href":"https:\/\/www.europesays.com\/fr\/wp-json\/wp\/v2\/comments?post=505825"}],"version-history":[{"count":0,"href":"https:\/\/www.europesays.com\/fr\/wp-json\/wp\/v2\/posts\/505825\/revisions"}],"wp:featuredmedia":[{"embeddable":true,"href":"https:\/\/www.europesays.com\/fr\/wp-json\/wp\/v2\/media\/505826"}],"wp:attachment":[{"href":"https:\/\/www.europesays.com\/fr\/wp-json\/wp\/v2\/media?parent=505825"}],"wp:term":[{"taxonomy":"category","embeddable":true,"href":"https:\/\/www.europesays.com\/fr\/wp-json\/wp\/v2\/categories?post=505825"},{"taxonomy":"post_tag","embeddable":true,"href":"https:\/\/www.europesays.com\/fr\/wp-json\/wp\/v2\/tags?post=505825"}],"curies":[{"name":"wp","href":"https:\/\/api.w.org\/{rel}","templated":true}]}}