{"id":505833,"date":"2025-11-02T02:14:49","date_gmt":"2025-11-02T02:14:49","guid":{"rendered":"https:\/\/www.europesays.com\/fr\/505833\/"},"modified":"2025-11-02T02:14:49","modified_gmt":"2025-11-02T02:14:49","slug":"la-loire-en-alerte-selon-meteo-france-ou-ca-va-souffler-le-plus-fort","status":"publish","type":"post","link":"https:\/\/www.europesays.com\/fr\/505833\/","title":{"rendered":"la Loire en alerte selon M\u00e9t\u00e9o France, o\u00f9 \u00e7a va souffler le plus fort"},"content":{"rendered":"<p>            Par<br \/>\n        <strong><br \/>\n            <a href=\"https:\/\/actu.fr\/auteur\/mathias-souteyrat\" title=\"Consulter tous les articles de Mathias Souteyrat\" rel=\"nofollow noopener\" target=\"_blank\">Mathias Souteyrat<\/a><br \/>\n        <\/strong><\/p>\n<p>        Publi\u00e9 le<\/p>\n<p>            28 oct. 2025 \u00e0 16h20<br \/>\n        ; mis \u00e0 jour le 28 oct. 2025 \u00e0 16h31    <\/p>\n<p>Le retour du soleil et les temp\u00e9ratures cl\u00e9mentes n\u2019auront \u00e9t\u00e9 que de courte dur\u00e9e. La <a href=\"https:\/\/actu.fr\/auvergne-rhone-alpes\/loire_42\" rel=\"nofollow noopener\" target=\"_blank\">Loire<\/a>, le <a href=\"https:\/\/actu.fr\/auvergne-rhone-alpes\/rhone_69\" rel=\"nofollow noopener\" target=\"_blank\">Rh\u00f4ne<\/a>, l\u2019Is\u00e8re, la Sa\u00f4ne-et-Loire et l\u2019Ain sont plac\u00e9s par M\u00e9t\u00e9o France en vigilance jaune aux vents violents ce mercredi 29 octobre 2025, de 9 \u00e0 21 h. Voici les pr\u00e9visions.<\/p>\n<p>Jusqu\u2019\u00e0 120 km\/h dans le Pilat<\/p>\n<blockquote class=\"ac-article-quote wall-content\">\n<p>Des rafales atteignant 80 km\/h sont possibles sur les Monts du Forez et jusqu\u2019\u00e0 90\/100 km\/h dans le Pilat.<\/p>\n<p>    <strong>Pr\u00e9fecture de la Loire<\/strong>\n            <\/p><\/blockquote>\n<p class=\" wall-content\">Voici les pr\u00e9visions de M\u00e9t\u00e9o Loire :\u00a0<\/p>\n<ul class=\" wall-content\">\n<li>50 \u00e0 70 km\/h sur le Roannais au nord de la plaine du Forez<\/li>\n<li><strong>60 \u00e0 80 km\/h<\/strong> sur le sud de la plaine du Forez et Monts du Lyonnais, <strong>St\u00e9phanois<\/strong> et l\u2019Ondaine, 90 km\/h sur le Gier<\/li>\n<li>70 \u00e0 90 km\/h sur les Monts du Forez et de la Madelaine<\/li>\n<li>80 \u00e0 100 km\/h sur le Pilat, localement 120 km\/h sur les cr\u00eates expos\u00e9es<\/li>\n<\/ul>\n<p class=\" wall-content\">Le creusement d\u2019une d\u00e9pression coupl\u00e9e \u00e0 une goutte froide (air froid en altitude) sur la p\u00e9ninsule ib\u00e9rique fait remonter de l\u2019air plus doux et humide sur le pays. Une perturbation active traverse le pays d\u2019ouest en est.<\/p>\n<p>Des pr\u00e9cipitations du littoral du golfe du Lion aux contreforts sud du Massif central<\/p>\n<p class=\" wall-content\">\u00c0 l\u2019avant, des pluies plus soutenues et durables concernent les C\u00e9vennes, aliment\u00e9es par un fort vent de sud. Les cumuls peuvent atteindre une centaine de millim\u00e8tres par endroits. Les pluies s\u2019intensifient sur la Provence dans la soir\u00e9e et balaient la r\u00e9gion d\u2019ouest en est, avec un caract\u00e8re orageux.<\/p>\n<p class=\" wall-content\">Le ciel est couvert tout au long de la journ\u00e9e sur la quasi-totalit\u00e9 des r\u00e9gions. Des pluies affectent en matin\u00e9e la Bretagne et la pointe du Cotentin.<\/p>\n<p>Votre r\u00e9gion, votre actu !<\/p>\n<p>Recevez chaque jour les infos qui comptent pour vous.<\/p>\n<p>\t<a href=\"https:\/\/actu.fr\/newsletter\" class=\"ac-btn ac-btn--corner ac-btn--medium ac-btn--blue800\" rel=\"nofollow noopener\" target=\"_blank\">S&rsquo;incrire<\/a><\/p>\n<p class=\" wall-content\">Des pr\u00e9cipitations arrosent \u00e9galement le pi\u00e9mont et la cha\u00eene des Pyr\u00e9n\u00e9es, elles sont un peu plus soutenues du littoral du golfe du Lion aux contreforts sud du Massif central jusqu\u2019au littoral varois.<\/p>\n<p>Jusqu\u2019\u00e0 60\/70\u00a0km\/h dans le couloir rhodanien<\/p>\n<p class=\" wall-content\">Du c\u00f4t\u00e9 de la M\u00e9diterran\u00e9e, il pleut des plages languedociennes et varoises jusque sur la Dr\u00f4me et l\u2019Ard\u00e8che o\u00f9 un coup de tonnerre n\u2019est pas \u00e0 exclure. La couverture nuageuse reste bien compacte sur le reste du pays.<\/p>\n<blockquote class=\"ac-article-quote wall-content\">\n<p>Le vent bascule au secteur sud-est \u00e0 sud sur la plupart des r\u00e9gions, il se renforce jusqu&rsquo;\u00e0 60\/70 km\/h sur les Pyr\u00e9n\u00e9es, dans le domaine de l&rsquo;Autan, sur le Massif central et le couloir rhodanien.<\/p>\n<p>    <strong>M\u00e9t\u00e9o France<\/strong>\n            <\/p><\/blockquote>\n<p class=\" wall-content\">Au lever du jour, le thermom\u00e8tre affiche entre 3 et 6 degr\u00e9s du centre au nord-est, entre 10 et 14 en bord de mer, entre 6 et 10 sur le reste du pays. Les maximales atteignent 13 \u00e0 17 degr\u00e9s sur la moiti\u00e9 nord, 17 \u00e0 20 degr\u00e9s dans le sud, jusqu\u2019\u00e0 22 sur les plages corses.<\/p>\n<p class=\" wall-content\">Personnalisez votre actualit\u00e9 en ajoutant vos villes et m\u00e9dias en favori avec <a href=\"https:\/\/moncompte.actu.fr\" title=\"D\u00e9couvez Mon Actu\" rel=\"nofollow noopener\" data-trk=\"{&quot;cta&quot;:{&quot;action&quot;:&quot;https:\\\/\\\/moncompte.actu.fr&quot;,&quot;category&quot;:&quot;mon compte&quot;,&quot;from&quot;:&quot;article footer&quot;,&quot;name&quot;:&quot;Mon actu&quot;,&quot;type&quot;:&quot;cta&quot;}}\" target=\"_blank\">Mon Actu<\/a>.<\/p>\n","protected":false},"excerpt":{"rendered":"Par Mathias Souteyrat Publi\u00e9 le 28 oct. 2025 \u00e0 16h20 ; mis \u00e0 jour le 28 oct. 2025&hellip;\n","protected":false},"author":2,"featured_media":505834,"comment_status":"","ping_status":"","sticky":false,"template":"","format":"standard","meta":{"footnotes":""},"categories":[9653],"tags":[1111,11,2430,1777,674,1011,27,2487,2357,12,25,4001],"class_list":{"0":"post-505833","1":"post","2":"type-post","3":"status-publish","4":"format-standard","5":"has-post-thumbnail","7":"category-saint-etienne","8":"tag-actu","9":"tag-actualites","10":"tag-auvergne-rhone-alpes","11":"tag-eu","12":"tag-europe","13":"tag-fr","14":"tag-france","15":"tag-meteo","16":"tag-meteo-france","17":"tag-news","18":"tag-republique-francaise","19":"tag-saint-etienne"},"share_on_mastodon":{"url":"https:\/\/pubeurope.com\/@fr\/115477694616743556","error":""},"_links":{"self":[{"href":"https:\/\/www.europesays.com\/fr\/wp-json\/wp\/v2\/posts\/505833","targetHints":{"allow":["GET"]}}],"collection":[{"href":"https:\/\/www.europesays.com\/fr\/wp-json\/wp\/v2\/posts"}],"about":[{"href":"https:\/\/www.europesays.com\/fr\/wp-json\/wp\/v2\/types\/post"}],"author":[{"embeddable":true,"href":"https:\/\/www.europesays.com\/fr\/wp-json\/wp\/v2\/users\/2"}],"replies":[{"embeddable":true,"href":"https:\/\/www.europesays.com\/fr\/wp-json\/wp\/v2\/comments?post=505833"}],"version-history":[{"count":0,"href":"https:\/\/www.europesays.com\/fr\/wp-json\/wp\/v2\/posts\/505833\/revisions"}],"wp:featuredmedia":[{"embeddable":true,"href":"https:\/\/www.europesays.com\/fr\/wp-json\/wp\/v2\/media\/505834"}],"wp:attachment":[{"href":"https:\/\/www.europesays.com\/fr\/wp-json\/wp\/v2\/media?parent=505833"}],"wp:term":[{"taxonomy":"category","embeddable":true,"href":"https:\/\/www.europesays.com\/fr\/wp-json\/wp\/v2\/categories?post=505833"},{"taxonomy":"post_tag","embeddable":true,"href":"https:\/\/www.europesays.com\/fr\/wp-json\/wp\/v2\/tags?post=505833"}],"curies":[{"name":"wp","href":"https:\/\/api.w.org\/{rel}","templated":true}]}}