{"id":505848,"date":"2025-11-02T02:30:20","date_gmt":"2025-11-02T02:30:20","guid":{"rendered":"https:\/\/www.europesays.com\/fr\/505848\/"},"modified":"2025-11-02T02:30:20","modified_gmt":"2025-11-02T02:30:20","slug":"basket-ball-n2f-lavenir-de-rennes-impose-sa-force-de-caractere-face-a-tregueux-sport","status":"publish","type":"post","link":"https:\/\/www.europesays.com\/fr\/505848\/","title":{"rendered":"Basket-ball &#8211; N2F. L\u2019Avenir de Rennes impose sa force de caract\u00e8re face \u00e0 Tr\u00e9gueux . Sport"},"content":{"rendered":"<p>L\u2019Avenir de Rennes r\u00e9alisait une entame parfaite et prenait ses distances, (15-0, 5\u2019). L\u2019adversaire \u00e9tait d\u00e9pass\u00e9. La fougue rennaise\u00a0\u00e9tait insatiable. Le collectif jouait une partition juste. Ce premier quart-temps \u00e9tait un r\u00e9cital, (24-8, 10\u2019).<\/p>\n<p>Une satisfaction pour le coach rennais, Pierre Le Corre. <strong>\u00ab\u00a0Sur le premier quart-temps et la premi\u00e8re p\u00e9riode en &#8230;<\/strong><\/p>\n<p>\u00a0<\/p>\n","protected":false},"excerpt":{"rendered":"L\u2019Avenir de Rennes r\u00e9alisait une entame parfaite et prenait ses distances, (15-0, 5\u2019). L\u2019adversaire \u00e9tait d\u00e9pass\u00e9. La fougue&hellip;\n","protected":false},"author":2,"featured_media":505849,"comment_status":"","ping_status":"","sticky":false,"template":"","format":"standard","meta":{"footnotes":""},"categories":[2821],"tags":[1111,11,1438,3809,1465,829,1777,674,63,1011,27,1792,1922,12,584,25,479,517,1470],"class_list":{"0":"post-505848","1":"post","2":"type-post","3":"status-publish","4":"format-standard","5":"has-post-thumbnail","7":"category-rennes","8":"tag-actu","9":"tag-actualites","10":"tag-angers","11":"tag-ball","12":"tag-basket","13":"tag-bretagne","14":"tag-eu","15":"tag-europe","16":"tag-football","17":"tag-fr","18":"tag-france","19":"tag-handball","20":"tag-info","21":"tag-news","22":"tag-rennes","23":"tag-republique-francaise","24":"tag-rugby","25":"tag-sport","26":"tag-volley"},"share_on_mastodon":{"url":"https:\/\/pubeurope.com\/@fr\/115477756278082495","error":""},"_links":{"self":[{"href":"https:\/\/www.europesays.com\/fr\/wp-json\/wp\/v2\/posts\/505848","targetHints":{"allow":["GET"]}}],"collection":[{"href":"https:\/\/www.europesays.com\/fr\/wp-json\/wp\/v2\/posts"}],"about":[{"href":"https:\/\/www.europesays.com\/fr\/wp-json\/wp\/v2\/types\/post"}],"author":[{"embeddable":true,"href":"https:\/\/www.europesays.com\/fr\/wp-json\/wp\/v2\/users\/2"}],"replies":[{"embeddable":true,"href":"https:\/\/www.europesays.com\/fr\/wp-json\/wp\/v2\/comments?post=505848"}],"version-history":[{"count":0,"href":"https:\/\/www.europesays.com\/fr\/wp-json\/wp\/v2\/posts\/505848\/revisions"}],"wp:featuredmedia":[{"embeddable":true,"href":"https:\/\/www.europesays.com\/fr\/wp-json\/wp\/v2\/media\/505849"}],"wp:attachment":[{"href":"https:\/\/www.europesays.com\/fr\/wp-json\/wp\/v2\/media?parent=505848"}],"wp:term":[{"taxonomy":"category","embeddable":true,"href":"https:\/\/www.europesays.com\/fr\/wp-json\/wp\/v2\/categories?post=505848"},{"taxonomy":"post_tag","embeddable":true,"href":"https:\/\/www.europesays.com\/fr\/wp-json\/wp\/v2\/tags?post=505848"}],"curies":[{"name":"wp","href":"https:\/\/api.w.org\/{rel}","templated":true}]}}