{"id":505850,"date":"2025-11-02T02:31:10","date_gmt":"2025-11-02T02:31:10","guid":{"rendered":"https:\/\/www.europesays.com\/fr\/505850\/"},"modified":"2025-11-02T02:31:10","modified_gmt":"2025-11-02T02:31:10","slug":"cette-annee-les-illuminations-demarreront-plus-tot-voici-pourquoi","status":"publish","type":"post","link":"https:\/\/www.europesays.com\/fr\/505850\/","title":{"rendered":"cette ann\u00e9e, les illuminations d\u00e9marreront plus t\u00f4t, voici pourquoi"},"content":{"rendered":"<p>            Par<br \/>\n        <strong><br \/>\n            <a href=\"https:\/\/actu.fr\/auteur\/ivan-capecchi\" title=\"Consulter tous les articles de Ivan CAPECCHI\" target=\"_blank\" rel=\"noopener\">Ivan CAPECCHI<\/a><br \/>\n        <\/strong><\/p>\n<p>        Publi\u00e9 le<\/p>\n<p>            1 nov. 2025 \u00e0 18h02        <\/p>\n<p>Cette ann\u00e9e, les <strong>illuminations de No\u00ebl<\/strong> seront d\u00e9clench\u00e9es quelques jours avant le <strong>lancement du march\u00e9<\/strong>, selon une information de <a href=\"https:\/\/france3-regions.franceinfo.fr\/grand-est\/bas-rhin\/strasbourg-0\/les-illuminations-de-noel-de-strasbourg-lancees-un-week-end-plus-tot-on-veut-que-les-locaux-en-profitent-avant-l-afflux-de-touristes-3241015.html\" target=\"_blank\" rel=\"noopener\">France 3 Grand Est<\/a> confirm\u00e9e par Actu Strasbourg. Concr\u00e8tement, elles d\u00e9marreront le <strong>vendredi 21 novembre<\/strong>, l\u00e0 o\u00f9 le <a href=\"https:\/\/actu.fr\/grand-est\/strasbourg_67482\/strasbourg-les-dates-du-marche-de-noel-2025-sont-connues_62710676.html\" target=\"_blank\" rel=\"noopener\">march\u00e9 de No\u00ebl de Strasbourg<\/a> sera officiellement ouvert le mercredi 26 novembre. Voici pourquoi.<\/p>\n<p>Profiter des illuminations de No\u00ebl avant l\u2019afflux de touristes<\/p>\n<p class=\" wall-content\">Interrog\u00e9, Gwenn Bauer, pr\u00e9sident des Vitrines de Strasbourg, l\u2019association de commer\u00e7ants en charge d\u2019une grande partie des illuminations pour le compte de la Ville, explique que cela a \u00e9t\u00e9 pens\u00e9 dans le but de permettre aux locaux de <strong>profiter de celles-ci, avant l\u2019afflux de touristes<\/strong>. Une fa\u00e7on de \u00ab\u00a0faire profiter les habitants des premiers jours de shopping, de restaurants, de mus\u00e9es, dans notre ville joliment illumin\u00e9e\u00a0\u00bb.\u00a0<\/p>\n<p class=\" wall-content\">La deuxi\u00e8me raison est \u00ab\u00a0<strong>s\u00e9curitaire<\/strong>\u00ab\u00a0. Cela permet<strong> \u00ab\u00a0d\u2019\u00e9taler la p\u00e9riode de No\u00ebl\u00a0\u00bb<\/strong> et ainsi de <strong>r\u00e9duire les grands rassemblements de personnes<\/strong>.\u00a0<\/p>\n<p>Les grands classiques feront leur retour<\/p>\n<p class=\" wall-content\">Au niveau des illuminations, on retrouvera les <strong>grands classiques<\/strong>, tels que la <strong>porte des Lumi\u00e8res<\/strong> au niveau de La Nouvelle Douane, le <strong>sapin-cath\u00e9drale<\/strong>\u00a0sur le parvis de la gare, <strong>l\u2019arbre bleu<\/strong> place Gutenberg, les <strong>anges<\/strong> de la rue Merci\u00e8re ou encore les <strong>rideaux rouges<\/strong> de la rue des Grandes Arcades.\u00a0<\/p>\n<p class=\" wall-content\">M. Bauer pr\u00e9cise que ces illuminations pr\u00e9coces ne concernent pas le <a href=\"https:\/\/actu.fr\/grand-est\/strasbourg_67482\/video-marche-de-noel-de-strasbourg-voici-ce-qu-il-faut-savoir-sur-le-grand-sapin-installe-place-kleber_63346091.html\" target=\"_blank\" rel=\"noopener\">grand sapin install\u00e9 place Kl\u00e9ber<\/a>.<\/p>\n<p class=\" wall-content\">Personnalisez votre actualit\u00e9 en ajoutant vos villes et m\u00e9dias en favori avec <a href=\"https:\/\/moncompte.actu.fr\" title=\"D\u00e9couvez Mon Actu\" rel=\"nofollow noopener\" data-trk=\"{&quot;cta&quot;:{&quot;action&quot;:&quot;https:\\\/\\\/moncompte.actu.fr&quot;,&quot;category&quot;:&quot;mon compte&quot;,&quot;from&quot;:&quot;article footer&quot;,&quot;name&quot;:&quot;Mon actu&quot;,&quot;type&quot;:&quot;cta&quot;}}\" target=\"_blank\">Mon Actu<\/a>.<\/p>\n","protected":false},"excerpt":{"rendered":"Par Ivan CAPECCHI Publi\u00e9 le 1 nov. 2025 \u00e0 18h02 Cette ann\u00e9e, les illuminations de No\u00ebl seront d\u00e9clench\u00e9es&hellip;\n","protected":false},"author":2,"featured_media":505851,"comment_status":"","ping_status":"","sticky":false,"template":"","format":"standard","meta":{"footnotes":""},"categories":[2820],"tags":[1111,11,1777,674,1011,27,775,1652,56596,12,15830,25,640],"class_list":{"0":"post-505850","1":"post","2":"type-post","3":"status-publish","4":"format-standard","5":"has-post-thumbnail","7":"category-strasbourg","8":"tag-actu","9":"tag-actualites","10":"tag-eu","11":"tag-europe","12":"tag-fr","13":"tag-france","14":"tag-grand-est","15":"tag-loisirs-culture","16":"tag-marche-de-noel-de-strasbourg","17":"tag-news","18":"tag-noel","19":"tag-republique-francaise","20":"tag-strasbourg"},"share_on_mastodon":{"url":"https:\/\/pubeurope.com\/@fr\/115477760261500817","error":""},"_links":{"self":[{"href":"https:\/\/www.europesays.com\/fr\/wp-json\/wp\/v2\/posts\/505850","targetHints":{"allow":["GET"]}}],"collection":[{"href":"https:\/\/www.europesays.com\/fr\/wp-json\/wp\/v2\/posts"}],"about":[{"href":"https:\/\/www.europesays.com\/fr\/wp-json\/wp\/v2\/types\/post"}],"author":[{"embeddable":true,"href":"https:\/\/www.europesays.com\/fr\/wp-json\/wp\/v2\/users\/2"}],"replies":[{"embeddable":true,"href":"https:\/\/www.europesays.com\/fr\/wp-json\/wp\/v2\/comments?post=505850"}],"version-history":[{"count":0,"href":"https:\/\/www.europesays.com\/fr\/wp-json\/wp\/v2\/posts\/505850\/revisions"}],"wp:featuredmedia":[{"embeddable":true,"href":"https:\/\/www.europesays.com\/fr\/wp-json\/wp\/v2\/media\/505851"}],"wp:attachment":[{"href":"https:\/\/www.europesays.com\/fr\/wp-json\/wp\/v2\/media?parent=505850"}],"wp:term":[{"taxonomy":"category","embeddable":true,"href":"https:\/\/www.europesays.com\/fr\/wp-json\/wp\/v2\/categories?post=505850"},{"taxonomy":"post_tag","embeddable":true,"href":"https:\/\/www.europesays.com\/fr\/wp-json\/wp\/v2\/tags?post=505850"}],"curies":[{"name":"wp","href":"https:\/\/api.w.org\/{rel}","templated":true}]}}