{"id":505854,"date":"2025-11-02T02:37:51","date_gmt":"2025-11-02T02:37:51","guid":{"rendered":"https:\/\/www.europesays.com\/fr\/505854\/"},"modified":"2025-11-02T02:37:51","modified_gmt":"2025-11-02T02:37:51","slug":"une-septuagenaire-en-greve-de-la-faim-pour-recuperer-son-logement-occupe-par-un-locataire-qui-dement","status":"publish","type":"post","link":"https:\/\/www.europesays.com\/fr\/505854\/","title":{"rendered":"Une septuag\u00e9naire en gr\u00e8ve de la faim pour r\u00e9cup\u00e9rer son logement occup\u00e9 par un locataire qui d\u00e9ment"},"content":{"rendered":"<p>Pour la sixi\u00e8me journ\u00e9e cons\u00e9cutive, Marie-Claude s\u2019est install\u00e9e Place Royale \u00e0 <a href=\"https:\/\/www.20minutes.fr\/nantes\/\" target=\"_blank\" class=\"c-link c-link--is-underlined\" rel=\"noopener\">Nantes<\/a> pancarte en main pour interpeller sur sa situation. Propri\u00e9taire d\u2019une maison de famille au nord de la cit\u00e9 des ducs, elle accuse l\u2019un de ses locataires de ne plus payer son loyer.<\/p>\n<p>Qu\u2019il pleuve ou qu\u2019il vente, la retrait\u00e9e de 73 ans d\u00e9plie chaque apr\u00e8s-midi sa chaise de camping et brandi un message fort qui interpelle les passants\u00a0: \u00ab\u00a0<a href=\"https:\/\/www.20minutes.fr\/dossier\/greve-faim\" target=\"_blank\" class=\"c-link c-link--is-underlined\" rel=\"noopener\">Gr\u00e8ve de la faim<\/a>. Je n\u2019ai plus acc\u00e8s \u00e0 ma maison\u00a0\u00bb. Victime de plusieurs squatteurs par le pass\u00e9, la septuag\u00e9naire raconte avoir accept\u00e9 en f\u00e9vrier dernier un \u00e9ni\u00e8me locataire \u00e0 qui elle a fait signer un bail d\u2019un an pour une chambre. \u00ab\u00a0C\u2019est une association de quartier qui m\u2019a parl\u00e9 de ce profil qui arrivait sur Nantes pour du travail, se rem\u00e9more-t-elle, on m\u2019a dit que \u00e7a m\u2019\u00e9viterait de nouveaux <a href=\"https:\/\/www.20minutes.fr\/economie\/4165840-20250731-loyers-impayes-saisie-salaires-simplifiee-ca-change\" target=\"_blank\" class=\"c-link c-link--is-underlined\" rel=\"noopener\">impay\u00e9s<\/a>.\u00a0\u00bb.<\/p>\n<p>\u00ab\u00a0On a tout essay\u00e9\u00a0\u00bb<\/p>\n<p>R\u00e9gulier dans ses paiements en d\u00e9but de bail, ce locataire d\u2019une cinquantaine d\u2019ann\u00e9es aurait fini \u00ab\u00a0par s\u2019octroyer toute la maison\u00a0\u00bb et n\u2019aurait \u00ab\u00a0pay\u00e9 qu\u2019un <a href=\"https:\/\/www.20minutes.fr\/economie\/4169676-20251023-salaires-amputes-impayes-oublis-france-travail-algorithmes-fautifs-font-loi-detriment-chomeurs\" target=\"_blank\" class=\"c-link c-link--is-underlined\" rel=\"noopener\">demi-loyer<\/a> depuis avril\u00a0\u00bb, certifie la Nantaise. \u00ab\u00a0On a tout essay\u00e9\u00a0\u00bb, d\u00e9plore Marie-Claude qui dit avoir fait appel \u00e0 des m\u00e9diateurs et interpell\u00e9 les \u00e9lus.<\/p>\n<p>P\u00e9tition \u00e0 la main, la retrait\u00e9e mart\u00e8le sa version des faits. \u00ab\u00a0Il m\u2019a interdit l\u2019acc\u00e8s (au logement) en laissant ses cl\u00e9s dans la serrure, fustige-t-elle. Sous les conseils d\u2019un avocat, elle finit par les changer mais le locataire les aurait silicon\u00e9es pour que Marie-Claude ne puisse plus entrer dans la maison.<\/p>\n<p>Violation de domicile<\/p>\n<p>C\u2019est un tout autre r\u00e9cit que d\u00e9peint le locataire interrog\u00e9 par nos confr\u00e8res de <a href=\"https:\/\/france3-regions.franceinfo.fr\/pays-de-la-loire\/loire-atlantique\/nantes\/pour-la-justice-la-greve-de-la-faim-d-une-septuagenaire-en-conflit-avec-son-locataire-3239488.html\" target=\"_blank\" class=\"c-link c-link--is-underlined\" rel=\"noopener\">France 3<\/a> qui affirme ne rien avoir \u00e0 se reprocher. Ce dernier stipule avoir d\u00e9pos\u00e9 une plainte pour diffamation, une autre \u00ab\u00a0pour violation de domicile\u00a0\u00bb, ainsi qu\u2019une \u00ab\u00a0plainte qui date du mois de juillet parce que madame s\u2019est pr\u00e9sent\u00e9e \u00e0 mon domicile pendant que je n\u2019\u00e9tais pas l\u00e0 et a forc\u00e9 la porte de la v\u00e9randa pour pouvoir voler mes cl\u00e9s\u00a0\u00bb.<\/p>\n<\/p>\n<p>Sans cl\u00e9 depuis, l\u2019homme raconte acc\u00e9der \u00e0 sa chambre en passant par la porte-fen\u00eatre de la cuisine. \u00ab\u00a0Je ne lui ai jamais interdit de venir\u00a0\u00bb, confie le locataire au m\u00e9dia r\u00e9gional, \u00ab\u00a0c\u2019est que voil\u00e0, madame, elle vient quand je ne suis pas l\u00e0. Mais en plus, quand elle vient, elle rentre, mais sans frapper, sans sonner.\u00a0\u00bb<\/p>\n<p>De son c\u00f4t\u00e9, Marie-Claude assure ne jamais \u00eatre entr\u00e9e dans la chambre de son locataire depuis le d\u00e9but du bail\u00a0: \u00ab\u00a0je n\u2019ai rien \u00e0 y faire\u00a0\u00bb, termine le septuag\u00e9naire qui confirme <a href=\"https:\/\/www.20minutes.fr\/societe\/4176133-20250930-plaque-fait-trop-bruit-passage-voitures-met-greve-faim-87-ans\" target=\"_blank\" class=\"c-link c-link--is-underlined\" rel=\"noopener\">ne pas s\u2019alimenter<\/a> depuis vendredi.<\/p>\n","protected":false},"excerpt":{"rendered":"Pour la sixi\u00e8me journ\u00e9e cons\u00e9cutive, Marie-Claude s\u2019est install\u00e9e Place Royale \u00e0 Nantes pancarte en main pour interpeller sur&hellip;\n","protected":false},"author":2,"featured_media":505855,"comment_status":"","ping_status":"","sticky":false,"template":"","format":"standard","meta":{"footnotes":""},"categories":[2818],"tags":[1111,11,43972,1777,674,1011,27,5937,10284,1908,3047,766,12,2636,1306,25],"class_list":{"0":"post-505854","1":"post","2":"type-post","3":"status-publish","4":"format-standard","5":"has-post-thumbnail","7":"category-nantes","8":"tag-actu","9":"tag-actualites","10":"tag-droit-au-logement","11":"tag-eu","12":"tag-europe","13":"tag-fr","14":"tag-france","15":"tag-greve-de-la-faim","16":"tag-location","17":"tag-logement","18":"tag-loire-atlantique","19":"tag-nantes","20":"tag-news","21":"tag-pays-de-la-loire","22":"tag-regions","23":"tag-republique-francaise"},"share_on_mastodon":{"url":"https:\/\/pubeurope.com\/@fr\/115477787584951441","error":""},"_links":{"self":[{"href":"https:\/\/www.europesays.com\/fr\/wp-json\/wp\/v2\/posts\/505854","targetHints":{"allow":["GET"]}}],"collection":[{"href":"https:\/\/www.europesays.com\/fr\/wp-json\/wp\/v2\/posts"}],"about":[{"href":"https:\/\/www.europesays.com\/fr\/wp-json\/wp\/v2\/types\/post"}],"author":[{"embeddable":true,"href":"https:\/\/www.europesays.com\/fr\/wp-json\/wp\/v2\/users\/2"}],"replies":[{"embeddable":true,"href":"https:\/\/www.europesays.com\/fr\/wp-json\/wp\/v2\/comments?post=505854"}],"version-history":[{"count":0,"href":"https:\/\/www.europesays.com\/fr\/wp-json\/wp\/v2\/posts\/505854\/revisions"}],"wp:featuredmedia":[{"embeddable":true,"href":"https:\/\/www.europesays.com\/fr\/wp-json\/wp\/v2\/media\/505855"}],"wp:attachment":[{"href":"https:\/\/www.europesays.com\/fr\/wp-json\/wp\/v2\/media?parent=505854"}],"wp:term":[{"taxonomy":"category","embeddable":true,"href":"https:\/\/www.europesays.com\/fr\/wp-json\/wp\/v2\/categories?post=505854"},{"taxonomy":"post_tag","embeddable":true,"href":"https:\/\/www.europesays.com\/fr\/wp-json\/wp\/v2\/tags?post=505854"}],"curies":[{"name":"wp","href":"https:\/\/api.w.org\/{rel}","templated":true}]}}