{"id":505866,"date":"2025-11-02T02:45:19","date_gmt":"2025-11-02T02:45:19","guid":{"rendered":"https:\/\/www.europesays.com\/fr\/505866\/"},"modified":"2025-11-02T02:45:19","modified_gmt":"2025-11-02T02:45:19","slug":"le-30-octobre-1996-grand-littoral-le-plus-grand-centre-commercial-de-france-ouvrait-ses-portes","status":"publish","type":"post","link":"https:\/\/www.europesays.com\/fr\/505866\/","title":{"rendered":"Le 30 octobre 1996, Grand Littoral, le plus grand centre commercial de France, ouvrait ses portes"},"content":{"rendered":"<p>Avenue de Saint-Antoine. Des milliers de Marseillais se ruent devant les portes vitr\u00e9es du nouvel \u00e9quipement. Cartes bancaires en main, les habitants s\u2019appr\u00eatent \u00e0 d\u00e9penser dans le plus grand centre commercial de France\u00a0: le <a href=\"https:\/\/www.laprovence.com\/article\/region\/32893428551922\/changement-de-direction-au-carrefour-grand-littoral-a-marseille-les-salaries-refusent-detre-brades\" target=\"_blank\" rel=\"noopener\">Grand Littoral<\/a>.<\/p>\n<p>Ce 30\u00a0octobre\u00a01996, ce nouvel espace de 130\u00a0000 m2 ouvre ses portes pour le plus grand bonheur des habitants. \u00ab\u00a030\u00a0000 Marseillais \u00e0 l\u2019assaut de Grand Littoral\u00a0\u00bb, titrait Le Proven\u00e7al, \u00e0 l\u2019\u00e9poque. Avec des dizaines de magasins et commerces, \u00ab\u00a0notre objectif premier est de prendre des parts de march\u00e9 significatives\u00a0\u00bb, rappelait Marc Daeffler, directeur adjoint de <a href=\"https:\/\/www.laprovence.com\/article\/economie\/1246981157614615\/marseille-apres-la-rumeur-pourquoi-le-primark-grand-littoral-ne-fermera-pas-ses-portes\" target=\"_blank\" rel=\"noopener\">Grand Littoral<\/a>.<\/p>\n<p>Faire son shopping et se restaurer<\/p>\n<p>Fromagerie, r\u00f4tisserie, poissonnerie, boulangerie-p\u00e2tisserie, Salad\u2019bar. \u00ab\u00a0Ici, on peut acheter un homard ou bien des coquillages que le poissonnier vous fera cuire gratuitement si vous le demandez\u00a0\u00bb, pr\u00e9cise le journaliste du Proven\u00e7al. Situ\u00e9 dans le 16e arrondissement, au nord de l\u2019agglom\u00e9ration marseillaise entre <a href=\"https:\/\/www.laprovence.com\/article\/economie\/2003505145692615\/nouveau-logo-nouvelle-couleur-nouvelle-identite-l-aeroport-marseille-provence-change-de-visage-et-de-cap\" target=\"_blank\" rel=\"noopener\">l\u2019a\u00e9roport de Marignane<\/a> et le centre de Marseille, Grand Littoral est, aujourd\u2019hui, le plus grand centre commercial du sud de la France.<\/p>\n","protected":false},"excerpt":{"rendered":"Avenue de Saint-Antoine. Des milliers de Marseillais se ruent devant les portes vitr\u00e9es du nouvel \u00e9quipement. Cartes bancaires&hellip;\n","protected":false},"author":2,"featured_media":505867,"comment_status":"","ping_status":"","sticky":false,"template":"","format":"standard","meta":{"footnotes":""},"categories":[2814],"tags":[62728,17,1111,11,3335,1777,674,1011,27,2515,3135,884,12,7518,378,882,16,25],"class_list":{"0":"post-505866","1":"post","2":"type-post","3":"status-publish","4":"format-standard","5":"has-post-thumbnail","7":"category-marseille","8":"tag-62728","9":"tag-17","10":"tag-actu","11":"tag-actualites","12":"tag-centre","13":"tag-eu","14":"tag-europe","15":"tag-fr","16":"tag-france","17":"tag-grand","18":"tag-littoral","19":"tag-marseille","20":"tag-news","21":"tag-octobre","22":"tag-plus","23":"tag-provence-alpes-cote-dazur","24":"tag-region","25":"tag-republique-francaise"},"share_on_mastodon":{"url":"https:\/\/pubeurope.com\/@fr\/115477815253512141","error":""},"_links":{"self":[{"href":"https:\/\/www.europesays.com\/fr\/wp-json\/wp\/v2\/posts\/505866","targetHints":{"allow":["GET"]}}],"collection":[{"href":"https:\/\/www.europesays.com\/fr\/wp-json\/wp\/v2\/posts"}],"about":[{"href":"https:\/\/www.europesays.com\/fr\/wp-json\/wp\/v2\/types\/post"}],"author":[{"embeddable":true,"href":"https:\/\/www.europesays.com\/fr\/wp-json\/wp\/v2\/users\/2"}],"replies":[{"embeddable":true,"href":"https:\/\/www.europesays.com\/fr\/wp-json\/wp\/v2\/comments?post=505866"}],"version-history":[{"count":0,"href":"https:\/\/www.europesays.com\/fr\/wp-json\/wp\/v2\/posts\/505866\/revisions"}],"wp:featuredmedia":[{"embeddable":true,"href":"https:\/\/www.europesays.com\/fr\/wp-json\/wp\/v2\/media\/505867"}],"wp:attachment":[{"href":"https:\/\/www.europesays.com\/fr\/wp-json\/wp\/v2\/media?parent=505866"}],"wp:term":[{"taxonomy":"category","embeddable":true,"href":"https:\/\/www.europesays.com\/fr\/wp-json\/wp\/v2\/categories?post=505866"},{"taxonomy":"post_tag","embeddable":true,"href":"https:\/\/www.europesays.com\/fr\/wp-json\/wp\/v2\/tags?post=505866"}],"curies":[{"name":"wp","href":"https:\/\/api.w.org\/{rel}","templated":true}]}}