{"id":50588,"date":"2025-04-25T01:39:03","date_gmt":"2025-04-25T01:39:03","guid":{"rendered":"https:\/\/www.europesays.com\/fr\/50588\/"},"modified":"2025-04-25T01:39:03","modified_gmt":"2025-04-25T01:39:03","slug":"on-occulte-victor-hugo-au-profit-daya-nakamura-nelson-monfort-dezingue-la-chanteuse-apres-les-jo","status":"publish","type":"post","link":"https:\/\/www.europesays.com\/fr\/50588\/","title":{"rendered":"\u00ab\u00a0On occulte Victor Hugo au profit d\u2019Aya Nakamura\u00a0\u00bb : Nelson Monfort d\u00e9zingue la chanteuse apr\u00e8s les JO"},"content":{"rendered":"<p>      R\u00e9sum\u00e9<\/p>\n<p>Au cours d&rsquo;une table ronde, Nelson Monfort et Laurent Gerra ont critiqu\u00e9 la c\u00e9r\u00e9monie d&rsquo;ouverture des Jeux Olympiques de Paris 2024, et notamment le fait qu&rsquo;Aya Nakamura ait \u00e9t\u00e9 pr\u00e9f\u00e9r\u00e9e \u00e0 d&rsquo;autres grands noms fran\u00e7ais<\/p>\n<p>        Sommaire<\/p>\n<p>Une pr\u00e9sence qui a vivement fait r\u00e9agir avant le d\u00e9but de la c\u00e9r\u00e9monie d\u2019ouverture des Jeux Olympiques de Paris 2024, et qui fait vivement encore parler. Le samedi 5 avril 2025, <a href=\"https:\/\/www.public.fr\/nelson-monfort-et-benjamin-castaldi-soupconnent-chris-marques-du-pire-tu-as-ete-saque\" target=\"_blank\" rel=\"noopener\">Nelson Monfort<\/a>, <a href=\"https:\/\/www.public.fr\/laurent-gerra-devoile-celestine-sa-fille-de-4-ans\" target=\"_blank\" rel=\"noopener\">Laurent Gerra<\/a>, et l\u2019\u00e9crivain Yann Queff\u00e9lec, ont en effet \u00e9voqu\u00e9 la pr\u00e9sence d\u2019<a href=\"https:\/\/www.public.fr\/tag\/aya-nakamura\" target=\"_blank\" rel=\"noopener\">Aya Nakamura<\/a> \u00e0 l\u2019\u00e9v\u00e9nement du 26 juillet dernier.<\/p>\n<p>Le trio participait \u00e0 une table ronde dans le th\u00e9\u00e2tre du D\u00f4me dans le cadre du salon Livre et vin, \u00e0 Saumur (Maine-et-Loire), comme l\u2019indiquent nos confr\u00e8res du Courrier de l\u2019Ouest. Alors que le trio, dirig\u00e9 par Nelson Monfort, a \u00e9voqu\u00e9 de nombreux sujets, notamment la censure dans leur progression, il a \u00e9galement souhait\u00e9 se pencher sur le sujet des Jeux Olympiques.<\/p>\n<p>Laurent Gerra atomise Jul<\/p>\n<p>Plus particuli\u00e8rement, la c\u00e9r\u00e9monie d\u2019ouverture des Jeux Olympiques de Paris 2024, ainsi que l\u2019arriv\u00e9e de la flamme olympique sur le sol fran\u00e7ais. Pour rappel, la flamme faisait son arriv\u00e9e \u00e0 Marseille le 8 mai 2024. \u00c0 bord du B\u00e9lem, Florent Manaudou portait la torche, avant de la passer au rappeur Jul, enflammant le chaudron situ\u00e9 sur le Vieux-Port.<\/p>\n<p>Visiblement, le choix du rappeur pour enflammer le chaudron n\u2019a pas \u00e9t\u00e9 appr\u00e9ci\u00e9 par Nelson Monfort et les autres participants de la table ronde. Ou plut\u00f4t, Laurent Gerra aurait pr\u00e9f\u00e9r\u00e9 qu\u2019une autre personnalit\u00e9 se fasse choisir. Il a en effet regrett\u00e9 qu\u2019on fasse porter la flamme olympique \u00e0 l\u2019artiste le plus \u00e9cout\u00e9 par les jeunes en France,\u00a0qu&rsquo;il a qualifi\u00e9 de<strong>\u00a0\u00ab\u00a0rappeur \u00e0 casquette sans talent\u00a0\u00bb.<\/strong><\/p>\n<p>L\u2019humoriste et imitateur, qui officie notamment sur RTL, ne s\u2019est pas arr\u00eat\u00e9 l\u00e0 et a \u00e9galement d\u00e9nonc\u00e9 une c\u00e9r\u00e9monie\u00a0\u00ab\u00a0effrayante, b\u00eate et pleine de clich\u00e9s\u00a0\u00bb comme le soulignent nos confr\u00e8res.<\/p>\n<p>Nelson Monfort en rajoute une couche, sur Aya Nakamura<\/p>\n<p>Du c\u00f4t\u00e9 de <a href=\"https:\/\/vsd.fr\/tag\/nelson-monfort\/\" target=\"_blank\" rel=\"noopener\">Nelson Monfort<\/a>, celui-ci a \u00e9galement d\u00e9plor\u00e9 le fait qu\u2019on mette en avant Aya Nakamura plut\u00f4t que certains \u00e9crivains et figures embl\u00e9matiques de la France.<strong> \u00ab\u00a0Je regrette qu\u2019on occulte Victor Hugo, de Gaulle ou Bonaparte au profit d\u2019Aya Nakamura\u00a0\u00bb<\/strong>.<\/p>\n<p>Yann Queff\u00e9lec, de son c\u00f4t\u00e9, a souhait\u00e9 saluer le courage de Laurent Gerra pour ses spectacles. \u00ab\u00a0Je trouve Laurent tellement courageux quand je vois ses spectacles\u00a0\u00bb, a confi\u00e9 l\u2019\u00e9crivain qui a \u00e9voqu\u00e9\u00a0\u00ab\u00a0la censure, voire parfois l\u2019autocensure\u00a0\u00bb\u00a0que conna\u00eetrait le monde litt\u00e9raire.\u00a0<\/p>\n<p>\u00ab\u00a0\u00c7a ne date pas d\u2019aujourd\u2019hui. De grands \u00e9crivains comme Baudelaire ou Flaubert \u00e9taient d\u00e9j\u00e0 combattus \u00e0 leur \u00e9poque. Mais aujourd\u2019hui, on n\u2019h\u00e9site plus \u00e0 attaquer des auteurs pour de simples mots\u00a0\u00bb, a-t-il \u00e9galement not\u00e9 comme l\u2019indique le Courrier de l\u2019Ouest.\u00a0<\/p>\n<p>      Mentionn\u00e9s dans cet article<\/p>\n<p>\u00c0 lire aussi<\/p>\n","protected":false},"excerpt":{"rendered":"R\u00e9sum\u00e9 Au cours d&rsquo;une table ronde, Nelson Monfort et Laurent Gerra ont critiqu\u00e9 la c\u00e9r\u00e9monie d&rsquo;ouverture des Jeux&hellip;\n","protected":false},"author":2,"featured_media":50589,"comment_status":"","ping_status":"","sticky":false,"template":"","format":"standard","meta":{"footnotes":""},"categories":[1359],"tags":[11774,14332,58,59,1011,27,3996,1279,6098,14333,973],"class_list":{"0":"post-50588","1":"post","2":"type-post","3":"status-publish","4":"format-standard","5":"has-post-thumbnail","7":"category-people","8":"tag-aya-nakamura","9":"tag-ceremonie-douverture","10":"tag-divertissement","11":"tag-entertainment","12":"tag-fr","13":"tag-france","14":"tag-jeux-olympiques","15":"tag-jul","16":"tag-laurent-gerra","17":"tag-nelson-monfort","18":"tag-people"},"share_on_mastodon":{"url":"https:\/\/pubeurope.com\/@fr\/114396054511774257","error":""},"_links":{"self":[{"href":"https:\/\/www.europesays.com\/fr\/wp-json\/wp\/v2\/posts\/50588","targetHints":{"allow":["GET"]}}],"collection":[{"href":"https:\/\/www.europesays.com\/fr\/wp-json\/wp\/v2\/posts"}],"about":[{"href":"https:\/\/www.europesays.com\/fr\/wp-json\/wp\/v2\/types\/post"}],"author":[{"embeddable":true,"href":"https:\/\/www.europesays.com\/fr\/wp-json\/wp\/v2\/users\/2"}],"replies":[{"embeddable":true,"href":"https:\/\/www.europesays.com\/fr\/wp-json\/wp\/v2\/comments?post=50588"}],"version-history":[{"count":0,"href":"https:\/\/www.europesays.com\/fr\/wp-json\/wp\/v2\/posts\/50588\/revisions"}],"wp:featuredmedia":[{"embeddable":true,"href":"https:\/\/www.europesays.com\/fr\/wp-json\/wp\/v2\/media\/50589"}],"wp:attachment":[{"href":"https:\/\/www.europesays.com\/fr\/wp-json\/wp\/v2\/media?parent=50588"}],"wp:term":[{"taxonomy":"category","embeddable":true,"href":"https:\/\/www.europesays.com\/fr\/wp-json\/wp\/v2\/categories?post=50588"},{"taxonomy":"post_tag","embeddable":true,"href":"https:\/\/www.europesays.com\/fr\/wp-json\/wp\/v2\/tags?post=50588"}],"curies":[{"name":"wp","href":"https:\/\/api.w.org\/{rel}","templated":true}]}}