{"id":505886,"date":"2025-11-02T02:58:12","date_gmt":"2025-11-02T02:58:12","guid":{"rendered":"https:\/\/www.europesays.com\/fr\/505886\/"},"modified":"2025-11-02T02:58:12","modified_gmt":"2025-11-02T02:58:12","slug":"un-accord-sur-le-nucleaire-est-possible-via-des-negociations-indirectes-avec-les-etats-unis","status":"publish","type":"post","link":"https:\/\/www.europesays.com\/fr\/505886\/","title":{"rendered":"un accord sur le nucl\u00e9aire est possible via des n\u00e9gociations indirectes avec les \u00c9tats-Unis"},"content":{"rendered":"<p>&#13;<br \/>\n                        Iran : un accord sur le nucl\u00e9aire est possible via des n\u00e9gociations indirectes avec les \u00c9tats-Unis&#13;\n                    <\/p>\n<p style=\"text-align:\">Seyed Abbas Araghchi, le ministre iranien des Affaires \u00e9trang\u00e8res, a d\u00e9clar\u00e9 que T\u00e9h\u00e9ran n&rsquo;\u00e9tait pas int\u00e9ress\u00e9 par des n\u00e9gociations directes avec Washington, mais qu&rsquo;un accord pouvait n\u00e9anmoins \u00eatre trouv\u00e9 via des pourparlers indirects.<\/p>\n<p><a href=\"https:\/\/lecourrier.vn\/le-president-iranien-appelle-a-une-cooperation-accrue-avec-lirak-dans-tous-les-secteurs\/1293475.html\" title=\"Le pr\u00e9sident iranien appelle \u00e0 une coop\u00e9ration accrue avec l&#039;Irak &lt;i&gt;&quot;dans tous les secteurs&quot;&lt;\/i&gt;\" target=\"_blank\" rel=\"noopener\">&gt;&gt; Le pr\u00e9sident iranien appelle \u00e0 une coop\u00e9ration accrue avec l&rsquo;Irak \u00ab\u00a0dans tous les secteurs\u00a0\u00bb<\/a><\/p>\n<p><a href=\"https:\/\/lecourrier.vn\/liran-assure-rester-attache-a-laccord-de-garanties-avec-laiea\/1294059.html\" title=\"L&#039;Iran assure rester attach\u00e9 \u00e0 l&#039;accord de garanties avec l&#039;AIEA\" target=\"_blank\" rel=\"noopener\">&gt;&gt; L&rsquo;Iran assure rester attach\u00e9 \u00e0 l&rsquo;accord de garanties avec l&rsquo;AIEA<\/a><\/p>\n<p><a href=\"https:\/\/lecourrier.vn\/iran-21-blesses-dans-un-carambolage-de-14-vehicules-dans-le-nord-du-pays\/1294364.html\" title=\"Iran : 21 bless\u00e9s dans un carambolage de 14 v\u00e9hicules dans le Nord du pays\" target=\"_blank\" rel=\"noopener\">&gt;&gt; Iran : 21 bless\u00e9s dans un carambolage de 14 v\u00e9hicules dans le Nord du pays<\/a><\/p>\n<tr>\n<td class=\"pic\"><img decoding=\"async\" class=\"lazyload\" src=\"https:\/\/www.europesays.com\/fr\/wp-content\/uploads\/2025\/11\/081619-ap25278358376361.webp.webp\" alt=\"\"\/><\/td>\n<\/tr>\n<tr>\n<td class=\"caption\">Le ministre iranien des Affaires \u00e9trang\u00e8res, Abbas Araghchi, s\u2019exprime lors d\u2019une r\u00e9union avec des ambassadeurs et des repr\u00e9sentants de pays \u00e9trangers \u00e0 T\u00e9h\u00e9ran, en Iran, le dimanche 5 octobre 2025.\u00a0<\/td>\n<\/tr>\n<tr align=\"right\">\n<td class=\"author\">Photo : AP\/VNA\/CVN<\/td>\n<\/tr>\n<p style=\"text-align:left\">Dans un entretien accord\u00e9 \u00e0 la cha\u00eene qatarienne Al Jazeera diffus\u00e9 samedi, le chef de la diplomatie iranienne a exprim\u00e9 la volont\u00e9 de son pays d&rsquo;engager des discussions pour r\u00e9pondre aux pr\u00e9occupations concernant son programme nucl\u00e9aire.<\/p>\n<p style=\"text-align:left\">   \u00ab\u00a0Nous n&rsquo;avons aucune intention de mener des n\u00e9gociations directes avec Washington, mais nous pouvons parvenir \u00e0 un accord par des n\u00e9gociations indirectes\u00a0\u00bb, a-t-il d\u00e9clar\u00e9.<\/p>\n<p style=\"text-align:left\">R\u00e9affirmant le caract\u00e8re pacifique du programme nucl\u00e9aire iranien, M. Araghchi a d\u00e9clar\u00e9 que l&rsquo;enrichissement d&rsquo;uranium en Iran ne pouvait \u00eatre arr\u00eat\u00e9 et que \u00ab\u00a0ce qui n&rsquo;a pas pu \u00eatre obtenu par la guerre ne peut l&rsquo;\u00eatre par la politique\u00a0\u00bb.<\/p>\n<p style=\"text-align:left\">Il a ajout\u00e9 que le stock national de 400 kg d&rsquo;uranium enrichi \u00e0 60% est toujours enfoui sous les d\u00e9combres des installations nucl\u00e9aires iraniennes bombard\u00e9es et n&rsquo;a pas \u00e9t\u00e9 transf\u00e9r\u00e9 ailleurs.<\/p>\n<p style=\"text-align:left\">   \u00ab\u00a0Nous avons subi des pertes consid\u00e9rables dans nos installations nucl\u00e9aires, tant en termes d&rsquo;infrastructures que d&rsquo;\u00e9quipements, mais notre technologie reste intacte\u00a0\u00bb, a-t-il d\u00e9clar\u00e9, faisant allusion aux bombardements am\u00e9ricains des trois installations nucl\u00e9aires iraniennes de Natanz, Fordo et Ispahan le 22 juin dernier.<\/p>\n<p style=\"text-align:left\">L&rsquo;Iran et les \u00c9tats-Unis avaient eu cinq s\u00e9ries de pourparlers indirects sur le programme nucl\u00e9aire iranien et la lev\u00e9e des sanctions am\u00e9ricaines avant qu&rsquo;Isra\u00ebl ne lance des frappes a\u00e9riennes surprises majeures sur plusieurs zones en Iran en juin. Les forces am\u00e9ricaines se sont ensuite jointes aux bombardements.<\/p>\n<p style=\"text-align:left\">Ces derniers mois, les \u00c9tats-Unis ont exhort\u00e9 \u00e0 plusieurs reprises l&rsquo;Iran \u00e0 cesser l&rsquo;enrichissement d&rsquo;uranium sur son territoire et \u00e0 limiter son programme de missiles. T\u00e9h\u00e9ran a rejet\u00e9 ces demandes, affirmant que ces deux points \u00e9taient non n\u00e9gociables.\u00a0<\/p>\n<p style=\"text-align:right\"><b>Xinhua\/VNA\/CVN<\/b><\/p>\n","protected":false},"excerpt":{"rendered":"&#13; Iran : un accord sur le nucl\u00e9aire est possible via des n\u00e9gociations indirectes avec les \u00c9tats-Unis&#13; Seyed&hellip;\n","protected":false},"author":2,"featured_media":505887,"comment_status":"","ping_status":"","sticky":false,"template":"","format":"standard","meta":{"footnotes":""},"categories":[1589],"tags":[11,73,1866,3019,12,5654,62729,1864,1865,1863,308],"class_list":{"0":"post-505886","1":"post","2":"type-post","3":"status-publish","4":"format-standard","5":"has-post-thumbnail","7":"category-etats-unis","8":"tag-actualites","9":"tag-etats-unis","10":"tag-etats-unis-damerique","11":"tag-iran","12":"tag-news","13":"tag-nucleaire","14":"tag-seyed-abbas-araghchi","15":"tag-united-states","16":"tag-united-states-of-america","17":"tag-us","18":"tag-usa"},"share_on_mastodon":{"url":"https:\/\/pubeurope.com\/@fr\/115477866406413535","error":""},"_links":{"self":[{"href":"https:\/\/www.europesays.com\/fr\/wp-json\/wp\/v2\/posts\/505886","targetHints":{"allow":["GET"]}}],"collection":[{"href":"https:\/\/www.europesays.com\/fr\/wp-json\/wp\/v2\/posts"}],"about":[{"href":"https:\/\/www.europesays.com\/fr\/wp-json\/wp\/v2\/types\/post"}],"author":[{"embeddable":true,"href":"https:\/\/www.europesays.com\/fr\/wp-json\/wp\/v2\/users\/2"}],"replies":[{"embeddable":true,"href":"https:\/\/www.europesays.com\/fr\/wp-json\/wp\/v2\/comments?post=505886"}],"version-history":[{"count":0,"href":"https:\/\/www.europesays.com\/fr\/wp-json\/wp\/v2\/posts\/505886\/revisions"}],"wp:featuredmedia":[{"embeddable":true,"href":"https:\/\/www.europesays.com\/fr\/wp-json\/wp\/v2\/media\/505887"}],"wp:attachment":[{"href":"https:\/\/www.europesays.com\/fr\/wp-json\/wp\/v2\/media?parent=505886"}],"wp:term":[{"taxonomy":"category","embeddable":true,"href":"https:\/\/www.europesays.com\/fr\/wp-json\/wp\/v2\/categories?post=505886"},{"taxonomy":"post_tag","embeddable":true,"href":"https:\/\/www.europesays.com\/fr\/wp-json\/wp\/v2\/tags?post=505886"}],"curies":[{"name":"wp","href":"https:\/\/api.w.org\/{rel}","templated":true}]}}